{"id":14468,"date":"2020-09-08T19:54:30","date_gmt":"2020-09-08T19:54:30","guid":{"rendered":"https:\/\/www.salvatorianas.org.br\/blog\/?p=14468"},"modified":"2020-09-08T19:54:46","modified_gmt":"2020-09-08T19:54:46","slug":"08-de-junho-dia-de-celebrar-a-pascoa-eterna-de-padre-francisco-jordan","status":"publish","type":"post","link":"https:\/\/www.salvatorianas.org.br\/blog\/08-de-junho-dia-de-celebrar-a-pascoa-eterna-de-padre-francisco-jordan\/","title":{"rendered":"08 de setembro: dia de celebrar a p\u00e1scoa eterna de Padre Francisco Jordan"},"content":{"rendered":"\n<p>A Fam\u00edlia Salvatoriana celebra, neste 8 de setembro, o Dia do seu fundador Pe. Francisco Jordan. Nascido em 16 de junho de 1848, em Gurtweil, Alemanha, dedicou sua vida na miss\u00e3o de anunciar Jesus Salvador ao mundo e foi um homem \u00e0 frente do seu tempo.<\/p>\n\n\n\n<p>Faleceu em 08 de setembro de 1918, sendo lembrado em todo o mundo desde ent\u00e3o. Seu legado continua a inspirar a miss\u00e3o dos padres, Irm\u00e3os, Irm\u00e3s, Leigos\/as e Colaboradores salvatorianos na miss\u00e3o de tornar o Salvador conhecido e amado por todos.<\/p>\n\n\n\n<p>Rezamos pedindo a intercess\u00e3o do Servo de Deus Padre Francisco Jordan: Pai de bondade, v\u00f3s nos deixastes o exemplo de Francisco Jordan. Por sua intercess\u00e3o, socorrei-nos em nossas necessidades. Que possamos crescer na busca da perfei\u00e7\u00e3o do amor e na fidelidade a v\u00f3s e \u00e0 nossa voca\u00e7\u00e3o em prol da salva\u00e7\u00e3o de todos. Por nossa Senhor Jesus Cristo, vosso Filho, na unidade do Esp\u00edrito Santo. Am\u00e9m!\u00a0\ud83d\ude4f<\/p>\n\n\n\n<h4 class=\"wp-block-heading\">O CORAL VIRTUAL SALVATORIANO &#8211; HOMENAGEIA PADRE JORDAN<\/h4>\n\n\n\n<p>Para celebrar o Dia de Padre Francisco Jordan, a Fam\u00edlia Salvatoriana do Brasil reuniu mais de 100 vozes para com alegria e gratid\u00e3o prestar homenagem ao fundador, com a m\u00fasica \u201cQue todos possam ver e Cristo Conhecer\u201d. Somos convidados a contemplar a diversidade cultural, unidos por um mesmo carisma, juntos ecoamos o esperan\u00e7ar de um novo amanh\u00e3. <\/p>\n\n\n\n<figure class=\"wp-block-embed-youtube wp-block-embed is-type-video is-provider-youtube wp-embed-aspect-16-9 wp-has-aspect-ratio\"><div class=\"wp-block-embed__wrapper\">\n<iframe loading=\"lazy\" width=\"500\" height=\"281\" src=\"https:\/\/www.youtube.com\/embed\/XVbeTHGI9tE?feature=oembed\" frameborder=\"0\" allow=\"accelerometer; autoplay; encrypted-media; gyroscope; picture-in-picture\" allowfullscreen><\/iframe>\n<\/div><\/figure>\n\n\n\n<p><\/p>\n\n\n\n<p><\/p>\n","protected":false},"excerpt":{"rendered":"<p>A Fam\u00edlia Salvatoriana celebra, neste 8 de setembro, o Dia do seu fundador Pe. Francisco Jordan. Nascido em 16 de junho de 1848, em Gurtweil, Alemanha, dedicou sua vida na miss\u00e3o de anunciar&#8230;<\/p>\n","protected":false},"author":2,"featured_media":14470,"comment_status":"open","ping_status":"open","sticky":false,"template":"","format":"standard","meta":[],"categories":[1],"tags":[],"_links":{"self":[{"href":"https:\/\/www.salvatorianas.org.br\/blog\/wp-json\/wp\/v2\/posts\/14468"}],"collection":[{"href":"https:\/\/www.salvatorianas.org.br\/blog\/wp-json\/wp\/v2\/posts"}],"about":[{"href":"https:\/\/www.salvatorianas.org.br\/blog\/wp-json\/wp\/v2\/types\/post"}],"author":[{"embeddable":true,"href":"https:\/\/www.salvatorianas.org.br\/blog\/wp-json\/wp\/v2\/users\/2"}],"replies":[{"embeddable":true,"href":"https:\/\/www.salvatorianas.org.br\/blog\/wp-json\/wp\/v2\/comments?post=14468"}],"version-history":[{"count":2,"href":"https:\/\/www.salvatorianas.org.br\/blog\/wp-json\/wp\/v2\/posts\/14468\/revisions"}],"predecessor-version":[{"id":14472,"href":"https:\/\/www.salvatorianas.org.br\/blog\/wp-json\/wp\/v2\/posts\/14468\/revisions\/14472"}],"wp:featuredmedia":[{"embeddable":true,"href":"https:\/\/www.salvatorianas.org.br\/blog\/wp-json\/wp\/v2\/media\/14470"}],"wp:attachment":[{"href":"https:\/\/www.salvatorianas.org.br\/blog\/wp-json\/wp\/v2\/media?parent=14468"}],"wp:term":[{"taxonomy":"category","embeddable":true,"href":"https:\/\/www.salvatorianas.org.br\/blog\/wp-json\/wp\/v2\/categories?post=14468"},{"taxonomy":"post_tag","embeddable":true,"href":"https:\/\/www.salvatorianas.org.br\/blog\/wp-json\/wp\/v2\/tags?post=14468"}],"curies":[{"name":"wp","href":"https:\/\/api.w.org\/{rel}","templated":true}]}}