{"id":1446,"date":"2015-12-18T00:00:00","date_gmt":"2015-12-18T00:00:00","guid":{"rendered":"https:\/\/www.salvatorianas.org.br\/blog\/relatorio-sobre-desastre-em-mariana-aponta-apesar-do-desastre-poucas-mudancas-a-vista-entrevista-especial-com-bruno-milanez\/"},"modified":"2015-12-18T00:00:00","modified_gmt":"2015-12-18T00:00:00","slug":"relatorio-sobre-desastre-em-mariana-aponta-apesar-do-desastre-poucas-mudancas-a-vista-entrevista-especial-com-bruno-milanez","status":"publish","type":"post","link":"https:\/\/www.salvatorianas.org.br\/blog\/relatorio-sobre-desastre-em-mariana-aponta-apesar-do-desastre-poucas-mudancas-a-vista-entrevista-especial-com-bruno-milanez\/","title":{"rendered":"Relat\u00f3rio sobre desastre em Mariana aponta: apesar do desastre, poucas mudan\u00e7as \u00e0 vista. Entrevista especial com Bruno Milanez"},"content":{"rendered":"<p style=\"text-align: justify;\">[imagem1]<\/p>\n<p style=\"text-align: justify;\">&ldquo;No contexto brasileiro estamos falando no que dever&aacute; ser o pior desastre socioambiental (em termos de extens&atilde;o territorial) do pa&iacute;s. As perdas para o pa&iacute;s ainda precisam ser estimadas e, com muita dificuldade, se conseguir&aacute; efetivamente mensurar a gravidade do que ocorreu&rdquo;, afirma o pesquisador.<\/p>\n<p style=\"text-align: justify;\">&ldquo;Antes fosse mais leve a carga: avalia&ccedil;&atilde;o dos aspectos econ&ocirc;micos, pol&iacute;ticos e sociais do desastre da Samarco\/Vale\/BHP em Mariana (MG)&rdquo;, esse &eacute; o t&iacute;tulo do relat&oacute;rio lan&ccedil;ado durante a Plen&aacute;ria do Comit&ecirc; em Defesa dos Territ&oacute;rios Frente &agrave; Minera&ccedil;&atilde;o &#8211; CNDTM, em Mariana &#8211; MG, entre os dias 13 e 15 de dezembro.<\/p>\n<p style=\"text-align: justify;\">O documento apresenta uma sistematiza&ccedil;&atilde;o dos dados sobre os diversos aspectos envolvidos no rompimento da barragem do Fund&atilde;o. O relat&oacute;rio, que inicialmente era um projeto menor, foi tomando dimens&otilde;es maiores conforme as pesquisas sobre o desastre se aprofundavam e revelavam a complexidade e extens&atilde;o do problema.<\/p>\n<p style=\"text-align: justify;\">Segundo o pesquisador e um dos coordenadores do trabalho, Bruno Milanez, entre os objetivos do documento est&atilde;o oferecer subs&iacute;dios &agrave;s lutas dos movimentos sociais e organiza&ccedil;&otilde;es n&atilde;o governamentais que debatem a quest&atilde;o mineral e contribuir para mudan&ccedil;as estruturais na pr&aacute;tica da minera&ccedil;&atilde;o no pa&iacute;s. &ldquo;Entendemos ser fundamental que todos os procedimentos relativos &agrave; extra&ccedil;&atilde;o mineral sejam revistos e que crit&eacute;rios mais r&iacute;gidos sejam adotados. A proposta do relat&oacute;rio &eacute; exatamente essa, ele analisa diferentes elementos da Samarco e do rompimento da barragem do Fund&atilde;o para refletir sobre mudan&ccedil;as necess&aacute;rias na forma de se explorar min&eacute;rios no Brasil&rdquo;, ressalta o pesquisador, em entrevista por e-mail &agrave; IHU On-Line.<\/p>\n<p style=\"text-align: justify;\">Confira <strong><a href=\"http:\/\/www.ihu.unisinos.br\/entrevistas\/relatorio-sobre-desastre-em-mariana-aponta-apesar-do-desastre-poucas-mudancas-a-vista-entrevista-especial-com-bruno-milanez\/550215-relatorio-sobre-desastre-em-mariana-aponta-apesar-do-desastre-poucas-mudancas-a-vista-entrevista-especial-com-bruno-milanez\">aqui<\/a><\/strong> a mat&eacute;ria na &iacute;ntegra!<\/p>\n<p style=\"text-align: justify;\">Fonte:&nbsp;www.ihu.unisinos.br<\/p>\n","protected":false},"excerpt":{"rendered":"<p>[imagem1] &ldquo;No contexto brasileiro estamos falando no que dever&aacute; ser o pior desastre socioambiental (em termos de extens&atilde;o territorial) do pa&iacute;s. As perdas para o pa&iacute;s ainda precisam ser estimadas e, com muita&#8230;<\/p>\n","protected":false},"author":1,"featured_media":1537,"comment_status":"open","ping_status":"open","sticky":false,"template":"","format":"standard","meta":[],"categories":[1],"tags":[],"_links":{"self":[{"href":"https:\/\/www.salvatorianas.org.br\/blog\/wp-json\/wp\/v2\/posts\/1446"}],"collection":[{"href":"https:\/\/www.salvatorianas.org.br\/blog\/wp-json\/wp\/v2\/posts"}],"about":[{"href":"https:\/\/www.salvatorianas.org.br\/blog\/wp-json\/wp\/v2\/types\/post"}],"author":[{"embeddable":true,"href":"https:\/\/www.salvatorianas.org.br\/blog\/wp-json\/wp\/v2\/users\/1"}],"replies":[{"embeddable":true,"href":"https:\/\/www.salvatorianas.org.br\/blog\/wp-json\/wp\/v2\/comments?post=1446"}],"version-history":[{"count":0,"href":"https:\/\/www.salvatorianas.org.br\/blog\/wp-json\/wp\/v2\/posts\/1446\/revisions"}],"wp:featuredmedia":[{"embeddable":true,"href":"https:\/\/www.salvatorianas.org.br\/blog\/wp-json\/wp\/v2\/media\/1537"}],"wp:attachment":[{"href":"https:\/\/www.salvatorianas.org.br\/blog\/wp-json\/wp\/v2\/media?parent=1446"}],"wp:term":[{"taxonomy":"category","embeddable":true,"href":"https:\/\/www.salvatorianas.org.br\/blog\/wp-json\/wp\/v2\/categories?post=1446"},{"taxonomy":"post_tag","embeddable":true,"href":"https:\/\/www.salvatorianas.org.br\/blog\/wp-json\/wp\/v2\/tags?post=1446"}],"curies":[{"name":"wp","href":"https:\/\/api.w.org\/{rel}","templated":true}]}}