{"id":14455,"date":"2020-09-07T18:14:25","date_gmt":"2020-09-07T18:14:25","guid":{"rendered":"https:\/\/www.salvatorianas.org.br\/blog\/?p=14455"},"modified":"2020-09-07T18:40:49","modified_gmt":"2020-09-07T18:40:49","slug":"26o-grito-dos-excluidos-familia-salvatoriana-unida-pela-vida","status":"publish","type":"post","link":"https:\/\/www.salvatorianas.org.br\/blog\/26o-grito-dos-excluidos-familia-salvatoriana-unida-pela-vida\/","title":{"rendered":"26\u00ba GRITO DOS EXCLU\u00cdDOS &#8211; Fam\u00edlia Salvatoriana unida pela VIDA!"},"content":{"rendered":"\n<p>Neste dia do Grito dos exclu\u00eddos e\nexclu\u00eddas, a Fam\u00edlia Salvatoriana (Padres, irm\u00e3os, irm\u00e3s e leigos) reuniu-se num\nato virtual, \u201ctecendo sonhos de justi\u00e7a e paz na\ngrande teia da solidariedade\u201d com todos e todas que neste dia fazem\necoar os muitos gritos que vem das entranhas da m\u00e3e terra e de tantos povos: <strong>\u201cBasta de Mis\u00e9ria, Preconceito e Repress\u00e3o! Queremos\nTrabalho, Terra, Teto e Participa\u00e7\u00e3o!\u201d <\/strong><\/p>\n\n\n\n<p><strong>\u201cVIDA\nem Primeiro Lugar!\u201d <\/strong>Esse grito ressoa\nem nossas mentes e cora\u00e7\u00f5es e, desde o carisma salvatoriano que tem a VIDA como\nvalor fundamental, fomos profundamente convocados\/as a nos engajar mais\nconcretamente nessa luta. A intensificar o nosso compromisso com a justi\u00e7a, a\npaz e a integridade da cria\u00e7\u00e3o, desenvolvendo projetos e iniciativas\nlibertadoras juntando-nos com outros grupos afins. Precisamos articular e\norganizar nossa esperan\u00e7a, nossa profecia e sair de n\u00f3s mesmos\/as ao encontro\nda vida, onde ela clama.&nbsp; Como nos diz Dom\nJos\u00e9 Valdeci Santos Mendes:<\/p>\n\n\n\n<p><em>\u201cQue o grito dos Exclu\u00eddos e Exclu\u00eddas seja o nosso\ngrito e desperte em n\u00f3s for\u00e7a para lutar em busca do Reino de Deus que come\u00e7a\naqui agora; na luta pelo Bem Viver e da Terra Sem Males. Ecoamos os nossos\ngritos, com o \u201cressoar dos atabaques do povo negro; som do marac\u00e1 de esperan\u00e7a\ne resist\u00eancia dos povos ind\u00edgenas.\u201d<\/em><\/p>\n\n\n\n<p>Agradecemos\no apoio da CRB Nacional, na pessoa da Ir. Maria Luiza da Silva, que se fez\npresente e deixou sua mensagem de esperan\u00e7a e comprometimento. <\/p>\n\n\n\n<p>Como rainha Ester dizemos: \u201cO meu pedido \u00e9 que me conceda a vida, e o meu desejo \u00e9 a vida do meu povo\u201d.<\/p>\n\n\n\n<figure class=\"wp-block-image\"><img decoding=\"async\" loading=\"lazy\" width=\"960\" height=\"960\" src=\"https:\/\/www.salvatorianas.org.br\/blog\/wp-content\/uploads\/2020\/09\/FOTOS-NOME-01.jpg\" alt=\"\" class=\"wp-image-14456\" srcset=\"https:\/\/www.salvatorianas.org.br\/blog\/wp-content\/uploads\/2020\/09\/FOTOS-NOME-01.jpg 960w, https:\/\/www.salvatorianas.org.br\/blog\/wp-content\/uploads\/2020\/09\/FOTOS-NOME-01-150x150.jpg 150w, https:\/\/www.salvatorianas.org.br\/blog\/wp-content\/uploads\/2020\/09\/FOTOS-NOME-01-300x300.jpg 300w, https:\/\/www.salvatorianas.org.br\/blog\/wp-content\/uploads\/2020\/09\/FOTOS-NOME-01-768x768.jpg 768w\" sizes=\"(max-width: 960px) 100vw, 960px\" \/><\/figure>\n\n\n\n<figure class=\"wp-block-image\"><img decoding=\"async\" loading=\"lazy\" width=\"960\" height=\"960\" src=\"https:\/\/www.salvatorianas.org.br\/blog\/wp-content\/uploads\/2020\/09\/FOTOS-NOME-02.jpg\" alt=\"\" class=\"wp-image-14457\" srcset=\"https:\/\/www.salvatorianas.org.br\/blog\/wp-content\/uploads\/2020\/09\/FOTOS-NOME-02.jpg 960w, https:\/\/www.salvatorianas.org.br\/blog\/wp-content\/uploads\/2020\/09\/FOTOS-NOME-02-150x150.jpg 150w, https:\/\/www.salvatorianas.org.br\/blog\/wp-content\/uploads\/2020\/09\/FOTOS-NOME-02-300x300.jpg 300w, https:\/\/www.salvatorianas.org.br\/blog\/wp-content\/uploads\/2020\/09\/FOTOS-NOME-02-768x768.jpg 768w\" sizes=\"(max-width: 960px) 100vw, 960px\" \/><\/figure>\n\n\n\n<figure class=\"wp-block-image\"><img decoding=\"async\" loading=\"lazy\" width=\"960\" height=\"960\" src=\"https:\/\/www.salvatorianas.org.br\/blog\/wp-content\/uploads\/2020\/09\/FOTOS-NOME-O3.jpg\" alt=\"\" class=\"wp-image-14458\" srcset=\"https:\/\/www.salvatorianas.org.br\/blog\/wp-content\/uploads\/2020\/09\/FOTOS-NOME-O3.jpg 960w, https:\/\/www.salvatorianas.org.br\/blog\/wp-content\/uploads\/2020\/09\/FOTOS-NOME-O3-150x150.jpg 150w, https:\/\/www.salvatorianas.org.br\/blog\/wp-content\/uploads\/2020\/09\/FOTOS-NOME-O3-300x300.jpg 300w, https:\/\/www.salvatorianas.org.br\/blog\/wp-content\/uploads\/2020\/09\/FOTOS-NOME-O3-768x768.jpg 768w\" sizes=\"(max-width: 960px) 100vw, 960px\" \/><\/figure>\n\n\n\n<figure class=\"wp-block-image\"><img decoding=\"async\" loading=\"lazy\" width=\"1024\" height=\"768\" src=\"https:\/\/www.salvatorianas.org.br\/blog\/wp-content\/uploads\/2020\/09\/05-1024x768.jpeg\" alt=\"\" class=\"wp-image-14459\" srcset=\"https:\/\/www.salvatorianas.org.br\/blog\/wp-content\/uploads\/2020\/09\/05-1024x768.jpeg 1024w, https:\/\/www.salvatorianas.org.br\/blog\/wp-content\/uploads\/2020\/09\/05-300x225.jpeg 300w, https:\/\/www.salvatorianas.org.br\/blog\/wp-content\/uploads\/2020\/09\/05-768x576.jpeg 768w, https:\/\/www.salvatorianas.org.br\/blog\/wp-content\/uploads\/2020\/09\/05.jpeg 1040w\" sizes=\"(max-width: 1024px) 100vw, 1024px\" \/><\/figure>\n","protected":false},"excerpt":{"rendered":"<p>Neste dia do Grito dos exclu\u00eddos e exclu\u00eddas, a Fam\u00edlia Salvatoriana (Padres, irm\u00e3os, irm\u00e3s e leigos) reuniu-se num ato virtual, \u201ctecendo sonhos de justi\u00e7a e paz na grande teia da solidariedade\u201d com todos&#8230;<\/p>\n","protected":false},"author":2,"featured_media":14464,"comment_status":"open","ping_status":"open","sticky":false,"template":"","format":"standard","meta":[],"categories":[1],"tags":[],"_links":{"self":[{"href":"https:\/\/www.salvatorianas.org.br\/blog\/wp-json\/wp\/v2\/posts\/14455"}],"collection":[{"href":"https:\/\/www.salvatorianas.org.br\/blog\/wp-json\/wp\/v2\/posts"}],"about":[{"href":"https:\/\/www.salvatorianas.org.br\/blog\/wp-json\/wp\/v2\/types\/post"}],"author":[{"embeddable":true,"href":"https:\/\/www.salvatorianas.org.br\/blog\/wp-json\/wp\/v2\/users\/2"}],"replies":[{"embeddable":true,"href":"https:\/\/www.salvatorianas.org.br\/blog\/wp-json\/wp\/v2\/comments?post=14455"}],"version-history":[{"count":1,"href":"https:\/\/www.salvatorianas.org.br\/blog\/wp-json\/wp\/v2\/posts\/14455\/revisions"}],"predecessor-version":[{"id":14461,"href":"https:\/\/www.salvatorianas.org.br\/blog\/wp-json\/wp\/v2\/posts\/14455\/revisions\/14461"}],"wp:featuredmedia":[{"embeddable":true,"href":"https:\/\/www.salvatorianas.org.br\/blog\/wp-json\/wp\/v2\/media\/14464"}],"wp:attachment":[{"href":"https:\/\/www.salvatorianas.org.br\/blog\/wp-json\/wp\/v2\/media?parent=14455"}],"wp:term":[{"taxonomy":"category","embeddable":true,"href":"https:\/\/www.salvatorianas.org.br\/blog\/wp-json\/wp\/v2\/categories?post=14455"},{"taxonomy":"post_tag","embeddable":true,"href":"https:\/\/www.salvatorianas.org.br\/blog\/wp-json\/wp\/v2\/tags?post=14455"}],"curies":[{"name":"wp","href":"https:\/\/api.w.org\/{rel}","templated":true}]}}