{"id":14451,"date":"2020-09-07T00:12:19","date_gmt":"2020-09-07T00:12:19","guid":{"rendered":"https:\/\/www.salvatorianas.org.br\/blog\/?p=14451"},"modified":"2020-09-07T00:12:20","modified_gmt":"2020-09-07T00:12:20","slug":"encontro-do-gt-juventudes-2","status":"publish","type":"post","link":"https:\/\/www.salvatorianas.org.br\/blog\/encontro-do-gt-juventudes-2\/","title":{"rendered":"Encontro do GT Juventudes"},"content":{"rendered":"\n<p>Na manh\u00e3 de ontem, 05 de setembro, o grupo GT Juventudes, esteve reunido de forma on-line. O encontro teve como principal objetivo partilhar de forma orante a leitura do projeto <strong>\u201cMiss\u00e3o Salvatoriana com as Juventudes\u201d,<\/strong> apresentando destaques, intui\u00e7\u00f5es e percep\u00e7\u00f5es. <\/p>\n\n\n\n<p>A equipe foi acolhida pela Ir. Neuza Cericato, que motivou a\nabrir caminhos novos, caminhos de esperan\u00e7a, um caminho para caminhar COM os\njovens. Na sequ\u00eancia, as Irm\u00e3s Devanira Maria da Silva&nbsp; e Maria Cleonice dos Santos dinamizaram um\nmomento de espiritualidade \u00e0 luz do texto b\u00edblico \u2013 Jo\u00e3o 4, 4-15. &nbsp;<\/p>\n\n\n\n<p>Neste momento orante os participantes do GT Juventudes compartilharam os destaques e intui\u00e7\u00f5es do documento \u201cMiss\u00e3o Salvatoriana com as Juventudes\u201d. Nesta partilha foi poss\u00edvel perceber a sintonia do processo e muitos aspectos comuns dos quais destacamos: <strong>ESCUTAR<\/strong> os jovens; <strong>PROTAGONISMO<\/strong> juvenil; Esp\u00edrito de <strong>ALEGRIA<\/strong> e vivacidade; o sonho de ser <strong>RECONHECIDO<\/strong>; Jovens como <strong>FUTURO <\/strong>da sociedade e <strong>ESPERAN\u00c7A<\/strong>; <strong>ACOLHER <\/strong>os jovens; <strong>CAMINHAR<\/strong> juntos; <strong>CUIDAR<\/strong> da <strong>VIDA<\/strong> das juventudes; a busca de <strong>ESPIRITUALIDADE<\/strong>&#8230;<\/p>\n\n\n\n<p>Logo ap\u00f3s a partilha orante, o jovem Samuel Guerra,\nintegrante do GT Juventudes partilhou com o grupo o trabalho que vem realizando\ncom as juventudes em tempos de pandemia. Destacando &nbsp;a criatividade, as lives permitiram expandir\nseu alcance a outros jovens, outras formas de intera\u00e7\u00e3o, desafiando o pr\u00f3prio\njovem a ser protagonista e criador de conte\u00fado. Relatou que tamb\u00e9m \u00e9 um desafio\nmanter a juventude interessada e engajada, pois o jovem sente falta do encontro\npresencial.<\/p>\n\n\n\n<p>Num segundo memento, os assessores Dulcelene Ceccato e Rodinei Balbinot apresentaram os pontos marcantes do projeto \u201cMiss\u00e3o Salvatoriana com as Juventudes\u201d.\u00a0 Na oportunidade Rodinei destacou a natureza do projeto com as juventudes e n\u00e3o para as juventudes, as surpresas e descobertas feitas no processo; a utiliza\u00e7\u00e3o da metodologia salvatoriana &#8211; a pr\u00e1xis do carisma, tecer projetos com os jovens, por todas as formas e meios&#8230; Ao partilhar com o grupo suas percep\u00e7\u00f5es, Ir. Dulcelene elencou diferentes a\u00e7\u00f5es para serem realizadas com os jovens. <\/p>\n\n\n\n<p>Participou deste encontro M\u00e1rio Jos\u00e9 Pykocz, Coordenador Pedag\u00f3gico Pastoral da Rede Salvatoriana que foi convidado a partilhar os aspectos e destaques a partir de algu\u00e9m que leu o projeto \u201cMiss\u00e3o Salvatoriana com as Juventudes\u201d. Esteve presente no encontro, a Ir. Irm\u00e3 Eny Xavier, Coordenadora Provincial que expressou sua gratid\u00e3o pelo processo realizado at\u00e9 o momento, pela comunh\u00e3o, troca de saberes e o trabalho realizado de forma integrada. <\/p>\n\n\n\n<p>No terceiro momento o grupo foi convidado a socializar propostas\nde poss\u00edveis a\u00e7\u00f5es em per\u00edodo de pandemia com as juventudes. &nbsp;No t\u00e9rmino do encontro, o grupo rezou pedindo\naos fundadores Pe. Jordan e Madre Maria a gra\u00e7a de concretizar todos os nossos\nsonhos com o projeto \u201cMiss\u00e3o Salvatoriana Com as Juventudes\u201d. <\/p>\n\n\n\n<p><strong>\u201cSacode e acorda os que dormem! Incita os sonolentos. Levanta-te confiante&#8230;\u201d<\/strong> (Pe Jordan)<\/p>\n","protected":false},"excerpt":{"rendered":"<p>Na manh\u00e3 de ontem, 05 de setembro, o grupo GT Juventudes, esteve reunido de forma on-line. O encontro teve como principal objetivo partilhar de forma orante a leitura do projeto \u201cMiss\u00e3o Salvatoriana com&#8230;<\/p>\n","protected":false},"author":2,"featured_media":14452,"comment_status":"open","ping_status":"open","sticky":false,"template":"","format":"standard","meta":[],"categories":[1],"tags":[],"_links":{"self":[{"href":"https:\/\/www.salvatorianas.org.br\/blog\/wp-json\/wp\/v2\/posts\/14451"}],"collection":[{"href":"https:\/\/www.salvatorianas.org.br\/blog\/wp-json\/wp\/v2\/posts"}],"about":[{"href":"https:\/\/www.salvatorianas.org.br\/blog\/wp-json\/wp\/v2\/types\/post"}],"author":[{"embeddable":true,"href":"https:\/\/www.salvatorianas.org.br\/blog\/wp-json\/wp\/v2\/users\/2"}],"replies":[{"embeddable":true,"href":"https:\/\/www.salvatorianas.org.br\/blog\/wp-json\/wp\/v2\/comments?post=14451"}],"version-history":[{"count":1,"href":"https:\/\/www.salvatorianas.org.br\/blog\/wp-json\/wp\/v2\/posts\/14451\/revisions"}],"predecessor-version":[{"id":14453,"href":"https:\/\/www.salvatorianas.org.br\/blog\/wp-json\/wp\/v2\/posts\/14451\/revisions\/14453"}],"wp:featuredmedia":[{"embeddable":true,"href":"https:\/\/www.salvatorianas.org.br\/blog\/wp-json\/wp\/v2\/media\/14452"}],"wp:attachment":[{"href":"https:\/\/www.salvatorianas.org.br\/blog\/wp-json\/wp\/v2\/media?parent=14451"}],"wp:term":[{"taxonomy":"category","embeddable":true,"href":"https:\/\/www.salvatorianas.org.br\/blog\/wp-json\/wp\/v2\/categories?post=14451"},{"taxonomy":"post_tag","embeddable":true,"href":"https:\/\/www.salvatorianas.org.br\/blog\/wp-json\/wp\/v2\/tags?post=14451"}],"curies":[{"name":"wp","href":"https:\/\/api.w.org\/{rel}","templated":true}]}}