{"id":14429,"date":"2020-09-04T11:24:14","date_gmt":"2020-09-04T11:24:14","guid":{"rendered":"https:\/\/www.salvatorianas.org.br\/blog\/?p=14429"},"modified":"2020-09-04T11:24:15","modified_gmt":"2020-09-04T11:24:15","slug":"postulantes-participam-de-tres-dias-de-formacao","status":"publish","type":"post","link":"https:\/\/www.salvatorianas.org.br\/blog\/postulantes-participam-de-tres-dias-de-formacao\/","title":{"rendered":"Postulantes participam de tr\u00eas dias de forma\u00e7\u00e3o"},"content":{"rendered":"\n<p>As Postulantes Salvatorianas \u00a0Gl\u00f3ria vasco franque e Salma Ricardo Albino, da Comunidade formativa Jesus Salvador loalizada na Prov\u00edncia de Sofala, cidade da Beira, na Miss\u00e3o Salvatoriana em Mo\u00e7ambique \u2013 \u00c1frica, participaram de tr\u00eas dias de forma\u00e7\u00e3o que teve como tema central: <strong>Diretrizes para leitura, an\u00e1lise e interpreta\u00e7\u00e3o de texto<\/strong><em>. <\/em><\/p>\n\n\n\n<p><em>\u00a0<\/em>O encontro assessorado pelo Padre Davide, sds, teve como objetivo estimular as capacidades intelectuais das Postulantes para a compreens\u00e3o global do texto, trein\u00e1-las para a interpreta\u00e7\u00e3o cr\u00edtica dos textos e auxili\u00e1-las no desenvolvimento do racioc\u00ednio l\u00f3gico. A nossa gratid\u00e3o ao Pe. David pela\u00a0 sua colabora\u00e7\u00e3o com a forma\u00e7\u00e3o continuada das formandas salvatorianas. <\/p>\n\n\n\n<figure class=\"wp-block-image\"><img decoding=\"async\" loading=\"lazy\" width=\"955\" height=\"1024\" src=\"https:\/\/www.salvatorianas.org.br\/blog\/wp-content\/uploads\/2020\/09\/WhatsApp-Image-2020-09-03-at-17.15.22-955x1024.jpeg\" alt=\"\" class=\"wp-image-14430\" srcset=\"https:\/\/www.salvatorianas.org.br\/blog\/wp-content\/uploads\/2020\/09\/WhatsApp-Image-2020-09-03-at-17.15.22-955x1024.jpeg 955w, https:\/\/www.salvatorianas.org.br\/blog\/wp-content\/uploads\/2020\/09\/WhatsApp-Image-2020-09-03-at-17.15.22-280x300.jpeg 280w, https:\/\/www.salvatorianas.org.br\/blog\/wp-content\/uploads\/2020\/09\/WhatsApp-Image-2020-09-03-at-17.15.22-768x824.jpeg 768w, https:\/\/www.salvatorianas.org.br\/blog\/wp-content\/uploads\/2020\/09\/WhatsApp-Image-2020-09-03-at-17.15.22.jpeg 1008w\" sizes=\"(max-width: 955px) 100vw, 955px\" \/><\/figure>\n","protected":false},"excerpt":{"rendered":"<p>As Postulantes Salvatorianas \u00a0Gl\u00f3ria vasco franque e Salma Ricardo Albino, da Comunidade formativa Jesus Salvador loalizada na Prov\u00edncia de Sofala, cidade da Beira, na Miss\u00e3o Salvatoriana em Mo\u00e7ambique \u2013 \u00c1frica, participaram de tr\u00eas&#8230;<\/p>\n","protected":false},"author":2,"featured_media":14431,"comment_status":"open","ping_status":"open","sticky":false,"template":"","format":"standard","meta":[],"categories":[1],"tags":[],"_links":{"self":[{"href":"https:\/\/www.salvatorianas.org.br\/blog\/wp-json\/wp\/v2\/posts\/14429"}],"collection":[{"href":"https:\/\/www.salvatorianas.org.br\/blog\/wp-json\/wp\/v2\/posts"}],"about":[{"href":"https:\/\/www.salvatorianas.org.br\/blog\/wp-json\/wp\/v2\/types\/post"}],"author":[{"embeddable":true,"href":"https:\/\/www.salvatorianas.org.br\/blog\/wp-json\/wp\/v2\/users\/2"}],"replies":[{"embeddable":true,"href":"https:\/\/www.salvatorianas.org.br\/blog\/wp-json\/wp\/v2\/comments?post=14429"}],"version-history":[{"count":1,"href":"https:\/\/www.salvatorianas.org.br\/blog\/wp-json\/wp\/v2\/posts\/14429\/revisions"}],"predecessor-version":[{"id":14432,"href":"https:\/\/www.salvatorianas.org.br\/blog\/wp-json\/wp\/v2\/posts\/14429\/revisions\/14432"}],"wp:featuredmedia":[{"embeddable":true,"href":"https:\/\/www.salvatorianas.org.br\/blog\/wp-json\/wp\/v2\/media\/14431"}],"wp:attachment":[{"href":"https:\/\/www.salvatorianas.org.br\/blog\/wp-json\/wp\/v2\/media?parent=14429"}],"wp:term":[{"taxonomy":"category","embeddable":true,"href":"https:\/\/www.salvatorianas.org.br\/blog\/wp-json\/wp\/v2\/categories?post=14429"},{"taxonomy":"post_tag","embeddable":true,"href":"https:\/\/www.salvatorianas.org.br\/blog\/wp-json\/wp\/v2\/tags?post=14429"}],"curies":[{"name":"wp","href":"https:\/\/api.w.org\/{rel}","templated":true}]}}