{"id":14422,"date":"2020-09-03T11:25:14","date_gmt":"2020-09-03T11:25:14","guid":{"rendered":"https:\/\/www.salvatorianas.org.br\/blog\/?p=14422"},"modified":"2020-09-03T11:34:14","modified_gmt":"2020-09-03T11:34:14","slug":"oracao-jovem-e-saude","status":"publish","type":"post","link":"https:\/\/www.salvatorianas.org.br\/blog\/oracao-jovem-e-saude\/","title":{"rendered":"ORA\u00c7\u00c3O &#8211; JOVEM E SA\u00daDE"},"content":{"rendered":"\n<p><strong>\u201cN\u00e3o obstante as dificuldades, escuta e segue sempre a voz da gra\u00e7a.\u201d&nbsp;<\/strong>(Padre Jordan)<\/p>\n\n\n\n<p> Hoje \u00e9 o dia que a Fam\u00edlia Salvatoriana e comunidades se unem para juntos rezar as diferentes realidades juvenis. Nesta primeira quinta-feira (03) do m\u00eas de setembro, as Comunidades Salvatorianas s\u00e3o convidadas a fazer comunh\u00e3o orante com os jovens  que vivem em situa\u00e7\u00e3o de risco, devido a v\u00e1rios fatores que os levam a ter doen\u00e7as metab\u00f3licas e mentais. <\/p>\n\n\n\n<p>Os jovens\ne adolescentes de hoje, enfrentam as consequ\u00eancias dos maus h\u00e1bitos adotados no\ndia a dia, a incid\u00eancia de doen\u00e7as metab\u00f3licas como obesidade e diabetes\nassociados \u00e0 hipertens\u00e3o, colesterol alto, intoler\u00e2ncia \u00e0 glicose, entre outros\nfatores, cresce, sem controle do Minist\u00e9rio da Sa\u00fade.<\/p>\n\n\n\n<p>Devido\nao estilo de vida dos jovens, adotado ou influ\u00eancias de propagandas deliciosas\nde <em>fest-food<\/em>, doces e refrigerantes, em geral, acompanhados de\nguloseimas, associados a uma refei\u00e7\u00e3o r\u00e1pida para voltar aos estudos, onde\npermanecem sentados, ou voltar a aten\u00e7\u00e3o para as redes sociais. Os jovens e\nadolescentes em sua maioria, deixam de lado frutas, verduras, prote\u00ednas,\ncarboidratos complexos&#8230;etc, permanecendo nas comidas industrializadas e\nr\u00e1pidas. Os h\u00e1bitos alimentares e o sedentarismo dos jovens s\u00e3o&nbsp; motivos de preocupa\u00e7\u00e3o para a organiza\u00e7\u00e3o\nmundial de sa\u00fade.<\/p>\n\n\n\n<p>Outro\ndado importante \u00e9 o quadro da sa\u00fade mental do jovem. Envolvidos em v\u00e1rias\nsitua\u00e7\u00f5es de risco \u00e0 sua sanidade mental, como a viol\u00eancia, abuso de \u00e1lcool, drogas,\nconflitos familiares,&nbsp; desemprego,\nrela\u00e7\u00f5es amorosas e outros fatores, muitos chegam \u00e0 idea\u00e7\u00e3o suicida e outros\ndesenvolvem transtornos mentais de moderado a grave, com fortes amea\u00e7as \u00e0 sua\nintegridade f\u00edsica e mental. A OPAS (Organiza\u00e7\u00e3o Pan-Americana de Sa\u00fade) afirma\nque as condi\u00e7\u00f5es de sa\u00fade mental s\u00e3o respons\u00e1veis por 16% da carga global de\ndoen\u00e7as e les\u00f5es em pessoas com idade entre 10 e 19 anos; metade de todas as\ncondi\u00e7\u00f5es de sa\u00fade mental come\u00e7am aos 14 anos de idade, mas a maioria dos casos\nn\u00e3o \u00e9 detectada e nem tratada. Em todo o mundo, a depress\u00e3o \u00e9 uma das\nprincipais causas de doen\u00e7a e incapacidade entre adolescentes. O suic\u00eddio \u00e9 a\nterceira principal causa de morte entre adolescentes de 15 a 19 anos. As\nconsequ\u00eancias de n\u00e3o abordar as condi\u00e7\u00f5es de sa\u00fade mental dos adolescentes se\nestendem \u00e0 idade adulta, prejudicando a sa\u00fade f\u00edsica e mental e limitando\nfuturas oportunidades. .<\/p>\n\n\n\n<p>A\nadolesc\u00eancia (10 a 19 anos) \u00e9 um momento \u00fanico, que molda as pessoas para a\nvida adulta. Enquanto a maioria dos adolescentes tem uma boa sa\u00fade mental,\nm\u00faltiplas mudan\u00e7as f\u00edsicas, emocionais e sociais, incluindo a exposi\u00e7\u00e3o \u00e0\npobreza, abuso ou viol\u00eancia, podem tornar os adolescentes vulner\u00e1veis a\ncondi\u00e7\u00f5es que prejudicam sua sa\u00fade mental. Promover o bem-estar psicol\u00f3gico e\nproteg\u00ea-los de experi\u00eancias adversas e fatores de risco que possam afetar seu\npotencial de prosperar, n\u00e3o s\u00e3o apenas fundamentais para seu bem-estar, mas\ntamb\u00e9m para sua sa\u00fade f\u00edsica e mental na vida adulta. (folha informativa\nda sa\u00fade mental do adolescente, atualizada em 2018)<\/p>\n\n\n\n<p>Promover\na sa\u00fade mental e a preven\u00e7\u00e3o de transtornos, s\u00e3o fundamentais para ajudar\nadolescentes e jovens a prosperar.<\/p>\n\n\n\n<p>\u00c9\nnecess\u00e1rio ajudar os jovens a construir uma resili\u00eancia mental desde a inf\u00e2ncia\nat\u00e9 a idade adulta para possibilitar uma mudan\u00e7a nos h\u00e1bitos e favorecer\nescolhas assertivas que promovam a sa\u00fade f\u00edsica e mental do adolescente e do\njovem, tanto a curto, como a m\u00e9dio e longo prazo. Isso \u00e9 bom tanto para os\nadolescentes e jovens como para a sociedade em geral.<\/p>\n\n\n\n<p>Comprometamo-nos\ncom projetos abrangentes baseados em evid\u00eancias para a sa\u00fade f\u00edsica e mental da\njuventude. Esse investimento deve estar vinculado a programas de\nconscientiza\u00e7\u00e3o de adolescentes e jovens sobre formas de cuidar da sa\u00fade mental\ne ajudar colegas, pais, familiares e professores a apoiarem seus amigos, filhos\ne alunos.<\/p>\n\n\n\n<p>&nbsp;Enquanto isso, cada um que estiver em ora\u00e7\u00e3o e sintonia pense que Salto qu\u00e2ntico e evang\u00e9lico, posso dar na minha mudan\u00e7a de h\u00e1bito e ser exemplo e sustenta\u00e7\u00e3o para o adolescente e o jovem que precisam do meu incentivo.<\/p>\n\n\n\n<p><strong>Vamos juntos rezar pelos nossos jovens:&nbsp;<\/strong><\/p>\n\n\n\n<p>\n\nConfira tamb\u00e9m outras ora\u00e7\u00f5es pelas Juventudes \u2013&nbsp;<\/p>\n","protected":false},"excerpt":{"rendered":"<p>\u201cN\u00e3o obstante as dificuldades, escuta e segue sempre a voz da gra\u00e7a.\u201d&nbsp;(Padre Jordan) Hoje \u00e9 o dia que a Fam\u00edlia Salvatoriana e comunidades se unem para juntos rezar as diferentes realidades juvenis. Nesta&#8230;<\/p>\n","protected":false},"author":2,"featured_media":14426,"comment_status":"open","ping_status":"open","sticky":false,"template":"","format":"standard","meta":[],"categories":[1],"tags":[],"_links":{"self":[{"href":"https:\/\/www.salvatorianas.org.br\/blog\/wp-json\/wp\/v2\/posts\/14422"}],"collection":[{"href":"https:\/\/www.salvatorianas.org.br\/blog\/wp-json\/wp\/v2\/posts"}],"about":[{"href":"https:\/\/www.salvatorianas.org.br\/blog\/wp-json\/wp\/v2\/types\/post"}],"author":[{"embeddable":true,"href":"https:\/\/www.salvatorianas.org.br\/blog\/wp-json\/wp\/v2\/users\/2"}],"replies":[{"embeddable":true,"href":"https:\/\/www.salvatorianas.org.br\/blog\/wp-json\/wp\/v2\/comments?post=14422"}],"version-history":[{"count":2,"href":"https:\/\/www.salvatorianas.org.br\/blog\/wp-json\/wp\/v2\/posts\/14422\/revisions"}],"predecessor-version":[{"id":14428,"href":"https:\/\/www.salvatorianas.org.br\/blog\/wp-json\/wp\/v2\/posts\/14422\/revisions\/14428"}],"wp:featuredmedia":[{"embeddable":true,"href":"https:\/\/www.salvatorianas.org.br\/blog\/wp-json\/wp\/v2\/media\/14426"}],"wp:attachment":[{"href":"https:\/\/www.salvatorianas.org.br\/blog\/wp-json\/wp\/v2\/media?parent=14422"}],"wp:term":[{"taxonomy":"category","embeddable":true,"href":"https:\/\/www.salvatorianas.org.br\/blog\/wp-json\/wp\/v2\/categories?post=14422"},{"taxonomy":"post_tag","embeddable":true,"href":"https:\/\/www.salvatorianas.org.br\/blog\/wp-json\/wp\/v2\/tags?post=14422"}],"curies":[{"name":"wp","href":"https:\/\/api.w.org\/{rel}","templated":true}]}}