{"id":14406,"date":"2020-09-01T14:14:46","date_gmt":"2020-09-01T14:14:46","guid":{"rendered":"https:\/\/www.salvatorianas.org.br\/blog\/?p=14406"},"modified":"2020-09-01T14:34:21","modified_gmt":"2020-09-01T14:34:21","slug":"tempo-da-criacao","status":"publish","type":"post","link":"https:\/\/www.salvatorianas.org.br\/blog\/tempo-da-criacao\/","title":{"rendered":"Crist\u00e3os em todo o mundo se unem para celebrar o Tempo da Cria\u00e7\u00e3o 2020"},"content":{"rendered":"\n<p> O Tempo da Cria\u00e7\u00e3o \u00e9 um tempo para renovar a nossa rela\u00e7\u00e3o com o nosso Criador e toda a cria\u00e7\u00e3o atrav\u00e9s da celebra\u00e7\u00e3o, da convers\u00e3o e do compromisso coletivo. Durante o <strong>Tempo da Cria\u00e7\u00e3o<\/strong>, nos unimos \u00e0s nossas irm\u00e3s e irm\u00e3os da fam\u00edlia ecum\u00eanica em ora\u00e7\u00e3o e a\u00e7\u00e3o pela nossa casa comum. <\/p>\n\n\n\n<p><strong>Origem do Tempo da Cria\u00e7\u00e3o: <\/strong>O Patriarca Ecum\u00eanico Dimitrios I proclamou 1 de setembro como um dia de ora\u00e7\u00e3o pela cria\u00e7\u00e3o para os ortodoxos em 1989. O ano lit\u00fargico da Igreja Ortodoxa come\u00e7a nesse dia com a comemora\u00e7\u00e3o de como Deus criou o mundo. O Conselho Mundial de Igrejas (CMI) transformou isto em um tempo, estendendo a celebra\u00e7\u00e3o do dia 1 de setembro a 4 de outubro. Seguindo a lideran\u00e7a do Patriarca Ecum\u00eanico Dimitrios I e do CMI, os crist\u00e3os ao redor do mundo abra\u00e7aram o tempo como parte do seu calend\u00e1rio anual. O Papa Francisco realizou a acolhida oficial deste tempo na Igreja Cat\u00f3lica Romana em 2015.<\/p>\n\n\n\n<p><strong>O Tempo da Cria\u00e7\u00e3o 2020 <\/strong>come\u00e7a em 1\u00ba de setembro, Dia Mundial de Ora\u00e7\u00e3o pela Cria\u00e7\u00e3o, e termina em 04 de outubro, Solenidade de S\u00e3o Francisco de Assis, o santo padroeiro da ecologia.  Durante a celebra\u00e7\u00e3o de um m\u00eas, os 2,2 bilh\u00f5es de crist\u00e3os no mundo se unem pelo cuidado da nossa casa comum. <\/p>\n\n\n\n<p>\u00c0 luz do tema <strong>\u201cJubileu pela Terra: Novos Ritmos, Nova Esperan\u00e7a\u201d<\/strong>, somos chamadas\/os a rezar pela e com a cria\u00e7\u00e3o, viver com simplicidade e nos engajar no cuidado da nossa casa comum. Igualmente, tamb\u00e9m somos convidadas\/os a envolver outras pessoas, em novos ritmos e nova esperan\u00e7a.<\/p>\n\n\n\n<p><strong> <\/strong><\/p>\n\n\n\n<p>Este ano, em meio \u00e0s crises que abalaram o nosso mundo, fomos despertados \u00e0 necessidade urgente de curar as nossas rela\u00e7\u00f5es com a cria\u00e7\u00e3o e uns com os outros.<\/p>\n\n\n\n<p>Durante a celebra\u00e7\u00e3o deste ano, entramos em um tempo de restaura\u00e7\u00e3o e esperan\u00e7a, um jubileu pela nossa Terra que exige maneiras radicalmente novas para viver com a cria\u00e7\u00e3o.<\/p>\n\n\n\n<p>Os crist\u00e3os ao redor do mundo v\u00e3o usar este per\u00edodo para renovar sua rela\u00e7\u00e3o com o nosso Criador e toda a cria\u00e7\u00e3o atrav\u00e9s da celebra\u00e7\u00e3o, da convers\u00e3o e do compromisso.<\/p>\n\n\n\n<p>O Tempo da Cria\u00e7\u00e3o deste ano \u00e9 um tempo para considerar a rela\u00e7\u00e3o integral entre o descanso para a Terra e\u00a0a maneira ecol\u00f3gica, econ\u00f4mica, social e pol\u00edtica de se viver.<\/p>\n\n\n\n<p>Neste ano em particular, a necessidade de sistemas sustent\u00e1veis e justos foi revelada pelos amplos efeitos da pandemia global do&nbsp;COVID-19. Almejamos pela imagina\u00e7\u00e3o moral que acompanha o Jubileu.<\/p>\n\n\n\n<p>Como seguidores de Cristo em todo o mundo, n\u00f3s compartilhamos o papel de guardi\u00f5es da cria\u00e7\u00e3o de Deus. Percebemos que nosso bem-estar est\u00e1 interligado com o bem-estar da cria\u00e7\u00e3o.\u00a0 N\u00f3s nos alegramos com esta oportunidade de cuidar de nossa casa comum e de nossas irm\u00e3s e irm\u00e3os.<\/p>\n\n\n\n<h3 class=\"wp-block-heading\">Papa: a cria\u00e7\u00e3o geme, a pandemia \u00e9 uma encruzilhada<\/h3>\n\n\n\n<p> Na Sagrada Escritura, recorda o Pont\u00edfice, o Jubileu \u00e9 um tempo sagrado para recordar, regressar, repousar, restaurar e rejubilar. <\/p>\n\n\n\n<h4 class=\"wp-block-heading\"><em>Um tempo para recordar<\/em><\/h4>\n\n\n\n<p>Para Francisco, \u00e9 preciso recordar a voca\u00e7\u00e3o primordial da cria\u00e7\u00e3o: ser e prosperar como comunidade de amor. Isso remete a um dos ensinamentos da Laudato Si: tudo est\u00e1 interligado e \u201co cuidado aut\u00eantico da nossa pr\u00f3pria vida e das nossas rela\u00e7\u00f5es com a natureza \u00e9 insepar\u00e1vel da fraternidade, da justi\u00e7a e da fidelidade aos outros\u00bb (<em>LS<\/em>, 70).<\/p>\n\n\n\n<h4 class=\"wp-block-heading\"><em>Um tempo para regressar<\/em><\/h4>\n\n\n\n<p>Todavia, constata o Pont\u00edfice, quebramos os la\u00e7os que nos uniam ao Criador, aos outros seres humanos e ao resto da cria\u00e7\u00e3o.<\/p>\n\n\n\n<p>O Jubileu \u00e9 um tempo de regresso a Deus, \u00e9 tempo de partilha, escreve o Papa, e nos convida a pensar novamente nos outros, especialmente nos pobres e vulner\u00e1veis.<\/p>\n\n\n\n<blockquote class=\"wp-block-quote\"><p>\u201cO Jubileu \u00e9 um tempo para dar liberdade aos oprimidos e a quantos est\u00e3o acorrentados aos grilh\u00f5es das v\u00e1rias formas de escravid\u00e3o moderna, nomeadamente o tr\u00e1fico de pessoas e o trabalho infantil.\u201d<\/p><\/blockquote>\n\n\n\n<p>N\u00e3o somos patr\u00f5es, mas parte da rede interligada da vida. O convite de Francisco \u00e9 ouvir o pulsar da cria\u00e7\u00e3o:<\/p>\n\n\n\n<p>\u201cA desintegra\u00e7\u00e3o da biodiversidade, o aumento vertiginoso de cat\u00e1strofes clim\u00e1ticas, o impacto desproporcionado que tem a pandemia atual sobre os mais pobres e fr\u00e1geis s\u00e3o sinais de alarme perante a avidez desenfreada do consumo.\u201d<\/p>\n\n\n\n<p>A terra \u00e9 lugar de ora\u00e7\u00e3o e medita\u00e7\u00e3o, algo que podemos aprender especialmente dos irm\u00e3os e irm\u00e3s ind\u00edgenas.<\/p>\n\n\n\n<h4 class=\"wp-block-heading\"><em>Um tempo para repousar<\/em><\/h4>\n\n\n\n<p>Deus, na sua sabedoria, reservou o dia de s\u00e1bado para que a terra e os seus habitantes pudessem descansar e restaurar-se. Hoje, por\u00e9m, n\u00e3o oferecemos este descanso ao planeta com ciclo incessante de produ\u00e7\u00e3o.<\/p>\n\n\n\n<p>A pandemia atual nos deu a possibilidade de constatar que a Terra consegue recuperar se a deixarmos descansar: o ar tornou-se mais puro, as \u00e1guas mais transparentes, as esp\u00e9cies animais voltaram para muitos lugares de onde tinham desaparecido.<\/p>\n\n\n\n<p>Portanto, a pandemia nos levou a uma encruzilhada: \u201cDevemos aproveitar este momento decisivo para acabar com atividades e objetivos sup\u00e9rfluos e destrutivos, e cultivar valores, v\u00ednculos e projetos criadores\u201d.<\/p>\n\n\n\n<h4 class=\"wp-block-heading\"><em>Um tempo para restaurar<\/em><\/h4>\n\n\n\n<p>Ao cultivar valores, podemos curar rela\u00e7\u00f5es humanas comprometidas e restabelecer rela\u00e7\u00f5es sociais equitativas. Isso significa n\u00e3o ignorar a hist\u00f3ria de explora\u00e7\u00e3o do Sul do planeta, que provocou um enorme deficit ecol\u00f3gico, devido principalmente \u00e0 depreda\u00e7\u00e3o dos recursos.<\/p>\n\n\n\n<blockquote class=\"wp-block-quote\"><p>\u201c\u00c9 o tempo de uma justi\u00e7a reparadora. A este respeito, renovo o meu apelo para se cancelar a d\u00edvida dos pa\u00edses mais fr\u00e1geis, \u00e0 luz do grave impacto das crises sanit\u00e1rias, sociais e econ\u00f4micas que aqueles t\u00eam de enfrentar na sequ\u00eancia do v\u00edrus Covid-19.\u201d<\/p><\/blockquote>\n\n\n\n<p>De igual modo, prossegue Francisco, \u00e9 preciso restaurar a terra e restabelecer o equil\u00edbrio clim\u00e1tico para manter o aumento da temperatura m\u00e9dia global abaixo do limite de 1,5 graus cent\u00edgrados.<\/p>\n\n\n\n<p>A este ponto da mensagem, o Pont\u00edfice pede respeito aos in\u00fameros esfor\u00e7os da comunidade internacional para se chegar a um consenso, como o Acordo de Paris sobre o Clima, a C\u00fapula do Clima em Glasgow e a da Biodiversidade de Kunming, na China.<\/p>\n\n\n\n<p>De modo especial, o Santo Padre pede a prote\u00e7\u00e3o das comunidades ind\u00edgenas de empresas, particularmente multinacionais, que depredam seu habitat.<\/p>\n\n\n\n<h4 class=\"wp-block-heading\"><em>Um tempo para rejubilar<\/em><\/h4>\n\n\n\n<p>Francisco conclui recordando que Jubileu tamb\u00e9m \u00e9 momento de festa, constitu\u00eddo hoje pela mobiliza\u00e7\u00e3o de periferias em prol da prote\u00e7\u00e3o da casa comum.<\/p>\n\n\n\n<p>\u201c\u00c9 uma alegria ver tantos jovens e comunidades, especialmente ind\u00edgenas, na linha da frente para dar resposta \u00e0 crise ecol\u00f3gica\u201d. \u201ccientes de que \u00abas coisas podem mudar\u201d, escreve o Papa.<\/p>\n\n\n\n<p>Outro motivo de alegria \u00e9 o Ano especial de anivers\u00e1rio da&nbsp;<em>Laudato si&#8217;<\/em>&nbsp;e o fortalecimento da consci\u00eancia ecum\u00eanica para a salvaguarda da cria\u00e7\u00e3o.<\/p>\n\n\n\n<blockquote class=\"wp-block-quote\"><p>\u201cAlegremo-nos porque o Criador, no seu amor, sustenta os nossos humildes esfor\u00e7os em prol da Terra. Esta \u00e9 tamb\u00e9m a casa de Deus, onde a sua Palavra \u00abSe fez carne e veio habitar conosco\u00bb (Jo 1, 14), o lugar que a efus\u00e3o do Esp\u00edrito Santo renova sem cessar.\u201d<\/p><\/blockquote>\n\n\n\n<p>N\u00f3s, Irm\u00e3s Salvatorianas desejamos que este seja um tempo especial para renovar a nossa rela\u00e7\u00e3o com o nosso Criador, com as pessoas, conosco mesmas e toda a cria\u00e7\u00e3o atrav\u00e9s da celebra\u00e7\u00e3o, da convers\u00e3o, da restaura\u00e7\u00e3o da esperan\u00e7a e do compromisso pessoal e coletivo.<\/p>\n\n\n\n<p><\/p>\n\n\n\n<p><strong> <\/strong><\/p>\n","protected":false},"excerpt":{"rendered":"<p>O Tempo da Cria\u00e7\u00e3o \u00e9 um tempo para renovar a nossa rela\u00e7\u00e3o com o nosso Criador e toda a cria\u00e7\u00e3o atrav\u00e9s da celebra\u00e7\u00e3o, da convers\u00e3o e do compromisso coletivo. Durante o Tempo da&#8230;<\/p>\n","protected":false},"author":2,"featured_media":14415,"comment_status":"open","ping_status":"open","sticky":false,"template":"","format":"standard","meta":[],"categories":[1],"tags":[],"_links":{"self":[{"href":"https:\/\/www.salvatorianas.org.br\/blog\/wp-json\/wp\/v2\/posts\/14406"}],"collection":[{"href":"https:\/\/www.salvatorianas.org.br\/blog\/wp-json\/wp\/v2\/posts"}],"about":[{"href":"https:\/\/www.salvatorianas.org.br\/blog\/wp-json\/wp\/v2\/types\/post"}],"author":[{"embeddable":true,"href":"https:\/\/www.salvatorianas.org.br\/blog\/wp-json\/wp\/v2\/users\/2"}],"replies":[{"embeddable":true,"href":"https:\/\/www.salvatorianas.org.br\/blog\/wp-json\/wp\/v2\/comments?post=14406"}],"version-history":[{"count":4,"href":"https:\/\/www.salvatorianas.org.br\/blog\/wp-json\/wp\/v2\/posts\/14406\/revisions"}],"predecessor-version":[{"id":14414,"href":"https:\/\/www.salvatorianas.org.br\/blog\/wp-json\/wp\/v2\/posts\/14406\/revisions\/14414"}],"wp:featuredmedia":[{"embeddable":true,"href":"https:\/\/www.salvatorianas.org.br\/blog\/wp-json\/wp\/v2\/media\/14415"}],"wp:attachment":[{"href":"https:\/\/www.salvatorianas.org.br\/blog\/wp-json\/wp\/v2\/media?parent=14406"}],"wp:term":[{"taxonomy":"category","embeddable":true,"href":"https:\/\/www.salvatorianas.org.br\/blog\/wp-json\/wp\/v2\/categories?post=14406"},{"taxonomy":"post_tag","embeddable":true,"href":"https:\/\/www.salvatorianas.org.br\/blog\/wp-json\/wp\/v2\/tags?post=14406"}],"curies":[{"name":"wp","href":"https:\/\/api.w.org\/{rel}","templated":true}]}}