{"id":14384,"date":"2020-08-30T23:44:51","date_gmt":"2020-08-30T23:44:51","guid":{"rendered":"https:\/\/www.salvatorianas.org.br\/blog\/?p=14384"},"modified":"2020-08-30T23:55:48","modified_gmt":"2020-08-30T23:55:48","slug":"encontro-com-as-vocacionadas-salvatorianas","status":"publish","type":"post","link":"https:\/\/www.salvatorianas.org.br\/blog\/encontro-com-as-vocacionadas-salvatorianas\/","title":{"rendered":"Encontro com as Vocacionadas Salvatorianas"},"content":{"rendered":"\n<p>Alegria, f\u00e9, reflex\u00e3o e gratid\u00e3o marcou o encontro com as\nVocacionadas Salvatorianas das prov\u00edncias Santa Catarina e S\u00e3o Paulo. O evento on-line\nreuniu neste domingo, 30 de agosto, mais de 30 jovens, advindas de cinco estados\n&nbsp;brasileiros (Bahia, Cear\u00e1, Maranh\u00e3o, Distrito\nFederal e S\u00e3o Paulo) e de Mo\u00e7ambique. O encontro contou tamb\u00e9m com a presen\u00e7a\ndas Irm\u00e3s que atuam no Servi\u00e7o de Anima\u00e7\u00e3o Vocacional. &nbsp;Movidas pelo desejo de escutar, discernir e\nviver a voca\u00e7\u00e3o, todas as participantes comtemplaram o brilho da esperan\u00e7a e do\namor que vem do chamado de Jesus Salvador.<\/p>\n\n\n\n<p>No in\u00edcio do encontro todas as participantes foram acolhidas\npela Ir. Lisete Buganti, Coordenadora da Forma\u00e7\u00e3o Hol\u00edsita, que ao acolher a\ntodas disse \u201cque bom t\u00ea-las conosco nesse itiner\u00e1rio de discernimento\nvocacional que cada uma vem fazendo. Na diversidade de culturas, costumes,\nlugares, idades&#8230; Deus diz: Eu vi o sofrimento do meu povo, ouvi seu clamor e\ndesci at\u00e9 seu cora\u00e7\u00e3o, porque preciso de voc\u00ea para ser presen\u00e7a salvadora no\nmeio deles. Jovem este \u00e9 o sentido do seguimento a Jesus Salvador, ser e estar\nno meio do povo\u201d. Ap\u00f3s a acolhida, as vocacionadas participaram de um momento\norante conduzido pelas formandas salvatorianas do Brasil, que convidou a todas\na rezarem a Voca\u00e7\u00e3o de Maria.<\/p>\n\n\n\n<p>Todo o encontro foi iluminado pelo tema e lema do M\u00eas Vocacional 2020 &#8211; <strong>\u201cAmados e chamados por Deus\u201d<\/strong> \u00a0&#8211; <em>\u201c\u00c9s precioso aos meus olhos. Eu te amo\u201d<\/em>\u00a0 (Is 43,1-5). A reflex\u00e3o foi conduzida pela Ir. Sandra Regina Alves de Souza, Coordenadora Provincial que salientou \u201cao descobrir-nos amada,\u00a0 descobrimos que Deus \u00e9 a ess\u00eancia de nossa exist\u00eancia. S\u00f3 o amor de Deus nos completa. Uma vez experimentado esse amor, resta-nos ser disc\u00edpulos de Jesus, servi-lo. S\u00f3 nos entregamos de verdade a quem amamos. \u00c9 pr\u00f3prio do amor, amar. Quando nos descobrimos amadas, nosso desejo \u00e9 amar.\u201d<\/p>\n\n\n\n<p>Ao falar da principal tarefa de uma vocacionada salvatoriana\nafirmou que \u00e9 deixar-se amar por Jesus, para assim amar as pessoas e\nprincipalmente os mais pobres e exclu\u00eddos, pois a nossa miss\u00e3o \u00e9 amar. Sendo\nassim, Ir. Sandra relatou que \u201c\u00e9 fundamental assumir o amor como parte\nintegrante da nossa f\u00e9, assumindo a\u00e7\u00f5es que geram experi\u00eancias de solidariedade\ne do cuidado da VIDA. Ou seja, \u00e9 nesta perspectiva que o \u2018Deus que \u00e9 miss\u00e3o\u2019,\nn\u00e3o cessa de nos chamar para estar com Ele em miss\u00e3o (Mc 3,14). Isso deveria\ncarimbar a identidade e o estilo das nossas voca\u00e7\u00f5es\u201d.<\/p>\n\n\n\n<p>Entre questionamentos e provoca\u00e7\u00f5es, Ir. Sandra relata que\npara realizar a pr\u00f3pria voca\u00e7\u00e3o, \u201c\u00e9 necess\u00e1rio desenvolver-se, fazer germinar e\ncrescer tudo aquilo que somos. N\u00e3o se trata de inventar-se, criar-se a si mesmo\ndo nada, mas descobrir-se a si mesmo \u00e0 luz de Deus e fazer florescer o pr\u00f3prio\nser\u201d. &nbsp;Por fim, convidou as jovens &nbsp;a escutar com o cora\u00e7\u00e3o a voz de Deus que diz:\n\u201c\u00c9s preciosa aos meus olhos. Eu te amo\u201d.&nbsp;\n<\/p>\n\n\n\n<p>Inspiradas pela frase do nosso Fundador Pe. Francisco Jordan\nfrase de Jordan \u201cVoc\u00eas foram chamados para irradiar luz sobre o mundo, para\nbrilhar\u201d \u2013 cada Irm\u00e3 com a luz em suas m\u00e3os pode dizer para as jovens\nvocacionadas uma palavra iluminadora e de esperan\u00e7a para que possam continuar\nfirmes neste processo de escuta e discernimento do chamado vocacional. N\u00e3o\ndeixe ningu\u00e9m apagar a sua luz! &nbsp;&nbsp;<\/p>\n\n\n\n<p>O encontro culminou com um momento de ora\u00e7\u00e3o conduzido pelas\nIrm\u00e3s e Formandas de Mo\u00e7ambique. Os momentos de partilhas, reflex\u00f5es e ora\u00e7\u00f5es\nfortaleceram e animaram as vocacionadas salvatorianas a continuarem trilhando o\ncaminho do seguimento de Jesus Salvador, na vida e miss\u00e3o salvatoriana.<\/p>\n\n\n\n<h4 class=\"wp-block-heading\"><strong>O Salvador te chama, seja salvatoriana!<\/strong><\/h4>\n\n\n\n<figure class=\"wp-block-image\"><img decoding=\"async\" loading=\"lazy\" width=\"1024\" height=\"419\" src=\"https:\/\/www.salvatorianas.org.br\/blog\/wp-content\/uploads\/2020\/08\/001-1024x419.jpg\" alt=\"\" class=\"wp-image-14388\" srcset=\"https:\/\/www.salvatorianas.org.br\/blog\/wp-content\/uploads\/2020\/08\/001-1024x419.jpg 1024w, https:\/\/www.salvatorianas.org.br\/blog\/wp-content\/uploads\/2020\/08\/001-300x123.jpg 300w, https:\/\/www.salvatorianas.org.br\/blog\/wp-content\/uploads\/2020\/08\/001-768x314.jpg 768w, https:\/\/www.salvatorianas.org.br\/blog\/wp-content\/uploads\/2020\/08\/001.jpg 1920w\" sizes=\"(max-width: 1024px) 100vw, 1024px\" \/><\/figure>\n\n\n\n<figure class=\"wp-block-image\"><img decoding=\"async\" loading=\"lazy\" width=\"1024\" height=\"419\" src=\"https:\/\/www.salvatorianas.org.br\/blog\/wp-content\/uploads\/2020\/08\/01-1-1024x419.jpg\" alt=\"\" class=\"wp-image-14389\" srcset=\"https:\/\/www.salvatorianas.org.br\/blog\/wp-content\/uploads\/2020\/08\/01-1-1024x419.jpg 1024w, https:\/\/www.salvatorianas.org.br\/blog\/wp-content\/uploads\/2020\/08\/01-1-300x123.jpg 300w, https:\/\/www.salvatorianas.org.br\/blog\/wp-content\/uploads\/2020\/08\/01-1-768x314.jpg 768w, https:\/\/www.salvatorianas.org.br\/blog\/wp-content\/uploads\/2020\/08\/01-1.jpg 1920w\" sizes=\"(max-width: 1024px) 100vw, 1024px\" \/><\/figure>\n\n\n\n<figure class=\"wp-block-image\"><img decoding=\"async\" loading=\"lazy\" width=\"1024\" height=\"419\" src=\"https:\/\/www.salvatorianas.org.br\/blog\/wp-content\/uploads\/2020\/08\/02-1-1024x419.jpg\" alt=\"\" class=\"wp-image-14390\" srcset=\"https:\/\/www.salvatorianas.org.br\/blog\/wp-content\/uploads\/2020\/08\/02-1-1024x419.jpg 1024w, https:\/\/www.salvatorianas.org.br\/blog\/wp-content\/uploads\/2020\/08\/02-1-300x123.jpg 300w, https:\/\/www.salvatorianas.org.br\/blog\/wp-content\/uploads\/2020\/08\/02-1-768x314.jpg 768w, https:\/\/www.salvatorianas.org.br\/blog\/wp-content\/uploads\/2020\/08\/02-1.jpg 1920w\" sizes=\"(max-width: 1024px) 100vw, 1024px\" \/><\/figure>\n\n\n\n<figure class=\"wp-block-image\"><img decoding=\"async\" loading=\"lazy\" width=\"1024\" height=\"419\" src=\"https:\/\/www.salvatorianas.org.br\/blog\/wp-content\/uploads\/2020\/08\/03-1-1024x419.jpg\" alt=\"\" class=\"wp-image-14391\" srcset=\"https:\/\/www.salvatorianas.org.br\/blog\/wp-content\/uploads\/2020\/08\/03-1-1024x419.jpg 1024w, https:\/\/www.salvatorianas.org.br\/blog\/wp-content\/uploads\/2020\/08\/03-1-300x123.jpg 300w, https:\/\/www.salvatorianas.org.br\/blog\/wp-content\/uploads\/2020\/08\/03-1-768x314.jpg 768w, https:\/\/www.salvatorianas.org.br\/blog\/wp-content\/uploads\/2020\/08\/03-1.jpg 1920w\" sizes=\"(max-width: 1024px) 100vw, 1024px\" \/><\/figure>\n\n\n\n<figure class=\"wp-block-image\"><img decoding=\"async\" loading=\"lazy\" width=\"1024\" height=\"568\" src=\"https:\/\/www.salvatorianas.org.br\/blog\/wp-content\/uploads\/2020\/08\/04-1-1024x568.jpg\" alt=\"\" class=\"wp-image-14392\" srcset=\"https:\/\/www.salvatorianas.org.br\/blog\/wp-content\/uploads\/2020\/08\/04-1-1024x568.jpg 1024w, https:\/\/www.salvatorianas.org.br\/blog\/wp-content\/uploads\/2020\/08\/04-1-300x166.jpg 300w, https:\/\/www.salvatorianas.org.br\/blog\/wp-content\/uploads\/2020\/08\/04-1-768x426.jpg 768w, https:\/\/www.salvatorianas.org.br\/blog\/wp-content\/uploads\/2020\/08\/04-1.jpg 1280w\" sizes=\"(max-width: 1024px) 100vw, 1024px\" \/><\/figure>\n\n\n\n<figure class=\"wp-block-image\"><img decoding=\"async\" loading=\"lazy\" width=\"1024\" height=\"419\" src=\"https:\/\/www.salvatorianas.org.br\/blog\/wp-content\/uploads\/2020\/08\/05-1-1024x419.jpg\" alt=\"\" class=\"wp-image-14393\" srcset=\"https:\/\/www.salvatorianas.org.br\/blog\/wp-content\/uploads\/2020\/08\/05-1-1024x419.jpg 1024w, https:\/\/www.salvatorianas.org.br\/blog\/wp-content\/uploads\/2020\/08\/05-1-300x123.jpg 300w, https:\/\/www.salvatorianas.org.br\/blog\/wp-content\/uploads\/2020\/08\/05-1-768x314.jpg 768w, https:\/\/www.salvatorianas.org.br\/blog\/wp-content\/uploads\/2020\/08\/05-1.jpg 1920w\" sizes=\"(max-width: 1024px) 100vw, 1024px\" \/><\/figure>\n","protected":false},"excerpt":{"rendered":"<p>Alegria, f\u00e9, reflex\u00e3o e gratid\u00e3o marcou o encontro com as Vocacionadas Salvatorianas das prov\u00edncias Santa Catarina e S\u00e3o Paulo. O evento on-line reuniu neste domingo, 30 de agosto, mais de 30 jovens, advindas&#8230;<\/p>\n","protected":false},"author":2,"featured_media":14385,"comment_status":"open","ping_status":"open","sticky":false,"template":"","format":"standard","meta":[],"categories":[1],"tags":[],"_links":{"self":[{"href":"https:\/\/www.salvatorianas.org.br\/blog\/wp-json\/wp\/v2\/posts\/14384"}],"collection":[{"href":"https:\/\/www.salvatorianas.org.br\/blog\/wp-json\/wp\/v2\/posts"}],"about":[{"href":"https:\/\/www.salvatorianas.org.br\/blog\/wp-json\/wp\/v2\/types\/post"}],"author":[{"embeddable":true,"href":"https:\/\/www.salvatorianas.org.br\/blog\/wp-json\/wp\/v2\/users\/2"}],"replies":[{"embeddable":true,"href":"https:\/\/www.salvatorianas.org.br\/blog\/wp-json\/wp\/v2\/comments?post=14384"}],"version-history":[{"count":2,"href":"https:\/\/www.salvatorianas.org.br\/blog\/wp-json\/wp\/v2\/posts\/14384\/revisions"}],"predecessor-version":[{"id":14394,"href":"https:\/\/www.salvatorianas.org.br\/blog\/wp-json\/wp\/v2\/posts\/14384\/revisions\/14394"}],"wp:featuredmedia":[{"embeddable":true,"href":"https:\/\/www.salvatorianas.org.br\/blog\/wp-json\/wp\/v2\/media\/14385"}],"wp:attachment":[{"href":"https:\/\/www.salvatorianas.org.br\/blog\/wp-json\/wp\/v2\/media?parent=14384"}],"wp:term":[{"taxonomy":"category","embeddable":true,"href":"https:\/\/www.salvatorianas.org.br\/blog\/wp-json\/wp\/v2\/categories?post=14384"},{"taxonomy":"post_tag","embeddable":true,"href":"https:\/\/www.salvatorianas.org.br\/blog\/wp-json\/wp\/v2\/tags?post=14384"}],"curies":[{"name":"wp","href":"https:\/\/api.w.org\/{rel}","templated":true}]}}