{"id":14378,"date":"2020-08-29T08:55:41","date_gmt":"2020-08-29T08:55:41","guid":{"rendered":"https:\/\/www.salvatorianas.org.br\/blog\/?p=14378"},"modified":"2020-08-29T12:02:46","modified_gmt":"2020-08-29T12:02:46","slug":"o-eu-em-como-vocacao","status":"publish","type":"post","link":"https:\/\/www.salvatorianas.org.br\/blog\/o-eu-em-como-vocacao\/","title":{"rendered":"O EU EM (COMO) VOCA\u00c7\u00c3O"},"content":{"rendered":"\n<p>Quando se pergunta a uma crian\u00e7a\n\u201co que voc\u00ea vai ser quando ficar grande\u201d? Em geral, ela responde aquilo que o\npai ou a m\u00e3e faz ou ent\u00e3o, aquilo que alguma pessoa significativa ou que ela admira\nfaz. Na medida em que cresce, por\u00e9m, vai se deparando com muitas outras\npossibilidades de escolha. E a\u00ed come\u00e7a uma busca mais consciente por uma\ndefini\u00e7\u00e3o do que vai ser na vida. \u00c9 o eu em (como) voca\u00e7\u00e3o que se p\u00f5e\nperguntas! Na verdade, n\u00e3o se trata apenas de escolher uma profiss\u00e3o, \u00e9 mais\nque isso, \u00e9 descobrir para que se tem voca\u00e7\u00e3o! O que d\u00e1 sentido \u00e0 vida que\ninclui uma profiss\u00e3o, mas vai al\u00e9m dela.<\/p>\n\n\n\n<p>Para ter uma profiss\u00e3o basta\naprender um of\u00edcio preparar-se tecnicamente para ele ou pegar o emprego que\naparece e pronto. Levantar-se de manh\u00e3, tomar a condu\u00e7\u00e3o, trabalhar oito, nove\nhoras seguidas, depois voltar para casa e no final do m\u00eas receber seu sal\u00e1rio e\nest\u00e1 resolvida a quest\u00e3o da profiss\u00e3o. <\/p>\n\n\n\n<p>Quanto \u00e0 voca\u00e7\u00e3o \u00e9 algo mais\ncomplexo, porque ela diz respeito \u00e0quilo que d\u00e1 sentido \u00e0 vida e se liga ao bem\nque a pessoa faz aos outros ou \u00e0 sociedade. Nem todos os que t\u00eam uma profiss\u00e3o\ndefinida, tem uma voca\u00e7\u00e3o acertada. Que valor tem para os outros o exerc\u00edcio de\nsua profiss\u00e3o? Com que esp\u00edrito ele trabalha? \u00c9 necess\u00e1rio perceber um bem\nmaior presente no exerc\u00edcio da profiss\u00e3o. \u00c9 comum ouvir-se queixas de n\u00e3o se\nsentir realizado no que faz, mas como n\u00e3o tem outra escolha profissional, o\njeito \u00e9 conformar-se. <\/p>\n\n\n\n<p>Na voca\u00e7\u00e3o a quest\u00e3o \u00e9 outra.\nTrata-se de descobrir o que d\u00e1 sentido ao que se faz e ao porqu\u00ea vive? \u00c9 algo\nque ultrapassa os limites da profiss\u00e3o. Vivendo a voca\u00e7\u00e3o acertada, ela tamb\u00e9m\nd\u00e1 sentido \u00e0 profiss\u00e3o. Na profiss\u00e3o depois de v\u00e1rios anos de trabalho, o\nsujeito se aposenta, deixa o exerc\u00edcio profissional, a voca\u00e7\u00e3o dura a vida\ninteira, s\u00f3 cessa com a morte, porque na continuidade de sua vida v\u00ea sentido\nnaquilo que faz sem necessariamente ser de sua profiss\u00e3o. Em outras palavras\nsente-se motivado por viver um sentido que lhe d\u00e1 raz\u00e3o de viver.<\/p>\n\n\n\n<p>Por falta de discernimento\nocorrem muitos enganos. \u00c0s vezes, o jovem procura apenas pela profiss\u00e3o e\nquando a tem percebe que n\u00e3o \u00e9 nela que encontra sua voca\u00e7\u00e3o. Faltou-lhe\nperceber o detalhe que faz a diferen\u00e7a, se naquela profiss\u00e3o seu eu est\u00e1 em\n(como) voca\u00e7\u00e3o. Explicando melhor. A palavra voca\u00e7\u00e3o (vocare do latim) quer\ndizer ser chamado! Cada um pode se perguntar sou chamado para que nesta vida?\nQual a contribui\u00e7\u00e3o que eu enquanto pessoa, posso dar para o bem comum?\nVoca\u00e7\u00e3o&nbsp; implica ouvir (uma voz interior)\ne responder! Pode-se s\u00f3 ouvir e n\u00e3o responder!&nbsp;\nNa perspectiva crist\u00e3, responder \u00e0 voca\u00e7\u00e3o est\u00e1 ligado ao sentido que se\nd\u00e1 \u00e0 vida e o que se faz com ela. Em outras palavras, em que dire\u00e7\u00e3o vive\naquilo que escolheu e faz. Ent\u00e3o, voca\u00e7\u00e3o e profiss\u00e3o podem andar de m\u00e3os\ndadas. <\/p>\n\n\n\n<p>Toda voca\u00e7\u00e3o implica um\ncomponente de transcend\u00eancia. Isto \u00e9, encontrar um sentido fora de si, que v\u00e1\nal\u00e9m. A voca\u00e7\u00e3o d\u00e1 \u00e0 pessoa uma certeza interior de que aquilo que faz mesmo\nprofissionalmente tem um sentido maior do que s\u00f3 lhe dar um sal\u00e1rio no fim do\nm\u00eas. Mas tem consci\u00eancia de que sua a\u00e7\u00e3o \u00e9 construtora, \u00e9 ben\u00e9fica aos outros.\nSua voca\u00e7\u00e3o ent\u00e3o, se reflete no seu empenho, na sua responsabilidade, na sua\ndedica\u00e7\u00e3o, na sua honestidade no que faz.<\/p>\n\n\n\n<p>O eu em voca\u00e7\u00e3o, \u00e9 aquele que vive e trabalha dedicado a uma profiss\u00e3o, mas quando se aposenta da profiss\u00e3o, continua vivendo sua voca\u00e7\u00e3o porque a vida n\u00e3o perdeu o sentido, mesmo quando cessa de ter um trabalho produtivo. Ningu\u00e9m se realiza na profiss\u00e3o se n\u00e3o tiver um sentido de voca\u00e7\u00e3o. O eu em voca\u00e7\u00e3o, passa pela profiss\u00e3o, mas n\u00e3o se esgota nela, porque tem uma dimens\u00e3o que ultrapassa aquilo que suas m\u00e3os podem fazer. O eu em voca\u00e7\u00e3o tem a ver com aquilo que o cora\u00e7\u00e3o pede e o lan\u00e7a para al\u00e9m de si mesmo.&nbsp; <\/p>\n\n\n\n<p>Por: Pe. Deolino Pedro Baldissera, sds<\/p>\n","protected":false},"excerpt":{"rendered":"<p>Quando se pergunta a uma crian\u00e7a \u201co que voc\u00ea vai ser quando ficar grande\u201d? Em geral, ela responde aquilo que o pai ou a m\u00e3e faz ou ent\u00e3o, aquilo que alguma pessoa significativa&#8230;<\/p>\n","protected":false},"author":2,"featured_media":14379,"comment_status":"open","ping_status":"open","sticky":false,"template":"","format":"standard","meta":[],"categories":[1],"tags":[],"_links":{"self":[{"href":"https:\/\/www.salvatorianas.org.br\/blog\/wp-json\/wp\/v2\/posts\/14378"}],"collection":[{"href":"https:\/\/www.salvatorianas.org.br\/blog\/wp-json\/wp\/v2\/posts"}],"about":[{"href":"https:\/\/www.salvatorianas.org.br\/blog\/wp-json\/wp\/v2\/types\/post"}],"author":[{"embeddable":true,"href":"https:\/\/www.salvatorianas.org.br\/blog\/wp-json\/wp\/v2\/users\/2"}],"replies":[{"embeddable":true,"href":"https:\/\/www.salvatorianas.org.br\/blog\/wp-json\/wp\/v2\/comments?post=14378"}],"version-history":[{"count":2,"href":"https:\/\/www.salvatorianas.org.br\/blog\/wp-json\/wp\/v2\/posts\/14378\/revisions"}],"predecessor-version":[{"id":14382,"href":"https:\/\/www.salvatorianas.org.br\/blog\/wp-json\/wp\/v2\/posts\/14378\/revisions\/14382"}],"wp:featuredmedia":[{"embeddable":true,"href":"https:\/\/www.salvatorianas.org.br\/blog\/wp-json\/wp\/v2\/media\/14379"}],"wp:attachment":[{"href":"https:\/\/www.salvatorianas.org.br\/blog\/wp-json\/wp\/v2\/media?parent=14378"}],"wp:term":[{"taxonomy":"category","embeddable":true,"href":"https:\/\/www.salvatorianas.org.br\/blog\/wp-json\/wp\/v2\/categories?post=14378"},{"taxonomy":"post_tag","embeddable":true,"href":"https:\/\/www.salvatorianas.org.br\/blog\/wp-json\/wp\/v2\/tags?post=14378"}],"curies":[{"name":"wp","href":"https:\/\/api.w.org\/{rel}","templated":true}]}}