{"id":14363,"date":"2020-08-27T20:24:57","date_gmt":"2020-08-27T20:24:57","guid":{"rendered":"https:\/\/www.salvatorianas.org.br\/blog\/?p=14363"},"modified":"2020-08-28T11:36:02","modified_gmt":"2020-08-28T11:36:02","slug":"papa-francisco-doa-24-respiradores-para-ajudar-brasil-no-combate-ao-coronavirus","status":"publish","type":"post","link":"https:\/\/www.salvatorianas.org.br\/blog\/papa-francisco-doa-24-respiradores-para-ajudar-brasil-no-combate-ao-coronavirus\/","title":{"rendered":"Papa Francisco doa 24 respiradores para ajudar Brasil no combate ao coronav\u00edrus"},"content":{"rendered":"\n<p> Os emiss\u00e1rios do Papa Francisco, doutores Paolo Tachine e Antonio Guizzetti, representantes da \u201c<a rel=\"noreferrer noopener\" aria-label=\" (abre em uma nova aba)\" href=\"https:\/\/www.hopeonlus.org\/en\/who-we-are\/\" target=\"_blank\">Hope Onlus<\/a>\u201c, continuam empenhados em sua miss\u00e3o humanit\u00e1ria no Brasil. Conforme foi anunciado na segunda-feira, 17 de agosto, pela Esmolaria Apost\u00f3lica do Vaticano, eles t\u00eam a tarefa de fazer chegar ao seu destino os 24 respiradores para 6 hospitais religiosos espalhados sobre o territ\u00f3rio brasileiro para ajudar na cura de pacientes doentes pela Covid-19. A\u00a0<a rel=\"noreferrer noopener\" aria-label=\" (abre em uma nova aba)\" href=\"http:\/\/www.vatican.va\/roman_curia\/institutions_connected\/elem_apost\/documents\/rc_elemosineria_pro_20121106_profile_po.html\" target=\"_blank\">Esmolaria Apost\u00f3lica<\/a>\u00a0\u00e9 o departamento da Santa S\u00e9 que tem a fun\u00e7\u00e3o de exercer a caridade do Papa para com os pobres. <\/p>\n\n\n\n<p>Seguindo o cronograma de entregas, na manh\u00e3 de ter\u00e7a-feira, 25 de agosto, tr\u00eas novos respiradores foram entregues\u00a0 \u00e0 <strong>Santa Casa de Miseric\u00f3rdia de Goi\u00e2nia<\/strong>. Segundo o hospital, a unidade conta com 32 respiradores e 10 leitos de UTIs para pacientes diagnosticados com a Covid-19.<\/p>\n\n\n\n<p>Durante a cerim\u00f4nia de entrega dos respiradores, o vice presidente da Santa Casa e bispo auxiliar de Goi\u00e2nia, dom Levi, benzeu os equipamentos antes que fossem repassados \u00e0 unidade de sa\u00fade.<\/p>\n\n\n\n<figure class=\"wp-block-image\"><img decoding=\"async\" src=\"https:\/\/www.cnbb.org.br\/wp-content\/uploads\/sites\/32\/2020\/08\/santa-casa-respiradores.jpg\" alt=\"Dom Levi benze respiradores durante entrega a Santa Casa de Goi\u00e2nia \u2014 Foto: Adriano Reges\/TV Anhanguera\"\/><\/figure>\n\n\n\n<p>A Santa Casa informou que pacientes com coronav\u00edrus s\u00e3o atendidos no local desde o in\u00edcio do m\u00eas de junho. A diretoria do hospital informou que os novos equipamentos v\u00e3o permitir uma margem de seguran\u00e7a nos atendimentos. Informou ainda que, durante a visita pela Santa Casa, os m\u00e9dicos devem trocar experi\u00eancias de como a pandemia foi na It\u00e1lia.<\/p>\n\n\n\n<p>Esmoleiro vaticano, cardeal Konrad Krajewski enviou uma nota \u00e0 institui\u00e7\u00e3o informando que o Vaticano destaca que o papa \u201cincessantemente faz um sincero apelo para a generosidade e a solidariedade para com aquelas popula\u00e7\u00f5es e aqueles pa\u00edses que majoritariamente sofrem por causa da emerg\u00eancia epidemiol\u00f3gica da Covid-19\u201d.<\/p>\n\n\n\n<h3 class=\"wp-block-heading\">Crato \u2013 Cear\u00e1<\/h3>\n\n\n\n<figure class=\"wp-block-image\"><img decoding=\"async\" src=\"https:\/\/www.cnbb.org.br\/wp-content\/uploads\/sites\/32\/2020\/08\/IMG_7369.jpg\" alt=\"Dom Gilberto recebe respiradores durante entrega \u00e0 diocese de Crato (CE) \u2014 Foto: Assessoria de imprensa da diocese de Crato (CE)\"\/><\/figure>\n\n\n\n<p>A Diocese de Crato, no Cear\u00e1, tamb\u00e9m recebeu dois ventiladores pulmonares e um ultrassom vindos de Roma, na It\u00e1lia, doados pelo Papa Francisco. Os equipamentos forem entregues, na quarta-feira (26), ao Hospital S\u00e3o Camilo, em Crato, para o tratamento de pacientes com Covid-19.<\/p>\n\n\n\n<p>A solenidade de entrega dos dois respiradores pulmonares e de um aparelho de ultrassonografia port\u00e1til aconteceu com a presen\u00e7a do m\u00e9dico italiano Paolo Taccone, representante da Hope Onlus.<\/p>\n\n\n\n<p>Dom Gilberto Pastana, bispo da diocese de Crato, tamb\u00e9m participou do momento, e aben\u00e7oou os equipamentos de sa\u00fade e agradeceu. \u201cN\u00f3s somos muito gratos ao Santo Padre, por este presente, esta doa\u00e7\u00e3o e pela preocupa\u00e7\u00e3o\u201d.<\/p>\n\n\n\n<p>Para o bispo diocesano, o gesto do Papa demonstra seu amor pelo Brasil. \u201cSem d\u00favida um gesto de solidariedade e de amor a todos n\u00f3s, brasileiros, que neste tempo t\u00e3o dif\u00edcil, conseguiu estes equipamentos e est\u00e1 ofertando a este hospital para que, as pessoas acometidas deste v\u00edrus, possam se recuperar\u201d, disse.<\/p>\n\n\n\n<p>A Institui\u00e7\u00e3o, administrada pela Sociedade Beneficente S\u00e3o Camilo, \u00e9 refer\u00eancia para o tratamento de pacientes graves da regi\u00e3o de sa\u00fade do Crato, composta por 13 munic\u00edpios. Outras sete unidades de sa\u00fade em territ\u00f3rio brasileiro foram listadas para receber estes suprimentos m\u00e9dicos.<\/p>\n\n\n\n<p>O Hospital possui 42 leitos de enfermaria para tratamentos de paciente com Covid-19\u00a0e a taxa de ocupa\u00e7\u00e3o \u00e9 de 16,67%.\u00a0Segundo o \u00faltimo boletim epidemiol\u00f3gico da Secretaria Municipal de Sa\u00fade, o Crato soma\u00a05.371 casos confirmados da doen\u00e7a, sendo que 4050 j\u00e1 est\u00e3o recuperados. L\u00e1, foram registrados 77 \u00f3bitos.<\/p>\n\n\n\n<h4 class=\"wp-block-heading\">Hospital S\u00e3o Lucas de Porto Alegre<\/h4>\n\n\n\n<figure class=\"wp-block-image\"><img decoding=\"async\" src=\"https:\/\/www.vaticannews.va\/content\/dam\/vaticannews\/multimedia\/2020\/08\/27\/Rede-Marista-copia.jpg\/_jcr_content\/renditions\/cq5dam.thumbnail.cropped.1000.563.jpeg\" alt=\"Rede-Marista-copia.jpg\"\/><\/figure>\n\n\n\n<p> Na quinta-feira (27), a entrega dos 4 respiradores e um aparelho de ultrassom foi feita ao Hospital S\u00e3o Lucas da PUCRS, de Porto Alegre, no Rio Grande do Sul.<\/p>\n\n\n\n<p>O arcebispo metropolitano, dom\u00a0Jaime Spengler, o reitor da PUCRS, Irm\u00e3o Evil\u00e1zio Teixeira, e o\u00a0diretor-geral do Hospital S\u00e3o Lucas, Leandro Firme, receberam a doa\u00e7\u00e3o do Papa. Durante a visita, o grupo percorreu as depend\u00eancias do hospital, passando pelo Centro Cl\u00ednico, Centro de Diagn\u00f3stico de Imagem e tamb\u00e9m pelos ambulat\u00f3rios, onde atualmente \u00e9 conduzido o estudo da testagem da vacina contra o coronav\u00edrus, sempre respeitando as normas vigentes de sa\u00fade. O arcebispo, que aben\u00e7oou os equipamentos, comentou que &#8220;o\u00a0gesto foi uma express\u00e3o da solidariedade de homens e mulheres preocupados com a vida dos menos favorecidos&#8221;.<\/p>\n\n\n\n<p>Os respiradores e o aparelho de ultrassom foram direcionados \u00e0 UTI, que acolhe exclusivamente os pacientes com Covid-19: atualmente est\u00e3o dispon\u00edveis 46 leitos. O hospital tamb\u00e9m oferece outras 104 unidades para a enfermaria.<br><\/p>\n\n\n\n<p>Segundo o reitor da PUCRS, Irm\u00e3o Evil\u00e1zio Teixeira, \u201ceste ato de solidariedade da Igreja, bem como todo o apoio recebido do arcebispo e chanceler da nossa universidade, dom&nbsp;Jaime Spengler, \u00e9 fundamental para que sigamos fortalecidos e atuantes na nossa miss\u00e3o de cuidado e promo\u00e7\u00e3o \u00e0 vida\u201d. Para o diretor-geral do hospital, Leandro Firme, a doa\u00e7\u00e3o \u00e9 uma importante soma aos esfor\u00e7os da institui\u00e7\u00e3o: \u201ca contribui\u00e7\u00e3o \u00e9 reflexo dos movimentos que temos feito no combate \u00e0 pandemia. \u00c9 uma honra para n\u00f3s estar entre os hospitais escolhidos pelo Vaticano\u201d.<\/p>\n\n\n\n<p>Um estudo da Universidade Federal do Rio Grande do Sul (UFRGS), divulgado nesta ter\u00e7a-feira (25), sugere que o pico de interna\u00e7\u00f5es por Covid-19 em Porto Alegre recuou,\u00a0mas casos ativos quase dobraram. At\u00e9 o momento, o Estado contabiliza mais de 115 mil pessoas testadas positivas ao coronav\u00edrus e mais de 3 mil que morreram v\u00edtimas da doen\u00e7a.<\/p>\n\n\n\n<h3 class=\"wp-block-heading\">Pr\u00f3ximas cidades<\/h3>\n\n\n\n<p>Aracaju-SE e Rio de Janeiro-RJ s\u00e3o as pr\u00f3ximas localidades onde os representantes do Vaticano far\u00e3o a entrega de respiradores a hospitais locais e aos arcebispos metropolitanos.<\/p>\n\n\n\n<p>Entenda (<a href=\"https:\/\/www.cnbb.org.br\/emissarios-da-entrega-de-24-respiradores-enviados-pelo-papa-sao-recebidos-na-cnbb-e-nunciatura-apostolica\/\" target=\"_blank\" rel=\"noreferrer noopener\" aria-label=\" (abre em uma nova aba)\">aqui<\/a>) a doa\u00e7\u00e3o do Papa Francisco.<\/p>\n","protected":false},"excerpt":{"rendered":"<p>Os emiss\u00e1rios do Papa Francisco, doutores Paolo Tachine e Antonio Guizzetti, representantes da \u201cHope Onlus\u201c, continuam empenhados em sua miss\u00e3o humanit\u00e1ria no Brasil. Conforme foi anunciado na segunda-feira, 17 de agosto, pela Esmolaria&#8230;<\/p>\n","protected":false},"author":2,"featured_media":14364,"comment_status":"open","ping_status":"open","sticky":false,"template":"","format":"standard","meta":[],"categories":[1],"tags":[],"_links":{"self":[{"href":"https:\/\/www.salvatorianas.org.br\/blog\/wp-json\/wp\/v2\/posts\/14363"}],"collection":[{"href":"https:\/\/www.salvatorianas.org.br\/blog\/wp-json\/wp\/v2\/posts"}],"about":[{"href":"https:\/\/www.salvatorianas.org.br\/blog\/wp-json\/wp\/v2\/types\/post"}],"author":[{"embeddable":true,"href":"https:\/\/www.salvatorianas.org.br\/blog\/wp-json\/wp\/v2\/users\/2"}],"replies":[{"embeddable":true,"href":"https:\/\/www.salvatorianas.org.br\/blog\/wp-json\/wp\/v2\/comments?post=14363"}],"version-history":[{"count":2,"href":"https:\/\/www.salvatorianas.org.br\/blog\/wp-json\/wp\/v2\/posts\/14363\/revisions"}],"predecessor-version":[{"id":14366,"href":"https:\/\/www.salvatorianas.org.br\/blog\/wp-json\/wp\/v2\/posts\/14363\/revisions\/14366"}],"wp:featuredmedia":[{"embeddable":true,"href":"https:\/\/www.salvatorianas.org.br\/blog\/wp-json\/wp\/v2\/media\/14364"}],"wp:attachment":[{"href":"https:\/\/www.salvatorianas.org.br\/blog\/wp-json\/wp\/v2\/media?parent=14363"}],"wp:term":[{"taxonomy":"category","embeddable":true,"href":"https:\/\/www.salvatorianas.org.br\/blog\/wp-json\/wp\/v2\/categories?post=14363"},{"taxonomy":"post_tag","embeddable":true,"href":"https:\/\/www.salvatorianas.org.br\/blog\/wp-json\/wp\/v2\/tags?post=14363"}],"curies":[{"name":"wp","href":"https:\/\/api.w.org\/{rel}","templated":true}]}}