{"id":1435,"date":"2015-12-21T00:00:00","date_gmt":"2015-12-21T00:00:00","guid":{"rendered":"https:\/\/www.salvatorianas.org.br\/blog\/conferencia-dos-religiosos-do-brasil-divulga-nota-sobre-situacao-do-pais\/"},"modified":"2015-12-21T00:00:00","modified_gmt":"2015-12-21T00:00:00","slug":"conferencia-dos-religiosos-do-brasil-divulga-nota-sobre-situacao-do-pais","status":"publish","type":"post","link":"https:\/\/www.salvatorianas.org.br\/blog\/conferencia-dos-religiosos-do-brasil-divulga-nota-sobre-situacao-do-pais\/","title":{"rendered":"Confer\u00eancia dos Religiosos do Brasil divulga nota sobre situa\u00e7\u00e3o do Pa\u00eds"},"content":{"rendered":"<p style=\"text-align: justify;\">[imagem1]<\/p>\n<p style=\"text-align: justify;\">A CRB Nacional &#8211; Confer&ecirc;ncia dos Religiosos do Brasil, divulgou uma nota&nbsp; sobre a situa&ccedil;&atilde;o pol&iacute;tica atual do Brasil. A Confer&ecirc;ncia acredita que os conflitos e tens&otilde;es vividos e assistidos todos os dias pelo povo brasileiro coloca em risco a democracia, e al&eacute;m do mais aumenta o sofrimentos daqueles que est&atilde;o &agrave; margem da sociedade.<\/p>\n<p style=\"text-align: justify;\">Confira na &iacute;ntegra:&nbsp;<\/p>\n<p><img decoding=\"async\" loading=\"lazy\" style=\"display: block; margin-left: auto; margin-right: auto;\" src=\"http:\/\/www.crbnacional.org.br\/site2015\/images\/Novembro\/logocrb.jpg\" alt=\"\" width=\"116\" height=\"69\" \/><\/p>\n<p style=\"text-align: center;\"><strong>Querido Brasil, nossa casa comum<\/strong><\/p>\n<p style=\"text-align: justify;\">A <strong>Confer&ecirc;ncia dos Religiosos do Brasil<\/strong>, com 61 anos de exist&ecirc;ncia e que lidera 40 mil religiosas e religiosos &ndash; Irm&atilde;s, Irm&atilde;os e Sacerdotes &ndash; em todo o territ&oacute;rio nacional, expressa preocupa&ccedil;&atilde;o pela situa&ccedil;&atilde;o econ&ocirc;mica e pol&iacute;tica do Pa&iacute;s, conjuntura que p&otilde;e em risco os avan&ccedil;os sociais e os processos democr&aacute;ticos conquistados e que agrava o sofrimento da popula&ccedil;&atilde;o brasileira, em particular a camada mais pobre, as crian&ccedil;as e os jovens.<\/p>\n<p style=\"text-align: justify;\">A situa&ccedil;&atilde;o ca&oacute;tica do Brasil, repleta de <strong>esc&acirc;ndalos de corrup&ccedil;&atilde;o<\/strong>, tens&atilde;o entre os tr&ecirc;s Poderes da Rep&uacute;blica, alta da infla&ccedil;&atilde;o,<strong> crise do desemprego<\/strong> e tantos outros problemas sociais e ambientais, n&atilde;o legitima nenhum movimento que enfraque&ccedil;a a democracia, pois o atual Regime Democr&aacute;tico consolidou-se com lutas e sofrimentos em tempos recentes. Neste sentido, a Confer&ecirc;ncia dos Religiosos do Brasil &eacute; contr&aacute;ria a tudo aquilo que &eacute; nocivo ao amadurecimento do Pa&iacute;s como na&ccedil;&atilde;o desenvolvida e favor&aacute;vel &agrave; verdade.<\/p>\n<p style=\"text-align: justify;\">Embora a <strong>CRB<\/strong> tenha sido criada somente em 1955, os Religiosos e as Religiosas sempre fizeram parte da hist&oacute;ria do Brasil, desde o descobrimento, em 1500, construindo a hist&oacute;ria junto com o povo, evoluindo como Na&ccedil;&atilde;o, avan&ccedil;ando na constitui&ccedil;&atilde;o geogr&aacute;fica, entristecendo-se nos fracassos e alegrando-se nas conquistas. E hoje nesta grave <strong>situa&ccedil;&atilde;o pol&iacute;tica e econ&ocirc;mica<\/strong> pela qual passa o querido Brasil, a Vida Religiosa Consagrada do Brasil deseja permanecer de p&eacute;, firme, junto com o povo, a garantir os avan&ccedil;os pol&iacute;ticos e a construir um Pa&iacute;s mais justo e mais transparente.<\/p>\n<p style=\"text-align: justify;\">A <strong>Confer&ecirc;ncia dos Religiosos do Brasil<\/strong> est&aacute; a servi&ccedil;o do povo brasileiro, em particular o mais sofrido e exclu&iacute;do, atuando em v&aacute;rias frentes: educa&ccedil;&atilde;o, sa&uacute;de, assist&ecirc;ncia social, obras de miseric&oacute;rdia, <strong>viol&ecirc;ncia contra as mulheres<\/strong>, tr&aacute;fico de pessoas, migrantes, para o bem de crian&ccedil;as, jovens, adultos, idosos, mulheres, pessoas com necessidades especiais, etc.<\/p>\n<p style=\"text-align: justify;\">A <strong>CRB<\/strong>, embasada nos valores humanos e crist&atilde;os, acredita que &eacute; poss&iacute;vel um <strong>Brasil<\/strong> melhor, conforme o Reino de Deus, que &eacute; justi&ccedil;a e paz.<\/p>\n<p style=\"text-align: justify;\">Que Nossa Senhora Aparecida ilumine as lideran&ccedil;as do nosso pa&iacute;s e conduza o povo brasileiro nos caminhos da justi&ccedil;a e da paz.<\/p>\n<p style=\"text-align: justify;\">&nbsp;<\/p>\n<p>Bras&iacute;lia, 15 de dezembro de 2015<\/p>\n<p><em>IR. MARIA IN&Ecirc;S VIEIRA RIBEIRO, mad <\/em><\/p>\n<p><em>Presidente da CRB Nacional<\/em><\/p>\n","protected":false},"excerpt":{"rendered":"<p>[imagem1] A CRB Nacional &#8211; Confer&ecirc;ncia dos Religiosos do Brasil, divulgou uma nota&nbsp; sobre a situa&ccedil;&atilde;o pol&iacute;tica atual do Brasil. A Confer&ecirc;ncia acredita que os conflitos e tens&otilde;es vividos e assistidos todos os&#8230;<\/p>\n","protected":false},"author":1,"featured_media":0,"comment_status":"open","ping_status":"open","sticky":false,"template":"","format":"standard","meta":[],"categories":[1],"tags":[],"_links":{"self":[{"href":"https:\/\/www.salvatorianas.org.br\/blog\/wp-json\/wp\/v2\/posts\/1435"}],"collection":[{"href":"https:\/\/www.salvatorianas.org.br\/blog\/wp-json\/wp\/v2\/posts"}],"about":[{"href":"https:\/\/www.salvatorianas.org.br\/blog\/wp-json\/wp\/v2\/types\/post"}],"author":[{"embeddable":true,"href":"https:\/\/www.salvatorianas.org.br\/blog\/wp-json\/wp\/v2\/users\/1"}],"replies":[{"embeddable":true,"href":"https:\/\/www.salvatorianas.org.br\/blog\/wp-json\/wp\/v2\/comments?post=1435"}],"version-history":[{"count":0,"href":"https:\/\/www.salvatorianas.org.br\/blog\/wp-json\/wp\/v2\/posts\/1435\/revisions"}],"wp:attachment":[{"href":"https:\/\/www.salvatorianas.org.br\/blog\/wp-json\/wp\/v2\/media?parent=1435"}],"wp:term":[{"taxonomy":"category","embeddable":true,"href":"https:\/\/www.salvatorianas.org.br\/blog\/wp-json\/wp\/v2\/categories?post=1435"},{"taxonomy":"post_tag","embeddable":true,"href":"https:\/\/www.salvatorianas.org.br\/blog\/wp-json\/wp\/v2\/tags?post=1435"}],"curies":[{"name":"wp","href":"https:\/\/api.w.org\/{rel}","templated":true}]}}