{"id":14325,"date":"2020-08-22T12:33:25","date_gmt":"2020-08-22T12:33:25","guid":{"rendered":"https:\/\/www.salvatorianas.org.br\/blog\/?p=14325"},"modified":"2020-08-22T12:39:25","modified_gmt":"2020-08-22T12:39:25","slug":"encontro-de-liderancas","status":"publish","type":"post","link":"https:\/\/www.salvatorianas.org.br\/blog\/encontro-de-liderancas\/","title":{"rendered":"Encontro de Lideran\u00e7as"},"content":{"rendered":"\n<p>Chamadas e enviadas por Deus. Na semana\nque celebramos a vida consagrada partilhamos uma alegria vivenciada no dia 21\nde agosto de 2020, o primeiro encontro de forma\u00e7\u00e3o com as lideran\u00e7as das\nequipes provinciais das Irm\u00e3s Salvatorianas das prov\u00edncias Santa Catarina e S\u00e3o\nPaulo, Conselheira Geral da equipe do generalado Salvatoriano\/Roma, Ir. Ren\u00e1ria\nBezera, Irm\u00e3s da Divina Provid\u00eancia das prov\u00edncias de Curitiba, Florian\u00f3polis,\nCuiab\u00e1 e Minas Gerais, \u00e0 luz do tema: <strong>Lideran\u00e7a\nna Vida Consagrada em tempo de pandemia.<\/strong><\/p>\n\n\n\n<p>A assessora, Ir. Annette Havenne, em sua reflex\u00e3o salientou, entre muitos aspectos os seguintes:\u00a0 o apelo a ter um <em>cora\u00e7\u00e3o <\/em>que vigia, mesmo quando adormecemos! N\u00e3o adormecer, sem antes prever a lamparina com bastante \u00f3leo para qualquer eventualidade. Manter acesa a luz interior que se chama f\u00e9, esperan\u00e7a e fidelidade ao projeto de Deus. O vigia n\u00e3o v\u00ea mais nem antes dos outros, ele olha a partir de uma luz tr\u00eamula, mas teimosa, que mant\u00e9m acesa no cora\u00e7\u00e3o, e por isso interpreta diferente a escurid\u00e3o da noite.<\/p>\n\n\n\n<p> Os novos tempos pedem recria\u00e7\u00e3o da nossa lideran\u00e7a como vida consagrada na sua profundeza e discernimento espiritual. \u00c0 lideran\u00e7a, \u00e9 confiado o papel de vigiar, de manter a luz da espiritualidade e do carisma acesas para encontrarmos juntas, caminhos de esperan\u00e7a neste novo tempo! J\u00e1 n\u00e3o basta renovar, ou refundar, \u00e9 preciso deixar-se recriar exercendo a profecia, na sabedoria do cotidiano. <\/p>\n\n\n\n<p>Num segundo momento Ir. Annete nos ajudou a rezar nos passos da Lectio Divina os textos de Lc 24 e Atos 1-2 as a\u00e7\u00f5es de Jesus, dos disc\u00edpulos e nossas a\u00e7\u00f5es, tendo presente o contexto da pandemia em que estamos vivendo. Provocou nossa lideran\u00e7a para perceber, o convite que Jesus nos faz \u00e0 luz dos textos a vivermos do confinamento \u00e0 miss\u00e3o, quais as novas aprendizagens, linguagens e tarefas para melhor servir o reino de Deus com a beleza da partilha do dom do carisma de cada congrega\u00e7\u00e3o. <\/p>\n\n\n\n<p>Comunh\u00e3o, partilha, esperan\u00e7a, unidade, colabora\u00e7\u00e3o foram as express\u00f5es que iluminaram este dia. Gratid\u00e3o a Deus e a cada participante, em especial a Ir. Annette Havenne, pelas suas instigadoras reflex\u00f5es para a vida consagrada.<\/p>\n\n\n\n<figure class=\"wp-block-image\"><img decoding=\"async\" loading=\"lazy\" width=\"1024\" height=\"652\" src=\"https:\/\/www.salvatorianas.org.br\/blog\/wp-content\/uploads\/2020\/08\/Imagem1-1024x652.png\" alt=\"\" class=\"wp-image-14327\" srcset=\"https:\/\/www.salvatorianas.org.br\/blog\/wp-content\/uploads\/2020\/08\/Imagem1-1024x652.png 1024w, https:\/\/www.salvatorianas.org.br\/blog\/wp-content\/uploads\/2020\/08\/Imagem1-300x191.png 300w, https:\/\/www.salvatorianas.org.br\/blog\/wp-content\/uploads\/2020\/08\/Imagem1-768x489.png 768w, https:\/\/www.salvatorianas.org.br\/blog\/wp-content\/uploads\/2020\/08\/Imagem1.png 1492w\" sizes=\"(max-width: 1024px) 100vw, 1024px\" \/><figcaption><br><br><\/figcaption><\/figure>\n\n\n\n<figure class=\"wp-block-image\"><img decoding=\"async\" loading=\"lazy\" width=\"1024\" height=\"612\" src=\"https:\/\/www.salvatorianas.org.br\/blog\/wp-content\/uploads\/2020\/08\/Imagem4-1-1024x612.png\" alt=\"\" class=\"wp-image-14334\" srcset=\"https:\/\/www.salvatorianas.org.br\/blog\/wp-content\/uploads\/2020\/08\/Imagem4-1-1024x612.png 1024w, https:\/\/www.salvatorianas.org.br\/blog\/wp-content\/uploads\/2020\/08\/Imagem4-1-300x179.png 300w, https:\/\/www.salvatorianas.org.br\/blog\/wp-content\/uploads\/2020\/08\/Imagem4-1-768x459.png 768w, https:\/\/www.salvatorianas.org.br\/blog\/wp-content\/uploads\/2020\/08\/Imagem4-1.png 1490w\" sizes=\"(max-width: 1024px) 100vw, 1024px\" \/><\/figure>\n\n\n\n<figure class=\"wp-block-image\"><img decoding=\"async\" loading=\"lazy\" width=\"1024\" height=\"598\" src=\"https:\/\/www.salvatorianas.org.br\/blog\/wp-content\/uploads\/2020\/08\/Imagem2-1024x598.png\" alt=\"\" class=\"wp-image-14328\" srcset=\"https:\/\/www.salvatorianas.org.br\/blog\/wp-content\/uploads\/2020\/08\/Imagem2-1024x598.png 1024w, https:\/\/www.salvatorianas.org.br\/blog\/wp-content\/uploads\/2020\/08\/Imagem2-300x175.png 300w, https:\/\/www.salvatorianas.org.br\/blog\/wp-content\/uploads\/2020\/08\/Imagem2-768x448.png 768w, https:\/\/www.salvatorianas.org.br\/blog\/wp-content\/uploads\/2020\/08\/Imagem2.png 1489w\" sizes=\"(max-width: 1024px) 100vw, 1024px\" \/><\/figure>\n\n\n\n<figure class=\"wp-block-image\"><img decoding=\"async\" loading=\"lazy\" width=\"1024\" height=\"510\" src=\"https:\/\/www.salvatorianas.org.br\/blog\/wp-content\/uploads\/2020\/08\/Imagem3-1024x510.png\" alt=\"\" class=\"wp-image-14329\" srcset=\"https:\/\/www.salvatorianas.org.br\/blog\/wp-content\/uploads\/2020\/08\/Imagem3-1024x510.png 1024w, https:\/\/www.salvatorianas.org.br\/blog\/wp-content\/uploads\/2020\/08\/Imagem3-300x149.png 300w, https:\/\/www.salvatorianas.org.br\/blog\/wp-content\/uploads\/2020\/08\/Imagem3-768x383.png 768w, https:\/\/www.salvatorianas.org.br\/blog\/wp-content\/uploads\/2020\/08\/Imagem3.png 1497w\" sizes=\"(max-width: 1024px) 100vw, 1024px\" \/><\/figure>\n\n\n\n<figure class=\"wp-block-image\"><img decoding=\"async\" loading=\"lazy\" width=\"1024\" height=\"602\" src=\"https:\/\/www.salvatorianas.org.br\/blog\/wp-content\/uploads\/2020\/08\/Imagem5-1024x602.png\" alt=\"\" class=\"wp-image-14330\" srcset=\"https:\/\/www.salvatorianas.org.br\/blog\/wp-content\/uploads\/2020\/08\/Imagem5-1024x602.png 1024w, https:\/\/www.salvatorianas.org.br\/blog\/wp-content\/uploads\/2020\/08\/Imagem5-300x176.png 300w, https:\/\/www.salvatorianas.org.br\/blog\/wp-content\/uploads\/2020\/08\/Imagem5-768x451.png 768w, https:\/\/www.salvatorianas.org.br\/blog\/wp-content\/uploads\/2020\/08\/Imagem5.png 1491w\" sizes=\"(max-width: 1024px) 100vw, 1024px\" \/><\/figure>\n","protected":false},"excerpt":{"rendered":"<p>Chamadas e enviadas por Deus. Na semana que celebramos a vida consagrada partilhamos uma alegria vivenciada no dia 21 de agosto de 2020, o primeiro encontro de forma\u00e7\u00e3o com as lideran\u00e7as das equipes&#8230;<\/p>\n","protected":false},"author":2,"featured_media":14333,"comment_status":"open","ping_status":"open","sticky":false,"template":"","format":"standard","meta":[],"categories":[1],"tags":[],"_links":{"self":[{"href":"https:\/\/www.salvatorianas.org.br\/blog\/wp-json\/wp\/v2\/posts\/14325"}],"collection":[{"href":"https:\/\/www.salvatorianas.org.br\/blog\/wp-json\/wp\/v2\/posts"}],"about":[{"href":"https:\/\/www.salvatorianas.org.br\/blog\/wp-json\/wp\/v2\/types\/post"}],"author":[{"embeddable":true,"href":"https:\/\/www.salvatorianas.org.br\/blog\/wp-json\/wp\/v2\/users\/2"}],"replies":[{"embeddable":true,"href":"https:\/\/www.salvatorianas.org.br\/blog\/wp-json\/wp\/v2\/comments?post=14325"}],"version-history":[{"count":2,"href":"https:\/\/www.salvatorianas.org.br\/blog\/wp-json\/wp\/v2\/posts\/14325\/revisions"}],"predecessor-version":[{"id":14336,"href":"https:\/\/www.salvatorianas.org.br\/blog\/wp-json\/wp\/v2\/posts\/14325\/revisions\/14336"}],"wp:featuredmedia":[{"embeddable":true,"href":"https:\/\/www.salvatorianas.org.br\/blog\/wp-json\/wp\/v2\/media\/14333"}],"wp:attachment":[{"href":"https:\/\/www.salvatorianas.org.br\/blog\/wp-json\/wp\/v2\/media?parent=14325"}],"wp:term":[{"taxonomy":"category","embeddable":true,"href":"https:\/\/www.salvatorianas.org.br\/blog\/wp-json\/wp\/v2\/categories?post=14325"},{"taxonomy":"post_tag","embeddable":true,"href":"https:\/\/www.salvatorianas.org.br\/blog\/wp-json\/wp\/v2\/tags?post=14325"}],"curies":[{"name":"wp","href":"https:\/\/api.w.org\/{rel}","templated":true}]}}