{"id":14314,"date":"2020-08-21T09:00:33","date_gmt":"2020-08-21T09:00:33","guid":{"rendered":"https:\/\/www.salvatorianas.org.br\/blog\/?p=14314"},"modified":"2020-08-21T23:05:05","modified_gmt":"2020-08-21T23:05:05","slug":"nota-de-apoio-e-adesao-a-carta-ao-povo-de-deus","status":"publish","type":"post","link":"https:\/\/www.salvatorianas.org.br\/blog\/nota-de-apoio-e-adesao-a-carta-ao-povo-de-deus\/","title":{"rendered":"NOTA DE APOIO E ADES\u00c3O \u00c0 \u201cCARTA AO POVO DE DEUS\u201d"},"content":{"rendered":"\n<p><strong>&#8220;Meu partido \u00e9 a pobreza. A minha pol\u00edtica \u00e9 a do amor ao pr\u00f3ximo.\u201d<\/strong> (Santa Dulce dos Pobres)<\/p>\n\n\n\n<p>N\u00f3s\nIrm\u00e3s do Divino Salvador \u2013 Salvatorianas, com Sedes Provinciais em Lages\/SC e\nSanta B\u00e1rbara d&#8217;Oeste\/SP, mission\u00e1rias presentes em v\u00e1rios Estados do\nBrasil:&nbsp; Santa Catarina, Rio Grande do\nSul, Paran\u00e1, S\u00e3o Paulo, Rio de Janeiro, Bahia, Cear\u00e1, Maranh\u00e3o, em Mo\u00e7ambique e\nna It\u00e1lia, declaramos nosso apoio e ades\u00e3o ao posicionamento prof\u00e9tico dos 152\nbispos na carta ao Povo de Deus. <\/p>\n\n\n\n<p>Diante\nda atual situa\u00e7\u00e3odo Brasil,concordamos que \u201cessa realidade n\u00e3o\ncomporta indiferen\u00e7a\u201d. &nbsp;Como seguidoras de Jesus e do seu\nprojeto, que deu especial aten\u00e7\u00e3o aos pobres, aos exclu\u00eddos e despojados\nde sua dignidade, denunciando a tirania e a hipocrisia dos l\u00edderes do seu\ntempo, somos chamadas a ler os sinais dos tempos com consci\u00eancia cr\u00edtica, e a construir pontes de\nmiseric\u00f3rdia e de justi\u00e7a com o povo. <\/p>\n\n\n\n<p>A\ncarta aborda temas graves que requerem a\u00e7\u00f5es governamentais a curto prazo, pois\nest\u00e1 em risco o presente e o futuro da sustentabilidade da vida em nosso\npa\u00eds.&nbsp; A pandemia da Covid-19 escancarou,\nal\u00e9m da crise sanit\u00e1ria, a crise do sistema &nbsp;s\u00f3cio-pol\u00edtico-econ\u00f4mico-educacional, e a crise clim\u00e1tica e ecol\u00f3gica,\nem curso. O momento requer das lideran\u00e7as do pa\u00eds capacidade de articula\u00e7\u00e3o e\ndi\u00e1logo para buscar solu\u00e7\u00f5es consistentes aos problemas estruturais. <\/p>\n\n\n\n<p><strong>Vemos <\/strong>nossa casa comum t\u00e3o\nsofrida e explorada pela gan\u00e2ncia de grupos econ\u00f4micos, que concentram o lucro,\nem detrimento da vida das trabalhadoras e trabalhadores do campo e da cidade, bem\ncomo da vida de toda a cria\u00e7\u00e3o. <\/p>\n\n\n\n<p><strong>Ouvimos <\/strong>o clamor dos pobres, que gritam por\nsa\u00fade, moradia, educa\u00e7\u00e3o, trabalho, justi\u00e7a, cuidados e dignidade. <\/p>\n\n\n\n<p><strong>Sentimos<\/strong> que chegou a hora de, juntos construirmos\nnovos caminhos, para que \u201c<em>todos\ntenham vida e a tenham em abund\u00e2ncia\u201d (Jo10,10).<\/em><\/p>\n\n\n\n<p><strong>Acreditamos<\/strong> e nos <strong>comprometemos<\/strong> com os\nprojetos do Papa Francisco, entre eles a proposta de uma nova economia a\nservi\u00e7o da vida, socialmente\njusta, economicamente vi\u00e1vel, ambientalmente sustent\u00e1vel e eticamente\nrespons\u00e1vel.<\/p>\n\n\n\n<p>\u201cNa d\u00favida, fique do lado dos pobres\u201d. (Dom Pedro Casald\u00e1liga) <\/p>\n\n\n\n<p>Pelas duas Prov\u00edncias, &nbsp;&nbsp;&nbsp;&nbsp;&nbsp;&nbsp;&nbsp;&nbsp;&nbsp; <\/p>\n\n\n\n<p style=\"text-align:right\">21 de agosto de 2020.<\/p>\n\n\n\n<p style=\"text-align:center\">  Ir. Sandra Regina A. de Souza <br> Coordenadora Provincial  <br> Lages\/SC&nbsp;&nbsp;&nbsp;&nbsp;  <\/p>\n\n\n\n<p style=\"text-align:center\"> <br> Ir. Eny Xavier <br> Coordenadora Provincial  <br>  Santa B\u00e1rbara d\u2019Oeste\/SP  <br><\/p>\n","protected":false},"excerpt":{"rendered":"<p>&#8220;Meu partido \u00e9 a pobreza. A minha pol\u00edtica \u00e9 a do amor ao pr\u00f3ximo.\u201d (Santa Dulce dos Pobres) N\u00f3s Irm\u00e3s do Divino Salvador \u2013 Salvatorianas, com Sedes Provinciais em Lages\/SC e Santa B\u00e1rbara&#8230;<\/p>\n","protected":false},"author":2,"featured_media":14320,"comment_status":"open","ping_status":"open","sticky":false,"template":"","format":"standard","meta":[],"categories":[1],"tags":[],"_links":{"self":[{"href":"https:\/\/www.salvatorianas.org.br\/blog\/wp-json\/wp\/v2\/posts\/14314"}],"collection":[{"href":"https:\/\/www.salvatorianas.org.br\/blog\/wp-json\/wp\/v2\/posts"}],"about":[{"href":"https:\/\/www.salvatorianas.org.br\/blog\/wp-json\/wp\/v2\/types\/post"}],"author":[{"embeddable":true,"href":"https:\/\/www.salvatorianas.org.br\/blog\/wp-json\/wp\/v2\/users\/2"}],"replies":[{"embeddable":true,"href":"https:\/\/www.salvatorianas.org.br\/blog\/wp-json\/wp\/v2\/comments?post=14314"}],"version-history":[{"count":4,"href":"https:\/\/www.salvatorianas.org.br\/blog\/wp-json\/wp\/v2\/posts\/14314\/revisions"}],"predecessor-version":[{"id":14319,"href":"https:\/\/www.salvatorianas.org.br\/blog\/wp-json\/wp\/v2\/posts\/14314\/revisions\/14319"}],"wp:featuredmedia":[{"embeddable":true,"href":"https:\/\/www.salvatorianas.org.br\/blog\/wp-json\/wp\/v2\/media\/14320"}],"wp:attachment":[{"href":"https:\/\/www.salvatorianas.org.br\/blog\/wp-json\/wp\/v2\/media?parent=14314"}],"wp:term":[{"taxonomy":"category","embeddable":true,"href":"https:\/\/www.salvatorianas.org.br\/blog\/wp-json\/wp\/v2\/categories?post=14314"},{"taxonomy":"post_tag","embeddable":true,"href":"https:\/\/www.salvatorianas.org.br\/blog\/wp-json\/wp\/v2\/tags?post=14314"}],"curies":[{"name":"wp","href":"https:\/\/api.w.org\/{rel}","templated":true}]}}