{"id":14284,"date":"2020-08-15T12:19:15","date_gmt":"2020-08-15T12:19:15","guid":{"rendered":"https:\/\/www.salvatorianas.org.br\/blog\/?p=14284"},"modified":"2020-08-15T12:19:17","modified_gmt":"2020-08-15T12:19:17","slug":"7o-dia-de-falecimento-da-ir-terezinha-ilustre-de-souza","status":"publish","type":"post","link":"https:\/\/www.salvatorianas.org.br\/blog\/7o-dia-de-falecimento-da-ir-terezinha-ilustre-de-souza\/","title":{"rendered":"7\u00ba dia de falecimento da Ir. Terezinha Ilustre de Souza"},"content":{"rendered":"\n<p> Celebramos hoje, 15 de agosto, o 7\u00ba dia de falecimento da  Ir.\u00a0Terezinha Ilustre de Souza. Fa\u00e7amos mem\u00f3ria da sua bela hist\u00f3ria de vida e miss\u00e3o atrav\u00e9s de sua biografia, em forma de gratid\u00e3o e prece. <\/p>\n\n\n\n<p><strong>BIOGRAFIA &#8211; IR.\u00a0TEREZINHA ILUSTRE DE SOUZA<\/strong>\u00a0<\/p>\n\n\n\n<p>Ir.&nbsp;Terezinha Ilustre de\nSouza nasceu no dia 27 de Setembro de 1936 em Catanduva\/RS. Era a primeira dos\nnove filhos de Jo\u00e3o Ilustre de Souza e Ol\u00eddia Ilustre de Souza.&nbsp;Tinha&nbsp;3\nirm\u00e3os homens e 5 mulheres.&nbsp;Recebeu o sacramento do Batismo no dia 21 de\nmar\u00e7o de 1937 em Gravata\u00ed\/RS, a Primeira Eucaristia no dia 16 de outubro e a\nCrisma no 15 de dezembro de 1948 em Gravata\u00ed\/RS.<\/p>\n\n\n\n<p>A semente da voca\u00e7\u00e3o \u00e0 Vida\nReligiosa Consagrada foi cultivada em seu cora\u00e7\u00e3o, terra boa e f\u00e9rtil, cuidada\npelos valores crist\u00e3os vivenciados em fam\u00edlia e na comunidade crist\u00e3.&nbsp;Atuante\nna comunidade sempre participava com entusiasmo do grupo de jovens, das\njornadas eucar\u00edsticas, da catequese, da equipe vocacional e dos encontros de\nfam\u00edlias. Cultivava um amor profundo a Deus e o desejo de servi-lo. Desde muito\ncedo com ouvido atento \u00e0 voz de Deus, decidiu seguir o chamado \u00e0 vida religiosa.\nEste desejo a orientava e a movia internamente.&nbsp; <\/p>\n\n\n\n<p>Centrando sua vida e seu desejo\nno desejo de Deus, mantendo-se firme e disposta a seguir os passos de Jesus\npara responder ao chamado de Deus, ingressou na Congrega\u00e7\u00e3o no dia 25 de Janeiro\nde 1958, em Porto Alegre\/RS, e a partir do Postulantado fez todo o per\u00edodo de\nforma\u00e7\u00e3o \u00e0 Vida Consagrada Salvatoriana, em Videira\/SC. Ap\u00f3s este per\u00edodo, professou\nos Primeiros Votos no dia 02 de fevereiro de 1962 e os Votos Perp\u00e9tuos no dia\n02 de fevereiro de 1968, em Videira\/SC.<\/p>\n\n\n\n<p>Nas suas atividades apost\u00f3licas\natuou na \u00e1rea da enfermagem dedicando-se com esmero no cuidado dos doentes &#8211;\ndemonstrando carinho, aten\u00e7\u00e3o, solicitude com todos. Atuou no Hospital\nMunicipal de Passo Fundo, no Hospital Nossa Senhora de F\u00e1tima, em Coronal\nFreitas\/SC, no Hospital S\u00e3o Jo\u00e3o Batista, em Imaru\u00ed\/SC, no Hospital Santa Terezinha,\nem Cir\u00edaco\/RS, na Comunidade Salvatoriana e no Hospital e Maternidade Municipal\nSanto Ant\u00f4nio, em Lebon R\u00e9gis\/SC, no Hospital S\u00e3o Luiz, em Campo Alegre\/SC, na Comunidade\nSalvatoriana, em Monda\u00ed\/SC, na Comunidade Salvatoriana e no Hospital da Funda\u00e7\u00e3o\nM\u00e9dica Assistencial ao Trabalhador Rural, em S\u00e3o Louren\u00e7o do Oeste\/SC, na comunidade\nSanta Isabel, em Passo Fundo\/RS e ultimamente residia na comunidade Rainha da\nPaz, em Florian\u00f3polis\/SC.<\/p>\n\n\n\n<p>Viveu o carisma salvatoriano\natrav\u00e9s da simplicidade, da acolhida e do amor a Jesus Salvador. Sentia\nprofunda alegria em pertencer a uma congrega\u00e7\u00e3o com um carisma t\u00e3o abrangente.\nO que a sustentava na caminhada era o seguimento a Cristo Salvador, a vida dos\nfundadores, o exemplo e testemunho de tantas irm\u00e3s que conseguiram seguir com\nf\u00e9 a caminhada na vida religiosa.<\/p>\n\n\n\n<p>A devo\u00e7\u00e3o ao sagrado cora\u00e7\u00e3o de\nJesus pela ora\u00e7\u00e3o, contempla\u00e7\u00e3o, for\u00e7a positiva da mente, medita\u00e7\u00e3o, eucaristia\ne perseveran\u00e7a a tornava forte diante dos sofrimentos. Em suas ora\u00e7\u00f5es\npartilhava reflex\u00f5es profundas que brotavam da escuta e medita\u00e7\u00e3o da Palavra de\nDeus.&nbsp; Com dificuldade para ler, buscava\nhumildemente ajuda na coirm\u00e3. Em partilhas assim rezava: <strong><em>&#8220;Sagrado Cora\u00e7\u00e3o de Jesus,\neu confio e espero em V\u00f3s&#8221;. \u201cMeu Jesus, miseric\u00f3rdia!&#8221;<\/em><\/strong><\/p>\n\n\n\n<p>Ir. Terezinha se destacava pela\namabilidade, simplicidade, delicadeza, calma, ternura, sil\u00eancio, amor \u00e0 cruz e\nao pr\u00f3ximo, principalmente aos pobres e doentes. Sempre estava a servi\u00e7o dos\noutros. Como religiosa salvatoriana deixou a seguinte mensagem: <em>A Vida religiosa \u00e9 linda demais, \u00e9\ngratificante gastar a vida por causa do Reino de Jesus Salvador, torn\u00e1-lo\nconhecido e amado atrav\u00e9s da doa\u00e7\u00e3o de cada dia.<\/em><\/p>\n\n\n\n<p>Querida Ir. Terezinha, descanse\nem paz e contemple agora Deus Salvador face a face na plenitude. Junto aos\nsantos ap\u00f3stolos interceda pela vida e miss\u00e3o salvatoriana e por todo o povo de\nDeus. <\/p>\n","protected":false},"excerpt":{"rendered":"<p>Celebramos hoje, 15 de agosto, o 7\u00ba dia de falecimento da Ir.\u00a0Terezinha Ilustre de Souza. Fa\u00e7amos mem\u00f3ria da sua bela hist\u00f3ria de vida e miss\u00e3o atrav\u00e9s de sua biografia, em forma de gratid\u00e3o&#8230;<\/p>\n","protected":false},"author":2,"featured_media":14285,"comment_status":"open","ping_status":"open","sticky":false,"template":"","format":"standard","meta":[],"categories":[1],"tags":[],"_links":{"self":[{"href":"https:\/\/www.salvatorianas.org.br\/blog\/wp-json\/wp\/v2\/posts\/14284"}],"collection":[{"href":"https:\/\/www.salvatorianas.org.br\/blog\/wp-json\/wp\/v2\/posts"}],"about":[{"href":"https:\/\/www.salvatorianas.org.br\/blog\/wp-json\/wp\/v2\/types\/post"}],"author":[{"embeddable":true,"href":"https:\/\/www.salvatorianas.org.br\/blog\/wp-json\/wp\/v2\/users\/2"}],"replies":[{"embeddable":true,"href":"https:\/\/www.salvatorianas.org.br\/blog\/wp-json\/wp\/v2\/comments?post=14284"}],"version-history":[{"count":1,"href":"https:\/\/www.salvatorianas.org.br\/blog\/wp-json\/wp\/v2\/posts\/14284\/revisions"}],"predecessor-version":[{"id":14286,"href":"https:\/\/www.salvatorianas.org.br\/blog\/wp-json\/wp\/v2\/posts\/14284\/revisions\/14286"}],"wp:featuredmedia":[{"embeddable":true,"href":"https:\/\/www.salvatorianas.org.br\/blog\/wp-json\/wp\/v2\/media\/14285"}],"wp:attachment":[{"href":"https:\/\/www.salvatorianas.org.br\/blog\/wp-json\/wp\/v2\/media?parent=14284"}],"wp:term":[{"taxonomy":"category","embeddable":true,"href":"https:\/\/www.salvatorianas.org.br\/blog\/wp-json\/wp\/v2\/categories?post=14284"},{"taxonomy":"post_tag","embeddable":true,"href":"https:\/\/www.salvatorianas.org.br\/blog\/wp-json\/wp\/v2\/tags?post=14284"}],"curies":[{"name":"wp","href":"https:\/\/api.w.org\/{rel}","templated":true}]}}