{"id":14252,"date":"2020-08-13T17:28:58","date_gmt":"2020-08-13T17:28:58","guid":{"rendered":"https:\/\/www.salvatorianas.org.br\/blog\/?p=14252"},"modified":"2020-08-13T18:10:41","modified_gmt":"2020-08-13T18:10:41","slug":"encontro-das-coordenadoras-das-comunidades-da-provincia-santa-catarina-e-provincia-sao-paulo","status":"publish","type":"post","link":"https:\/\/www.salvatorianas.org.br\/blog\/encontro-das-coordenadoras-das-comunidades-da-provincia-santa-catarina-e-provincia-sao-paulo\/","title":{"rendered":"Encontro das coordenadoras das comunidades da Prov\u00edncia Santa Catarina e Prov\u00edncia S\u00e3o Paulo"},"content":{"rendered":"\n<p>No dia 11 de agosto, aconteceu o encontro on-line com as Coordenadoras das Comunidades Salvatorianas. Foi um momento de fortalecer o nosso ser consagrado na miss\u00e3o de coordenar e animar a vida em comunidade. O mesmo foi marcado pela calorosa e entusiasta participa\u00e7\u00e3o de cada uma e pela alegria da presen\u00e7a das Irm\u00e3s da Prov\u00edncia S\u00e3o Paulo \u2013 tempo de ressignificar e de encontrar novas formas de colabora\u00e7\u00e3o como prov\u00edncias salvatorianas brasileiras. <\/p>\n\n\n\n<p>O encontro\nteve como objetivo principal possibilitar um\nmomento de cultivo, de viv\u00eancia, de fortalecimento da nossa espiritualidade\nenquanto coordenadoras da comunidade, atrav\u00e9s da proposta de leitura orante.<\/p>\n\n\n\n<p>A assessoria do encontro ficou por conta da Ir. Annette Havenne, da Congrega\u00e7\u00e3o das Irm\u00e3s de Santa Maria, que iniciou sua fala dizendo: \u201cEste encontro quer refor\u00e7ar nossa imunidade espiritual\u201d.  Na oportunidade,&nbsp;afirmou:&nbsp;  \u201cA Palavra de Deus n\u00e3o muda, quem muda somos n\u00f3s\u201d. Gratid\u00e3o a Ir. Annette pelas provoca\u00e7\u00f5es.<\/p>\n\n\n\n<p>O encontro,\nneste contexto da pandemia, favoreceu nossa&nbsp;profunda comunh\u00e3o com o mundo que sofre. Foi dedicado um instante de sil\u00eancio por todas as v\u00edtimas da Covid-19\ne suas fam\u00edlias.&nbsp;S\u00e3o muitas as demandas que nos\nenvolvem no cuidado sol\u00edcito com a vida em comunidade, com a vida do outro que\nest\u00e1 perto e longe de n\u00f3s.&nbsp;<\/p>\n\n\n\n<p>Nossa gratid\u00e3o \u00e0s jovens formandas do Brasil e Mo\u00e7ambique que rezaram conosco. Em comunh\u00e3o, seguimos no caminho de Jesus Salvador imbu\u00eddas de esp\u00edrito apost\u00f3lico, como recomenda nosso fundador, Francisco Jordan.<\/p>\n\n\n\n<figure class=\"wp-block-image\"><img decoding=\"async\" loading=\"lazy\" width=\"1024\" height=\"599\" src=\"https:\/\/www.salvatorianas.org.br\/blog\/wp-content\/uploads\/2020\/08\/Imagem1-1024x599.jpg\" alt=\"\" class=\"wp-image-14253\" srcset=\"https:\/\/www.salvatorianas.org.br\/blog\/wp-content\/uploads\/2020\/08\/Imagem1-1024x599.jpg 1024w, https:\/\/www.salvatorianas.org.br\/blog\/wp-content\/uploads\/2020\/08\/Imagem1-300x176.jpg 300w, https:\/\/www.salvatorianas.org.br\/blog\/wp-content\/uploads\/2020\/08\/Imagem1-768x449.jpg 768w, https:\/\/www.salvatorianas.org.br\/blog\/wp-content\/uploads\/2020\/08\/Imagem1.jpg 1041w\" sizes=\"(max-width: 1024px) 100vw, 1024px\" \/><\/figure>\n\n\n\n<figure class=\"wp-block-image\"><img decoding=\"async\" loading=\"lazy\" width=\"1024\" height=\"599\" src=\"https:\/\/www.salvatorianas.org.br\/blog\/wp-content\/uploads\/2020\/08\/Imagem2-1024x599.jpg\" alt=\"\" class=\"wp-image-14254\" srcset=\"https:\/\/www.salvatorianas.org.br\/blog\/wp-content\/uploads\/2020\/08\/Imagem2-1024x599.jpg 1024w, https:\/\/www.salvatorianas.org.br\/blog\/wp-content\/uploads\/2020\/08\/Imagem2-300x175.jpg 300w, https:\/\/www.salvatorianas.org.br\/blog\/wp-content\/uploads\/2020\/08\/Imagem2-768x449.jpg 768w, https:\/\/www.salvatorianas.org.br\/blog\/wp-content\/uploads\/2020\/08\/Imagem2.jpg 1035w\" sizes=\"(max-width: 1024px) 100vw, 1024px\" \/><\/figure>\n\n\n\n<figure class=\"wp-block-image\"><img decoding=\"async\" loading=\"lazy\" width=\"1024\" height=\"599\" src=\"https:\/\/www.salvatorianas.org.br\/blog\/wp-content\/uploads\/2020\/08\/Imagem3-1024x599.jpg\" alt=\"\" class=\"wp-image-14255\" srcset=\"https:\/\/www.salvatorianas.org.br\/blog\/wp-content\/uploads\/2020\/08\/Imagem3-1024x599.jpg 1024w, https:\/\/www.salvatorianas.org.br\/blog\/wp-content\/uploads\/2020\/08\/Imagem3-300x175.jpg 300w, https:\/\/www.salvatorianas.org.br\/blog\/wp-content\/uploads\/2020\/08\/Imagem3-768x449.jpg 768w, https:\/\/www.salvatorianas.org.br\/blog\/wp-content\/uploads\/2020\/08\/Imagem3.jpg 1043w\" sizes=\"(max-width: 1024px) 100vw, 1024px\" \/><\/figure>\n\n\n\n<figure class=\"wp-block-image\"><img decoding=\"async\" loading=\"lazy\" width=\"1024\" height=\"514\" src=\"https:\/\/www.salvatorianas.org.br\/blog\/wp-content\/uploads\/2020\/08\/Imagem5-1024x514.jpg\" alt=\"\" class=\"wp-image-14256\" srcset=\"https:\/\/www.salvatorianas.org.br\/blog\/wp-content\/uploads\/2020\/08\/Imagem5-1024x514.jpg 1024w, https:\/\/www.salvatorianas.org.br\/blog\/wp-content\/uploads\/2020\/08\/Imagem5-300x151.jpg 300w, https:\/\/www.salvatorianas.org.br\/blog\/wp-content\/uploads\/2020\/08\/Imagem5-768x385.jpg 768w, https:\/\/www.salvatorianas.org.br\/blog\/wp-content\/uploads\/2020\/08\/Imagem5.jpg 1042w\" sizes=\"(max-width: 1024px) 100vw, 1024px\" \/><\/figure>\n\n\n\n<figure class=\"wp-block-image\"><img decoding=\"async\" loading=\"lazy\" width=\"1024\" height=\"540\" src=\"https:\/\/www.salvatorianas.org.br\/blog\/wp-content\/uploads\/2020\/08\/Imagem7-1024x540.jpg\" alt=\"\" class=\"wp-image-14257\" srcset=\"https:\/\/www.salvatorianas.org.br\/blog\/wp-content\/uploads\/2020\/08\/Imagem7-1024x540.jpg 1024w, https:\/\/www.salvatorianas.org.br\/blog\/wp-content\/uploads\/2020\/08\/Imagem7-300x158.jpg 300w, https:\/\/www.salvatorianas.org.br\/blog\/wp-content\/uploads\/2020\/08\/Imagem7-768x405.jpg 768w, https:\/\/www.salvatorianas.org.br\/blog\/wp-content\/uploads\/2020\/08\/Imagem7.jpg 1041w\" sizes=\"(max-width: 1024px) 100vw, 1024px\" \/><\/figure>\n","protected":false},"excerpt":{"rendered":"<p>No dia 11 de agosto, aconteceu o encontro on-line com as Coordenadoras das Comunidades Salvatorianas. Foi um momento de fortalecer o nosso ser consagrado na miss\u00e3o de coordenar e animar a vida em&#8230;<\/p>\n","protected":false},"author":2,"featured_media":14261,"comment_status":"open","ping_status":"open","sticky":false,"template":"","format":"standard","meta":[],"categories":[1],"tags":[],"_links":{"self":[{"href":"https:\/\/www.salvatorianas.org.br\/blog\/wp-json\/wp\/v2\/posts\/14252"}],"collection":[{"href":"https:\/\/www.salvatorianas.org.br\/blog\/wp-json\/wp\/v2\/posts"}],"about":[{"href":"https:\/\/www.salvatorianas.org.br\/blog\/wp-json\/wp\/v2\/types\/post"}],"author":[{"embeddable":true,"href":"https:\/\/www.salvatorianas.org.br\/blog\/wp-json\/wp\/v2\/users\/2"}],"replies":[{"embeddable":true,"href":"https:\/\/www.salvatorianas.org.br\/blog\/wp-json\/wp\/v2\/comments?post=14252"}],"version-history":[{"count":2,"href":"https:\/\/www.salvatorianas.org.br\/blog\/wp-json\/wp\/v2\/posts\/14252\/revisions"}],"predecessor-version":[{"id":14260,"href":"https:\/\/www.salvatorianas.org.br\/blog\/wp-json\/wp\/v2\/posts\/14252\/revisions\/14260"}],"wp:featuredmedia":[{"embeddable":true,"href":"https:\/\/www.salvatorianas.org.br\/blog\/wp-json\/wp\/v2\/media\/14261"}],"wp:attachment":[{"href":"https:\/\/www.salvatorianas.org.br\/blog\/wp-json\/wp\/v2\/media?parent=14252"}],"wp:term":[{"taxonomy":"category","embeddable":true,"href":"https:\/\/www.salvatorianas.org.br\/blog\/wp-json\/wp\/v2\/categories?post=14252"},{"taxonomy":"post_tag","embeddable":true,"href":"https:\/\/www.salvatorianas.org.br\/blog\/wp-json\/wp\/v2\/tags?post=14252"}],"curies":[{"name":"wp","href":"https:\/\/api.w.org\/{rel}","templated":true}]}}