{"id":14243,"date":"2020-08-11T13:40:06","date_gmt":"2020-08-11T13:40:06","guid":{"rendered":"https:\/\/www.salvatorianas.org.br\/blog\/?p=14243"},"modified":"2020-08-11T13:40:12","modified_gmt":"2020-08-11T13:40:12","slug":"encontro-das-junioristas-salvatorianas-3","status":"publish","type":"post","link":"https:\/\/www.salvatorianas.org.br\/blog\/encontro-das-junioristas-salvatorianas-3\/","title":{"rendered":"Encontro das Junioristas Salvatorianas"},"content":{"rendered":"\n<p>No dia 10 de agosto, &nbsp;as\nIrm\u00e3s Junioristas Idiavina da F\u00e1tima Baessa, Joana O. Janu\u00e1rio e Patr\u00edcia\nSantana participaram do primeiro encontro on-line da Prov\u00edncia Santa Catarina. Em\ntempos de pandemia do coronav\u00edrus, se faz necess\u00e1rio a utiliza\u00e7\u00e3o das\ntecnologias que nos aproximam e ajudam a responder as demandas impostas pela\nCovid-19. Colocando em pr\u00e1tica o que Padre Jordan encarregou-nos a utilizar\n\u201ctodos os modos e meios que o amor de Cristo inspirar&#8221;, o encontro\naconteceu via plataforma Google Meet, que possibilitou as Irm\u00e3s olharem atrav\u00e9s\nda tela, trocarem experi\u00eancias e partilharem a vida, ressignificando sua voca\u00e7\u00e3o-miss\u00e3o\nsalvatoriana. <\/p>\n\n\n\n<p>Somos agradecidas ao Divino Salvador e a Prov\u00edncia por mais\nessa oportunidade de crescimento, comunh\u00e3o, f\u00e9 e partilha. Neste m\u00eas vocacional,\ncontinuamos rezando pelas voca\u00e7\u00f5es, para que o Senhor da messe continue\nchamando muitas oper\u00e1rias \u00e0 sua messe!<\/p>\n","protected":false},"excerpt":{"rendered":"<p>No dia 10 de agosto, &nbsp;as Irm\u00e3s Junioristas Idiavina da F\u00e1tima Baessa, Joana O. Janu\u00e1rio e Patr\u00edcia Santana participaram do primeiro encontro on-line da Prov\u00edncia Santa Catarina. Em tempos de pandemia do coronav\u00edrus,&#8230;<\/p>\n","protected":false},"author":2,"featured_media":14244,"comment_status":"open","ping_status":"open","sticky":false,"template":"","format":"standard","meta":[],"categories":[1],"tags":[],"_links":{"self":[{"href":"https:\/\/www.salvatorianas.org.br\/blog\/wp-json\/wp\/v2\/posts\/14243"}],"collection":[{"href":"https:\/\/www.salvatorianas.org.br\/blog\/wp-json\/wp\/v2\/posts"}],"about":[{"href":"https:\/\/www.salvatorianas.org.br\/blog\/wp-json\/wp\/v2\/types\/post"}],"author":[{"embeddable":true,"href":"https:\/\/www.salvatorianas.org.br\/blog\/wp-json\/wp\/v2\/users\/2"}],"replies":[{"embeddable":true,"href":"https:\/\/www.salvatorianas.org.br\/blog\/wp-json\/wp\/v2\/comments?post=14243"}],"version-history":[{"count":1,"href":"https:\/\/www.salvatorianas.org.br\/blog\/wp-json\/wp\/v2\/posts\/14243\/revisions"}],"predecessor-version":[{"id":14245,"href":"https:\/\/www.salvatorianas.org.br\/blog\/wp-json\/wp\/v2\/posts\/14243\/revisions\/14245"}],"wp:featuredmedia":[{"embeddable":true,"href":"https:\/\/www.salvatorianas.org.br\/blog\/wp-json\/wp\/v2\/media\/14244"}],"wp:attachment":[{"href":"https:\/\/www.salvatorianas.org.br\/blog\/wp-json\/wp\/v2\/media?parent=14243"}],"wp:term":[{"taxonomy":"category","embeddable":true,"href":"https:\/\/www.salvatorianas.org.br\/blog\/wp-json\/wp\/v2\/categories?post=14243"},{"taxonomy":"post_tag","embeddable":true,"href":"https:\/\/www.salvatorianas.org.br\/blog\/wp-json\/wp\/v2\/tags?post=14243"}],"curies":[{"name":"wp","href":"https:\/\/api.w.org\/{rel}","templated":true}]}}