{"id":14217,"date":"2020-08-09T17:20:29","date_gmt":"2020-08-09T17:20:29","guid":{"rendered":"https:\/\/www.salvatorianas.org.br\/blog\/?p=14217"},"modified":"2020-08-09T17:21:55","modified_gmt":"2020-08-09T17:21:55","slug":"comunicado-de-falecimento-24","status":"publish","type":"post","link":"https:\/\/www.salvatorianas.org.br\/blog\/comunicado-de-falecimento-24\/","title":{"rendered":"COMUNICADO DE FALECIMENTO"},"content":{"rendered":"\n<p><strong>\u201cExistem muitas moradas na casa de meu Pai. Se n\u00e3o fosse assim, eu lhes teria dito, porque vou preparar um lugar para voc\u00eas. E quando eu for e lhes tiver preparado um lugar, voltarei e levarei voc\u00eas comigo, para que onde eu estiver, estejam voc\u00eas tamb\u00e9m\u201d.&nbsp;<\/strong>(Jo\u00e3o 14, 2-3) <\/p>\n\n\n\n<p>Irm\u00e3 Terezinha Ilustre de Souza, aos 83 anos de vida e 58 anos de Vida Consagrada Salvatoriana, recebe o \u00faltimo chamado de Deus para o encontro definitivo com Ele<em>.<\/em><\/p>\n\n\n\n<p>Comunicamos o seu falecimento ocorrido dia 09 de agosto de 2020 no Hospital Imperial de Caridade em Florian\u00f3polis\/SC.<\/p>\n\n\n\n<p>A celebra\u00e7\u00e3o de encomenda\u00e7\u00e3o acontecer\u00e1 dia 10 de agosto e em seguida sepultamento no Cemit\u00e9rio Municipal de Campo Alegre\/SC.  Rezemos  juntas pelo descanso eterno da Irm\u00e3 Terezinha.<\/p>\n\n\n\n<p> N\u00f3s, Im\u00e3s Salvatorianas e familiares compartilhamos esse momento de f\u00e9 e de entrega a Deus Salvador pela vida dessa nossa querida Irm\u00e3. <\/p>\n\n\n\n<p>Nossa f\u00e9 est\u00e1 alicer\u00e7ada na ressurrei\u00e7\u00e3o porque Deus nos criou \u00e0 sua imagem para algo al\u00e9m do que n\u00f3s podemos experimentar aqui e agora. Descanse em paz,  Irm\u00e3 Terezinha Ilustre de Souza . Obrigada por sua VIDA doada na Miss\u00e3o Salvatoriana!<\/p>\n\n\n\n<p><\/p>\n","protected":false},"excerpt":{"rendered":"<p>\u201cExistem muitas moradas na casa de meu Pai. Se n\u00e3o fosse assim, eu lhes teria dito, porque vou preparar um lugar para voc\u00eas. E quando eu for e lhes tiver preparado um lugar,&#8230;<\/p>\n","protected":false},"author":2,"featured_media":14218,"comment_status":"open","ping_status":"open","sticky":false,"template":"","format":"standard","meta":[],"categories":[1],"tags":[],"_links":{"self":[{"href":"https:\/\/www.salvatorianas.org.br\/blog\/wp-json\/wp\/v2\/posts\/14217"}],"collection":[{"href":"https:\/\/www.salvatorianas.org.br\/blog\/wp-json\/wp\/v2\/posts"}],"about":[{"href":"https:\/\/www.salvatorianas.org.br\/blog\/wp-json\/wp\/v2\/types\/post"}],"author":[{"embeddable":true,"href":"https:\/\/www.salvatorianas.org.br\/blog\/wp-json\/wp\/v2\/users\/2"}],"replies":[{"embeddable":true,"href":"https:\/\/www.salvatorianas.org.br\/blog\/wp-json\/wp\/v2\/comments?post=14217"}],"version-history":[{"count":3,"href":"https:\/\/www.salvatorianas.org.br\/blog\/wp-json\/wp\/v2\/posts\/14217\/revisions"}],"predecessor-version":[{"id":14221,"href":"https:\/\/www.salvatorianas.org.br\/blog\/wp-json\/wp\/v2\/posts\/14217\/revisions\/14221"}],"wp:featuredmedia":[{"embeddable":true,"href":"https:\/\/www.salvatorianas.org.br\/blog\/wp-json\/wp\/v2\/media\/14218"}],"wp:attachment":[{"href":"https:\/\/www.salvatorianas.org.br\/blog\/wp-json\/wp\/v2\/media?parent=14217"}],"wp:term":[{"taxonomy":"category","embeddable":true,"href":"https:\/\/www.salvatorianas.org.br\/blog\/wp-json\/wp\/v2\/categories?post=14217"},{"taxonomy":"post_tag","embeddable":true,"href":"https:\/\/www.salvatorianas.org.br\/blog\/wp-json\/wp\/v2\/tags?post=14217"}],"curies":[{"name":"wp","href":"https:\/\/api.w.org\/{rel}","templated":true}]}}