{"id":14193,"date":"2020-08-08T13:01:22","date_gmt":"2020-08-08T13:01:22","guid":{"rendered":"https:\/\/www.salvatorianas.org.br\/blog\/?p=14193"},"modified":"2020-08-08T13:08:07","modified_gmt":"2020-08-08T13:08:07","slug":"encontro-do-gt-plano-de-formacao-e-capacitacao","status":"publish","type":"post","link":"https:\/\/www.salvatorianas.org.br\/blog\/encontro-do-gt-plano-de-formacao-e-capacitacao\/","title":{"rendered":"Encontro do GT Plano de Forma\u00e7\u00e3o e Capacita\u00e7\u00e3o"},"content":{"rendered":"\n<p><strong>\u201c N\u00e3o ensinamos o que sabemos, ensinamos quem somos.\u201d <\/strong>(Parker Palmer)<\/p>\n\n\n\n<p>Na sexta-feira, 07 de agosto, aconteceu o primeiro encontro on-line com o GT Plano de Forma\u00e7\u00e3o e Capacita\u00e7\u00e3o da Prov\u00edncia. Participa deste GT as Irm\u00e3s: Zenaide Alves da Luz, Lourdes Oro, Ema Mel\u00e2nia Zago, Geni Rodrigues da Fonseca, S\u00f4nia Estela Agostini Neuza Cericato, Lisete Buganti e Sandra Regina Alves de Souza.<\/p>\n\n\n\n<p>No\nprimeiro momento do encontro, a Coordenadora Provincial, Ir. Sandra Regina\nAlves de Souza,&nbsp;acolheu as Irm\u00e3s presentes expressando: \u201cN\u00f3s da Equipe de Coordena\u00e7\u00e3o\nProvincial acolhemos voc\u00eas com carinho. Sintam a vibra\u00e7\u00e3o do nosso abra\u00e7o, de\nnossa alegria chegando ai pela rede\u201d. Na sequ\u00eancia, Ir. S\u00f4nia dinamizou um\nmomento de espiritualidade \u00e0 luz dos textos b\u00edblicos: I Cor\u00edntios 2,14-16;\n12,8-10 e Prov\u00e9rbios 2, 1-6. <\/p>\n\n\n\n<p>Dando continuidade ao di\u00e1logo, Ir. Lisete fez uma breve mem\u00f3ria do processo realizado at\u00e9 aqui. Nesta ocasi\u00e3o, Rodnei Balbinot, assessor e facilitador do GT, conduziu um momento de reflex\u00e3o sobre o projeto de Forma\u00e7\u00e3o em Miss\u00e3o, sua din\u00e2mica, os movimentos da forma\u00e7\u00e3o, as concep\u00e7\u00f5es, \u00a0conceitos, rela\u00e7\u00f5es e diferen\u00e7as e por fim os passos principais para a elabora\u00e7\u00e3o do Plano. <\/p>\n\n\n\n<p>O\nencontro oportunizou momento de enriquecimento m\u00fatuo, de deixar-nos contagiar\npelo entusiasmo, esperan\u00e7a, ressignifica\u00e7\u00e3o pessoal-provincial, compromisso\nconfian\u00e7a em Deus providente e o fortalecimento da nossa miss\u00e3o de Corpo\nApost\u00f3lico.<\/p>\n\n\n\n<p>No t\u00e9rmino do encontro, as Irm\u00e3s rezaram a ora\u00e7\u00e3o do Pai Nosso, trazendo presente todas as&nbsp; fam\u00edlias, fazendo men\u00e7\u00e3o e enviando as felicita\u00e7\u00f5es ao Rodinei, os pais que somam conosco na miss\u00e3o, os pais de nossos educandos pela passagem do dia dos pais que celebramos no pr\u00f3ximo domingo.<\/p>\n\n\n\n<figure class=\"wp-block-image\"><img decoding=\"async\" loading=\"lazy\" width=\"1024\" height=\"436\" src=\"https:\/\/www.salvatorianas.org.br\/blog\/wp-content\/uploads\/2020\/08\/WhatsApp-Image-2020-08-07-at-17.35.17-1024x436.jpeg\" alt=\"\" class=\"wp-image-14194\" srcset=\"https:\/\/www.salvatorianas.org.br\/blog\/wp-content\/uploads\/2020\/08\/WhatsApp-Image-2020-08-07-at-17.35.17-1024x436.jpeg 1024w, https:\/\/www.salvatorianas.org.br\/blog\/wp-content\/uploads\/2020\/08\/WhatsApp-Image-2020-08-07-at-17.35.17-300x128.jpeg 300w, https:\/\/www.salvatorianas.org.br\/blog\/wp-content\/uploads\/2020\/08\/WhatsApp-Image-2020-08-07-at-17.35.17-768x327.jpeg 768w, https:\/\/www.salvatorianas.org.br\/blog\/wp-content\/uploads\/2020\/08\/WhatsApp-Image-2020-08-07-at-17.35.17.jpeg 1280w\" sizes=\"(max-width: 1024px) 100vw, 1024px\" \/><\/figure>\n","protected":false},"excerpt":{"rendered":"<p>\u201c N\u00e3o ensinamos o que sabemos, ensinamos quem somos.\u201d (Parker Palmer) Na sexta-feira, 07 de agosto, aconteceu o primeiro encontro on-line com o GT Plano de Forma\u00e7\u00e3o e Capacita\u00e7\u00e3o da Prov\u00edncia. Participa deste&#8230;<\/p>\n","protected":false},"author":2,"featured_media":14195,"comment_status":"open","ping_status":"open","sticky":false,"template":"","format":"standard","meta":[],"categories":[1],"tags":[],"_links":{"self":[{"href":"https:\/\/www.salvatorianas.org.br\/blog\/wp-json\/wp\/v2\/posts\/14193"}],"collection":[{"href":"https:\/\/www.salvatorianas.org.br\/blog\/wp-json\/wp\/v2\/posts"}],"about":[{"href":"https:\/\/www.salvatorianas.org.br\/blog\/wp-json\/wp\/v2\/types\/post"}],"author":[{"embeddable":true,"href":"https:\/\/www.salvatorianas.org.br\/blog\/wp-json\/wp\/v2\/users\/2"}],"replies":[{"embeddable":true,"href":"https:\/\/www.salvatorianas.org.br\/blog\/wp-json\/wp\/v2\/comments?post=14193"}],"version-history":[{"count":6,"href":"https:\/\/www.salvatorianas.org.br\/blog\/wp-json\/wp\/v2\/posts\/14193\/revisions"}],"predecessor-version":[{"id":14205,"href":"https:\/\/www.salvatorianas.org.br\/blog\/wp-json\/wp\/v2\/posts\/14193\/revisions\/14205"}],"wp:featuredmedia":[{"embeddable":true,"href":"https:\/\/www.salvatorianas.org.br\/blog\/wp-json\/wp\/v2\/media\/14195"}],"wp:attachment":[{"href":"https:\/\/www.salvatorianas.org.br\/blog\/wp-json\/wp\/v2\/media?parent=14193"}],"wp:term":[{"taxonomy":"category","embeddable":true,"href":"https:\/\/www.salvatorianas.org.br\/blog\/wp-json\/wp\/v2\/categories?post=14193"},{"taxonomy":"post_tag","embeddable":true,"href":"https:\/\/www.salvatorianas.org.br\/blog\/wp-json\/wp\/v2\/tags?post=14193"}],"curies":[{"name":"wp","href":"https:\/\/api.w.org\/{rel}","templated":true}]}}