{"id":14183,"date":"2020-08-06T16:07:23","date_gmt":"2020-08-06T16:07:23","guid":{"rendered":"https:\/\/www.salvatorianas.org.br\/blog\/?p=14183"},"modified":"2020-08-06T16:12:26","modified_gmt":"2020-08-06T16:12:26","slug":"oracao-juventude-e-vocacao","status":"publish","type":"post","link":"https:\/\/www.salvatorianas.org.br\/blog\/oracao-juventude-e-vocacao\/","title":{"rendered":"ORA\u00c7\u00c3O &#8211; JUVENTUDES E VOCA\u00c7\u00c3O"},"content":{"rendered":"\n<p style=\"text-align:center\"><strong>\u201c\u2026Vosso amor me ilumina enquanto vos consagro meu cora\u00e7\u00e3o\u201d.&nbsp;<\/strong> (Madre Maria dos Ap\u00f3stolos)<\/p>\n\n\n\n<p> Hoje \u00e9 o dia que a Fam\u00edlia Salvatoriana e comunidades se unem para juntos rezar as diferentes realidades juvenis. Nesta primeira quinta-feira (06) do m\u00eas de agosto, as Comunidades Salvatorianas s\u00e3o convidadas a fazer comunh\u00e3o orante com os jovens e a voca\u00e7\u00e3o. <\/p>\n\n\n\n<p>Todas e todos somos chamados(as) em especial neste m\u00eas de agosto a aprofundar o sentido da voca\u00e7\u00e3o que recebemos e ajudar aos jovens a discernir seu chamado. O Papa Francisco, muito iluminado, nos desafia a acreditar e esperan\u00e7ar na renova\u00e7\u00e3o e potencialidade da juventude, mesmo diante de tempos dif\u00edceis que nos encontramos.<\/p>\n\n\n\n<p>Para realizar a pr\u00f3pria voca\u00e7\u00e3o, \u00e9 necess\u00e1rio, fazer germinar e crescer tudo aquilo que a pessoa \u00e9. N\u00e3o se trata de inventar-se, criar-se a si mesmo do nada, mas descobrir-se a si mesmo \u00e0 luz de Deus e fazer florescer o pr\u00f3prio ser. \u201cDeus chama em todas as idades da vida- desde o seio materno at\u00e9 a velhice &#8211; mas a juventude \u00e9 o tempo privilegiado da escuta, disponibilidade e a\u00e7\u00e3o com os jovens e para os jovens\u201d (140pag.118) A tua voca\u00e7\u00e3o orienta-te para tirares fora o melhor de ti mesmo para a gl\u00f3ria de Deus e para o bem dos outros.<\/p>\n\n\n\n<ol><li><strong>Voca\u00e7\u00e3o n\u00e3o \u00e9 um peso em nossas costas<\/strong><br>O convite do Senhor n\u00e3o \u00e9 uma interfer\u00eancia de Deus na nossa liberdade; n\u00e3o \u00e9 uma jaula que nos aprisiona. Pelo contr\u00e1rio, \u00e9 a iniciativa amorosa com que Deus vem ao nosso encontro e nos convida a entrar num grande projeto, do qual nos quer participantes.<\/li><li><strong>X\u00f4, in\u00e9rcia!<\/strong><br>O desejo de Deus \u00e9 que a nossa vida n\u00e3o se torne banal, n\u00e3o se deixe arrastar pela in\u00e9rcia dos h\u00e1bitos de todos os dias, nem permane\u00e7a parada diante das op\u00e7\u00f5es que poderiam dar significado \u00e0 nossa exist\u00eancia. A voca\u00e7\u00e3o \u00e9 um convite a n\u00e3o ficar parado, e sim para seguir Jesus pelo caminho que Ele pensou para n\u00f3s.<\/li><li><strong>Ousadia e alegria<\/strong><br>Abra\u00e7ar o projeto de Deus requer a coragem de arriscar uma escolha. Para aceitar o chamado do Senhor, \u00e9 preciso deixar-se envolver totalmente e correr o risco de enfrentar um desafio in\u00e9dito. \u00c9 preciso deixar tudo o que poderia nos manter amarrados, impedindo-nos de fazer uma escolha definitiva. \u00c9 preciso aud\u00e1cia para descobrir o projeto que Deus tem para a nossa vida. N\u00e3o h\u00e1 alegria maior do que arriscar a vida pelo Senhor!<\/li><li><strong>N\u00e3o sejam surdos!<\/strong><br>A voca\u00e7\u00e3o nos faz portadores de uma promessa de bem, amor e justi\u00e7a para toda a sociedade, que precisa de crist\u00e3os corajosos, testemunhas aut\u00eanticas do Reino de Deus. Por isso, n\u00e3o sejam surdos ao chamado do Senhor! Se Ele te chama, n\u00e3o se oponha e confie n\u2019Ele. N\u00e3o se deixe contagiar pelo medo que nos paralisa. Lembre-se que o Senhor promete a alegria de uma vida nova \u00e0queles que O seguem, que enchem o cora\u00e7\u00e3o e animam o caminho.<\/li><li><strong>Precisamos olhar para Maria<\/strong><br>Na hist\u00f3ria daquela jovem, a voca\u00e7\u00e3o foi uma promessa e, simultaneamente, um risco. A sua miss\u00e3o n\u00e3o foi f\u00e1cil, mas Ela n\u00e3o permitiu que o medo a vencesse. O SIM de Maria \u00e9 de quem quer comprometer-se e arriscar-se, de quem quer apostar tudo, que confia sem exigir garantia. Maria teve, sem d\u00favida, uma miss\u00e3o dif\u00edcil, mas as dificuldades n\u00e3o foram motivo para dizer \u201cn\u00e3o&#8221;.<\/li><\/ol>\n\n\n\n<p><strong>Vamos juntos rezar pelos nossos jovens <\/strong> \ud83d\ude4f\ud83c\udfff <strong>:\u00a0<\/strong><\/p>\n\n\n\n<p>\n\nConfira tamb\u00e9m outras ora\u00e7\u00f5es pelas Juventudes \u2013&nbsp;<\/p>\n\n\n\n<p><\/p>\n","protected":false},"excerpt":{"rendered":"<p>\u201c\u2026Vosso amor me ilumina enquanto vos consagro meu cora\u00e7\u00e3o\u201d.&nbsp; (Madre Maria dos Ap\u00f3stolos) Hoje \u00e9 o dia que a Fam\u00edlia Salvatoriana e comunidades se unem para juntos rezar as diferentes realidades juvenis. Nesta&#8230;<\/p>\n","protected":false},"author":2,"featured_media":14184,"comment_status":"open","ping_status":"open","sticky":false,"template":"","format":"standard","meta":[],"categories":[1,39],"tags":[],"_links":{"self":[{"href":"https:\/\/www.salvatorianas.org.br\/blog\/wp-json\/wp\/v2\/posts\/14183"}],"collection":[{"href":"https:\/\/www.salvatorianas.org.br\/blog\/wp-json\/wp\/v2\/posts"}],"about":[{"href":"https:\/\/www.salvatorianas.org.br\/blog\/wp-json\/wp\/v2\/types\/post"}],"author":[{"embeddable":true,"href":"https:\/\/www.salvatorianas.org.br\/blog\/wp-json\/wp\/v2\/users\/2"}],"replies":[{"embeddable":true,"href":"https:\/\/www.salvatorianas.org.br\/blog\/wp-json\/wp\/v2\/comments?post=14183"}],"version-history":[{"count":5,"href":"https:\/\/www.salvatorianas.org.br\/blog\/wp-json\/wp\/v2\/posts\/14183\/revisions"}],"predecessor-version":[{"id":14191,"href":"https:\/\/www.salvatorianas.org.br\/blog\/wp-json\/wp\/v2\/posts\/14183\/revisions\/14191"}],"wp:featuredmedia":[{"embeddable":true,"href":"https:\/\/www.salvatorianas.org.br\/blog\/wp-json\/wp\/v2\/media\/14184"}],"wp:attachment":[{"href":"https:\/\/www.salvatorianas.org.br\/blog\/wp-json\/wp\/v2\/media?parent=14183"}],"wp:term":[{"taxonomy":"category","embeddable":true,"href":"https:\/\/www.salvatorianas.org.br\/blog\/wp-json\/wp\/v2\/categories?post=14183"},{"taxonomy":"post_tag","embeddable":true,"href":"https:\/\/www.salvatorianas.org.br\/blog\/wp-json\/wp\/v2\/tags?post=14183"}],"curies":[{"name":"wp","href":"https:\/\/api.w.org\/{rel}","templated":true}]}}