{"id":14134,"date":"2020-07-31T19:01:49","date_gmt":"2020-07-31T19:01:49","guid":{"rendered":"https:\/\/www.salvatorianas.org.br\/blog\/?p=14134"},"modified":"2020-07-31T22:04:08","modified_gmt":"2020-07-31T22:04:08","slug":"momento-de-formacao-para-liderancas-da-rede-salvatoriana","status":"publish","type":"post","link":"https:\/\/www.salvatorianas.org.br\/blog\/momento-de-formacao-para-liderancas-da-rede-salvatoriana\/","title":{"rendered":"Momento de forma\u00e7\u00e3o para lideran\u00e7as da Rede Salvatoriana"},"content":{"rendered":"\n<p>Na manh\u00e3 desta sexta-feira (31), mais de 120 lideran\u00e7as Salvatorianas participaram do encontro formativo, sob o tema: <strong>\u201cFrancisco Jordan e uma espiritualidade para tempos dif\u00edceis\u201d<\/strong>. Organizado pela Equipe de Coordena\u00e7\u00e3o Provincial, o evento on-line foi assessorado pelo Pe. Milton Zonta, Superior Geral da Sociedade do Divino Salvador (Salvatorianos). Esta conex\u00e3o de Irm\u00e3s e Irm\u00e3os, reuniu lideran\u00e7as de Mo\u00e7ambique, Qu\u00eania, Roma, Brasil e contou com a presen\u00e7a da coordena\u00e7\u00e3o da Fam\u00edlia Salvatoriana do Brasil.<\/p>\n\n\n\n<p>Na alegria do encontro, todos os participantes foram acolhidos pela Coordenadora Provincial, Ir. Sandra Regina Alves de Souza, que a todos ressaltou \u201cNa beleza da diversidade de voca\u00e7\u00f5es, dons, profiss\u00f5es, atividades, culturas, formamos aqui um corpo apost\u00f3lico Salvatoriano. Confesso que me emocionava enquanto ia lendo e contemplando a lista de participa\u00e7\u00e3o com os nomes e a fun\u00e7\u00e3o de cada um e de cada uma de voc\u00eas em nossas institui\u00e7\u00f5es e apostolados. Brotaram dentro de mim quatro sentimentos mais fortes: alegria, confian\u00e7a, gratid\u00e3o e esperan\u00e7a &#8211; Uma imensa alegria por sermos uma fam\u00edlia, uma Rede Salvatoriana a servi\u00e7o da vida,\u00a0 uma\u00a0 confian\u00e7a no presente e no futuro de nossa miss\u00e3o no mundo,\u00a0 uma feliz gratid\u00e3o por contar com\u00a0 voc\u00eas na Miss\u00e3o Salvatoriana; e uma renovada esperan\u00e7a com tudo que ainda podemos juntos e juntas ser, partilhar, vivenciar, sonhar e realizar pelo reino de Deus&#8230; Muito obrigada por tudo o que voc\u00eas s\u00e3o e realizam em nossos apostolados\u201d.<\/p>\n\n\n\n<p>No in\u00edcio da sua explana\u00e7\u00e3o, Pe. Milton fez alguns questionamentos como: \u201cSer\u00e1 que uma pessoa que viveu h\u00e1 mais de 100 anos, pode nos dizer algo em meio a essa pandemia que se expande pelo mundo? Que tipo de valores a exist\u00eancia de Francisco Jordan nos inspira, nesses tempos de crise?&nbsp;&nbsp; O que Pe. Jordan faria se ele estivesse hoje aqui? E como ele faria?\u201d<\/p>\n\n\n\n<figure class=\"wp-block-image\"><img decoding=\"async\" loading=\"lazy\" width=\"1024\" height=\"573\" src=\"https:\/\/www.salvatorianas.org.br\/blog\/wp-content\/uploads\/2020\/07\/milton-1024x573.png\" alt=\"\" class=\"wp-image-14135\" srcset=\"https:\/\/www.salvatorianas.org.br\/blog\/wp-content\/uploads\/2020\/07\/milton-1024x573.png 1024w, https:\/\/www.salvatorianas.org.br\/blog\/wp-content\/uploads\/2020\/07\/milton-300x168.png 300w, https:\/\/www.salvatorianas.org.br\/blog\/wp-content\/uploads\/2020\/07\/milton-768x430.png 768w, https:\/\/www.salvatorianas.org.br\/blog\/wp-content\/uploads\/2020\/07\/milton.png 1270w\" sizes=\"(max-width: 1024px) 100vw, 1024px\" \/><\/figure>\n\n\n\n<p><\/p>\n\n\n\n<p>Frente a esses questionamentos, Pe. Milton frisou a import\u00e2ncia do discernimento, ou seja, ler os sinais dos tempos com os olhos de Deus, para identificar a luz entre as trevas. Dito isto, afirmou que Pe. Jordan nos convida neste tempo, \u00e0 pondera\u00e7\u00e3o. Na oportunidade, relembrou uma frase de Pe. Jordan que diz: <em>\u201cO que poderemos fazer, se n\u00e3o formos iluminados e guiados pelo Esp\u00edrito Santo? Rezar para que possam discernir o Esp\u00edrito de Deus e o esp\u00edrito das trevas\u201d<\/em>. Dessa forma, indicou que precisamos ser guiados com a ajuda do Esp\u00edrito Santo, pois Ele nos provoca e nos inquieta, com algumas perguntas que o <em>Google<\/em> n\u00e3o responde como: \u201cQuem nos salva desta crise? Em quem n\u00f3s podemos colocar nossa esperan\u00e7a? Quem de fato est\u00e1 preocupado em escutar o grito dos que mais sofrem?\u201d <\/p>\n\n\n\n<p>Na sua reflex\u00e3o, trouxe aspectos da realidade da pandemia que assolam o mundo, que trazem consigo sentimentos de incertezas, solid\u00e3o, medo, distanciamento, etc. \u201cPrecisamos nos dar conta deste verdadeiro sinal dos tempos, porque estamos defronte ao mundo novo e ferido, uma nova \u00e9poca\u201d, adverte Pe. Milton. Ap\u00f3s apresentar esta realidade complexa, evidenciou cinco frases de Pe. Francisco Maria da Cruz Jordan, frases estas que v\u00eam nos inspirar neste ciclo de profundas mudan\u00e7as e, ao mesmo tempo, compreender a estrutura de pensamento de Pe. Jordan.<\/p>\n\n\n\n<p><strong> <\/strong>1\u00aa frase: <strong>\u201cPor estrela e guia de minha vida, devo tomar: a luz da raz\u00e3o e a luz da f\u00e9.\u201d <\/strong> <br> 2\u00aa frase:<strong> \u201cTorna-te grande diante de Deus, e n\u00e3o diante do mundo!\u201d<\/strong> <br> 3\u00aa frase: <strong>\u201cN\u00e3o Sossegueis at\u00e9 que todos conhe\u00e7am, amem e sirvam a Jesus, o Salvador.\u201d<\/strong> <br> 4\u00aa frase: <strong>\u201cEmprega todos os meios poss\u00edveis, para salvar a todos!\u201d<\/strong> <br> 5\u00aa frase:<strong> \u201cA todos, \u00f3 Salvador do mundo, desejo ardentemente salvar a todos!\u201d<\/strong><\/p>\n\n\n\n<p>A partir de cada cita\u00e7\u00e3o, Pe.\nMilton foi destacando elementos fundamentais da Espiritualidade Salvatoriana,\numa vez que todos somos chamados a n\u00e3o olhar a realidade de maneira\nsuperficial, mas \u00e0 luz do Esp\u00edrito Santo; a fazer a experi\u00eancia de conhecer,\namar, seguir e anunciar o Salvador; a centrar a nossa vida em Jesus e deixar\nque Ele nos sustente, nos d\u00ea for\u00e7as para seguirmos em frente; a ter uma vida de\nora\u00e7\u00e3o; a compartilhar a vida e o p\u00e3o com os irm\u00e3os e irm\u00e3s; a ser comunh\u00e3o; a\nser ap\u00f3stolos de Jesus, cooperadores da miss\u00e3o de Deus&#8230;<\/p>\n\n\n\n<p>\u201cTrabalhar em rede portanto, \u00e9 a\nmelhor riqueza que n\u00f3s temos para oferecer nos tempos de hoje. Esse \u00e9 o tempo de\nfazer ver que n\u00f3s precisamos uns dos outros, que precisamos nos apoiar, que\nprecisamos de sustenta\u00e7\u00e3o rec\u00edproca, desde os grandes projetos, que podemos\nfazer juntos, at\u00e9 pequenas coisas; curar feridas entre n\u00f3s, perdoar-se mutuamente,\nabrir o c\u00edrculo da miss\u00e3o\u201d, fez quest\u00e3o de real\u00e7ar Pe. Milton. <\/p>\n\n\n\n<p>Ao concluir sua reflex\u00e3o Pe.\nMilton sublinha que \u201cfazer parte de uma obra Salvatoriana \u00e9 um modo de existir;\n\u00e9 ser sal e luz do mundo; \u00e9 ajudar outras pessoas a se encontrarem com Jesus\nCristo e a ter uma vida transformada\u201d. &nbsp;Ainda citou uma frase do Papa Francisco \u201cTodos\nsomos necess\u00e1rios e importantes, precisamos remar juntos, n\u00e3o tenham medo\u201d. <\/p>\n\n\n\n<p>Por fim, a Conselheira e\nCoordenadora da Gest\u00e3o Apost\u00f3lica, Ir. S\u00f4nia Estela Agostini, agradeceu \u00e0s\nUnidades pela participa\u00e7\u00e3o, por serem protagonistas na Miss\u00e3o Salvatoriana e\ndesejou a todos um aben\u00e7oado segundo semestre. \u201cN\u00f3s equipe de coordena\u00e7\u00e3o\nprovincial temos e queremos expressar a cada um, a cada uma de voc\u00eas que fazem\nacontecer a miss\u00e3o Salvatoriana, gratid\u00e3o pela vida doada, por levar mensagens\nde vida e esperan\u00e7a a todos, por n\u00e3o medir esfor\u00e7os, por sustentar e superar\nmuitas dificuldades e desafios que aparecem, por vibrar a cada conquista, por\nlevar a alegria a muitos lugares, pessoas e fam\u00edlias. Pela busca incessante de\nconhecer e tornar conhecido o Divino Salvador, sendo Ele o nosso alicerce e\nalicerce de muitas e muitas vidas\u201d, enfatiza Ir. S\u00f4nia.<\/p>\n\n\n\n<p style=\"text-align:center\"><strong>Seremos respons\u00e1veis por levar o Teu nome, \u00d3 Cristo Salvador! Ajudai-nos em nossa miss\u00e3o!<\/strong><\/p>\n\n\n\n<figure class=\"wp-block-image\"><img decoding=\"async\" loading=\"lazy\" width=\"1024\" height=\"461\" src=\"https:\/\/www.salvatorianas.org.br\/blog\/wp-content\/uploads\/2020\/07\/WhatsApp-Image-2020-07-31-at-09.18.30-1024x461.jpeg\" alt=\"\" class=\"wp-image-14136\" srcset=\"https:\/\/www.salvatorianas.org.br\/blog\/wp-content\/uploads\/2020\/07\/WhatsApp-Image-2020-07-31-at-09.18.30-1024x461.jpeg 1024w, https:\/\/www.salvatorianas.org.br\/blog\/wp-content\/uploads\/2020\/07\/WhatsApp-Image-2020-07-31-at-09.18.30-300x135.jpeg 300w, https:\/\/www.salvatorianas.org.br\/blog\/wp-content\/uploads\/2020\/07\/WhatsApp-Image-2020-07-31-at-09.18.30-768x346.jpeg 768w, https:\/\/www.salvatorianas.org.br\/blog\/wp-content\/uploads\/2020\/07\/WhatsApp-Image-2020-07-31-at-09.18.30.jpeg 1280w\" sizes=\"(max-width: 1024px) 100vw, 1024px\" \/><\/figure>\n\n\n\n<figure class=\"wp-block-image\"><img decoding=\"async\" loading=\"lazy\" width=\"1024\" height=\"488\" src=\"https:\/\/www.salvatorianas.org.br\/blog\/wp-content\/uploads\/2020\/07\/03-1-1024x488.jpg\" alt=\"\" class=\"wp-image-14137\" srcset=\"https:\/\/www.salvatorianas.org.br\/blog\/wp-content\/uploads\/2020\/07\/03-1-1024x488.jpg 1024w, https:\/\/www.salvatorianas.org.br\/blog\/wp-content\/uploads\/2020\/07\/03-1-300x143.jpg 300w, https:\/\/www.salvatorianas.org.br\/blog\/wp-content\/uploads\/2020\/07\/03-1-768x366.jpg 768w\" sizes=\"(max-width: 1024px) 100vw, 1024px\" \/><\/figure>\n\n\n\n<figure class=\"wp-block-image\"><img decoding=\"async\" loading=\"lazy\" width=\"1024\" height=\"465\" src=\"https:\/\/www.salvatorianas.org.br\/blog\/wp-content\/uploads\/2020\/07\/04-1024x465.jpeg\" alt=\"\" class=\"wp-image-14138\" srcset=\"https:\/\/www.salvatorianas.org.br\/blog\/wp-content\/uploads\/2020\/07\/04-1024x465.jpeg 1024w, https:\/\/www.salvatorianas.org.br\/blog\/wp-content\/uploads\/2020\/07\/04-300x136.jpeg 300w, https:\/\/www.salvatorianas.org.br\/blog\/wp-content\/uploads\/2020\/07\/04-768x349.jpeg 768w, https:\/\/www.salvatorianas.org.br\/blog\/wp-content\/uploads\/2020\/07\/04.jpeg 1280w\" sizes=\"(max-width: 1024px) 100vw, 1024px\" \/><\/figure>\n\n\n\n<figure class=\"wp-block-image\"><img decoding=\"async\" loading=\"lazy\" width=\"1024\" height=\"481\" src=\"https:\/\/www.salvatorianas.org.br\/blog\/wp-content\/uploads\/2020\/07\/05-1-1024x481.jpg\" alt=\"\" class=\"wp-image-14139\" srcset=\"https:\/\/www.salvatorianas.org.br\/blog\/wp-content\/uploads\/2020\/07\/05-1-1024x481.jpg 1024w, https:\/\/www.salvatorianas.org.br\/blog\/wp-content\/uploads\/2020\/07\/05-1-300x141.jpg 300w, https:\/\/www.salvatorianas.org.br\/blog\/wp-content\/uploads\/2020\/07\/05-1-768x361.jpg 768w\" sizes=\"(max-width: 1024px) 100vw, 1024px\" \/><\/figure>\n\n\n\n<figure class=\"wp-block-image\"><img decoding=\"async\" loading=\"lazy\" width=\"1024\" height=\"576\" src=\"https:\/\/www.salvatorianas.org.br\/blog\/wp-content\/uploads\/2020\/07\/06-1024x576.jpeg\" alt=\"\" class=\"wp-image-14140\" srcset=\"https:\/\/www.salvatorianas.org.br\/blog\/wp-content\/uploads\/2020\/07\/06-1024x576.jpeg 1024w, https:\/\/www.salvatorianas.org.br\/blog\/wp-content\/uploads\/2020\/07\/06-300x169.jpeg 300w, https:\/\/www.salvatorianas.org.br\/blog\/wp-content\/uploads\/2020\/07\/06-768x432.jpeg 768w, https:\/\/www.salvatorianas.org.br\/blog\/wp-content\/uploads\/2020\/07\/06.jpeg 1280w\" sizes=\"(max-width: 1024px) 100vw, 1024px\" \/><\/figure>\n\n\n\n<figure class=\"wp-block-image\"><img decoding=\"async\" loading=\"lazy\" width=\"1024\" height=\"473\" src=\"https:\/\/www.salvatorianas.org.br\/blog\/wp-content\/uploads\/2020\/07\/07-1-1024x473.jpg\" alt=\"\" class=\"wp-image-14141\" srcset=\"https:\/\/www.salvatorianas.org.br\/blog\/wp-content\/uploads\/2020\/07\/07-1-1024x473.jpg 1024w, https:\/\/www.salvatorianas.org.br\/blog\/wp-content\/uploads\/2020\/07\/07-1-300x138.jpg 300w, https:\/\/www.salvatorianas.org.br\/blog\/wp-content\/uploads\/2020\/07\/07-1-768x354.jpg 768w\" sizes=\"(max-width: 1024px) 100vw, 1024px\" \/><\/figure>\n\n\n\n<figure class=\"wp-block-image\"><img decoding=\"async\" loading=\"lazy\" width=\"1024\" height=\"576\" src=\"https:\/\/www.salvatorianas.org.br\/blog\/wp-content\/uploads\/2020\/07\/09-1024x576.jpeg\" alt=\"\" class=\"wp-image-14142\" srcset=\"https:\/\/www.salvatorianas.org.br\/blog\/wp-content\/uploads\/2020\/07\/09-1024x576.jpeg 1024w, https:\/\/www.salvatorianas.org.br\/blog\/wp-content\/uploads\/2020\/07\/09-300x169.jpeg 300w, https:\/\/www.salvatorianas.org.br\/blog\/wp-content\/uploads\/2020\/07\/09-768x432.jpeg 768w, https:\/\/www.salvatorianas.org.br\/blog\/wp-content\/uploads\/2020\/07\/09.jpeg 1280w\" sizes=\"(max-width: 1024px) 100vw, 1024px\" \/><\/figure>\n\n\n\n<figure class=\"wp-block-image\"><img decoding=\"async\" loading=\"lazy\" width=\"1024\" height=\"576\" src=\"https:\/\/www.salvatorianas.org.br\/blog\/wp-content\/uploads\/2020\/07\/10-1-1024x576.jpg\" alt=\"\" class=\"wp-image-14143\" srcset=\"https:\/\/www.salvatorianas.org.br\/blog\/wp-content\/uploads\/2020\/07\/10-1-1024x576.jpg 1024w, https:\/\/www.salvatorianas.org.br\/blog\/wp-content\/uploads\/2020\/07\/10-1-300x169.jpg 300w, https:\/\/www.salvatorianas.org.br\/blog\/wp-content\/uploads\/2020\/07\/10-1-768x432.jpg 768w, https:\/\/www.salvatorianas.org.br\/blog\/wp-content\/uploads\/2020\/07\/10-1.jpg 1280w\" sizes=\"(max-width: 1024px) 100vw, 1024px\" \/><\/figure>\n\n\n\n<figure class=\"wp-block-image\"><img decoding=\"async\" loading=\"lazy\" width=\"1024\" height=\"576\" src=\"https:\/\/www.salvatorianas.org.br\/blog\/wp-content\/uploads\/2020\/07\/11-1024x576.jpeg\" alt=\"\" class=\"wp-image-14144\" srcset=\"https:\/\/www.salvatorianas.org.br\/blog\/wp-content\/uploads\/2020\/07\/11-1024x576.jpeg 1024w, https:\/\/www.salvatorianas.org.br\/blog\/wp-content\/uploads\/2020\/07\/11-300x169.jpeg 300w, https:\/\/www.salvatorianas.org.br\/blog\/wp-content\/uploads\/2020\/07\/11-768x432.jpeg 768w, https:\/\/www.salvatorianas.org.br\/blog\/wp-content\/uploads\/2020\/07\/11.jpeg 1280w\" sizes=\"(max-width: 1024px) 100vw, 1024px\" \/><\/figure>\n","protected":false},"excerpt":{"rendered":"<p>Na manh\u00e3 desta sexta-feira (31), mais de 120 lideran\u00e7as Salvatorianas participaram do encontro formativo, sob o tema: \u201cFrancisco Jordan e uma espiritualidade para tempos dif\u00edceis\u201d. Organizado pela Equipe de Coordena\u00e7\u00e3o Provincial, o evento&#8230;<\/p>\n","protected":false},"author":2,"featured_media":14145,"comment_status":"open","ping_status":"open","sticky":false,"template":"","format":"standard","meta":[],"categories":[1],"tags":[],"_links":{"self":[{"href":"https:\/\/www.salvatorianas.org.br\/blog\/wp-json\/wp\/v2\/posts\/14134"}],"collection":[{"href":"https:\/\/www.salvatorianas.org.br\/blog\/wp-json\/wp\/v2\/posts"}],"about":[{"href":"https:\/\/www.salvatorianas.org.br\/blog\/wp-json\/wp\/v2\/types\/post"}],"author":[{"embeddable":true,"href":"https:\/\/www.salvatorianas.org.br\/blog\/wp-json\/wp\/v2\/users\/2"}],"replies":[{"embeddable":true,"href":"https:\/\/www.salvatorianas.org.br\/blog\/wp-json\/wp\/v2\/comments?post=14134"}],"version-history":[{"count":4,"href":"https:\/\/www.salvatorianas.org.br\/blog\/wp-json\/wp\/v2\/posts\/14134\/revisions"}],"predecessor-version":[{"id":14152,"href":"https:\/\/www.salvatorianas.org.br\/blog\/wp-json\/wp\/v2\/posts\/14134\/revisions\/14152"}],"wp:featuredmedia":[{"embeddable":true,"href":"https:\/\/www.salvatorianas.org.br\/blog\/wp-json\/wp\/v2\/media\/14145"}],"wp:attachment":[{"href":"https:\/\/www.salvatorianas.org.br\/blog\/wp-json\/wp\/v2\/media?parent=14134"}],"wp:term":[{"taxonomy":"category","embeddable":true,"href":"https:\/\/www.salvatorianas.org.br\/blog\/wp-json\/wp\/v2\/categories?post=14134"},{"taxonomy":"post_tag","embeddable":true,"href":"https:\/\/www.salvatorianas.org.br\/blog\/wp-json\/wp\/v2\/tags?post=14134"}],"curies":[{"name":"wp","href":"https:\/\/api.w.org\/{rel}","templated":true}]}}