{"id":14090,"date":"2020-07-28T12:25:10","date_gmt":"2020-07-28T12:25:10","guid":{"rendered":"https:\/\/www.salvatorianas.org.br\/blog\/?p=14090"},"modified":"2020-07-28T12:35:35","modified_gmt":"2020-07-28T12:35:35","slug":"crb-de-santa-catarina-celebra-50-anos","status":"publish","type":"post","link":"https:\/\/www.salvatorianas.org.br\/blog\/crb-de-santa-catarina-celebra-50-anos\/","title":{"rendered":"CRB de Santa Catarina celebra 50 anos"},"content":{"rendered":"\n<p><strong>Entoemos a\u00e7\u00e3o de gra\u00e7as e cantemos um canto novo ao Deus da Vida, porque eterno \u00e9 Seu amor, ao longo dos 50 anos de CRB-SC!<\/strong><\/p>\n\n\n\n<p>Irmanadas\/os com todas as Congrega\u00e7\u00f5es que formam a grande\nfam\u00edlia ampliada da CRB, somos convidadas\/os a olhar mais profundamente nossa\nhist\u00f3ria jubilar com gratid\u00e3o, louvor e esperan\u00e7a; paradoxalmente, nos\nsensibilizamos com \u00e0 triste&nbsp; realidade\nque nos rodeia nesse tempo sofrido de pandemia; solidarizamo-nos com milhares\nde fam\u00edlias que perderam seus entes queridos, com a dor de tantas vidas\ndizimadas precocemente e de tantos profissionais da sa\u00fade, incans\u00e1veis\nsamaritanos\/as, arriscando suas vidas, no cuidado de outras vidas. <\/p>\n\n\n\n<p>O ano jubilar \u00e9 tempo de agradecer a paix\u00e3o por Jesus e seu\nprojeto, a fidelidade \u00e0 voca\u00e7\u00e3o, o ardor pela miss\u00e3o, o zelo pela ora\u00e7\u00e3o, a\ngratuidade da vida comunit\u00e1ria, a esperan\u00e7a das sementes lan\u00e7adas, a alegria\ndos frutos colhidos e repartidos; tempo tamb\u00e9m, para contemplar a a\u00e7\u00e3o amorosa\nde Deus pelas m\u00e3os e cora\u00e7\u00f5es de muitas\/os consagradas\/os, que constru\u00edram e\nconstroem a linda hist\u00f3ria de f\u00e9, de testemunho e doa\u00e7\u00e3o, da VRC, ao longo dos\n50 anos, nesse ch\u00e3o Catarinense. <\/p>\n\n\n\n<p>Gostar\u00edamos de juntar-nos, numa grande concentra\u00e7\u00e3o em Lages, para culmin\u00e2ncia do ano jubilar, infelizmente tivemos que transferi-la para 2021; em vista disso, a Coordena\u00e7\u00e3o Regional preparou um <strong><a href=\"https:\/\/www.salvatorianas.org.br\/blog\/wp-content\/uploads\/2020\/07\/Tr%C3%ADduo-Jubilar-CRB-SC.pdf\" target=\"_blank\" rel=\"noreferrer noopener\" aria-label=\"Tr\u00edduo Jubilar (abre em uma nova aba)\">Tr\u00edduo Jubilar<\/a><\/strong>, para rezarmos com todas as comunidades religiosas, formando assim, uma forte corrente de comunh\u00e3o e unidade entre n\u00f3s. <strong>Dia 28\/07<\/strong> \u00e9 a data oficial da funda\u00e7\u00e3o da CRB\/Regional SC, animamos a cada comunidade que se organize para <strong>incluir em algum momento<\/strong> de sua programa\u00e7\u00e3o a ora\u00e7\u00e3o do <strong>tr\u00edduo<\/strong>. Assim, pela ora\u00e7\u00e3o, garantimos nossa unidade, conectadas umas\/uns com as\/os outras\/os pela for\u00e7a da Trindade Santa. Ser\u00e3o tr\u00eas dias que nos ajudar\u00e3o a fazermos uma releitura da nossa hist\u00f3ria, pelas lentes da Paix\u00e3o, da Gratid\u00e3o e da Esperan\u00e7a que nos moveram at\u00e9 aqui!<\/p>\n\n\n\n<p>Parab\u00e9ns, \u00e2nimo e copiosas b\u00ean\u00e7\u00e3os, querida VRC de SC!\nGratid\u00e3o a todas as Congrega\u00e7\u00f5es que aqui passaram e as que permanecem,\ncolaborando com a riqueza de seus carismas, colocados \u00e0 servi\u00e7o da justi\u00e7a, da\ndignidade e da promo\u00e7\u00e3o da vida!<\/p>\n\n\n\n<p>Com Maria, vamos \u00e0s pressas, unir-nos ainda mais, para\njuntos\/as buscarmos \u00e0 vontade de Deus, que certamente nos conduzir\u00e1 ao caminho\nque nos levar\u00e1 ao \u201csantu\u00e1rio da vida\u201d, t\u00e3o sofrida, desfigurada e maltratada\nnos rostos de nossos irm\u00e3os e irm\u00e3s, gritando para n\u00f3s, Vida Consagrada, uma\nresposta ainda mais generosa, prof\u00e9tica e audaciosa, nesse tempo de pandemia e\np\u00f3s pandemia, cujas consequ\u00eancias ser\u00e3o avassaladoras. E vamos prosseguir, com\npalavras encorajadoras do nosso querido Papa Francisco: \u201c<em>N\u00e3o deixeis que vos roubem a esperan\u00e7a<\/em>!\u201d <\/p>\n\n\n\n<p>Feliz e Aben\u00e7oado Jubileu, com muita sa\u00fade e paz, desejam os membros da Coordena\u00e7\u00e3o Regional: Ir. Irene Lorenzetti, icjs, Frei Edimar Fernando Moreira, O.Carm, Irm\u00e3o Eug\u00eanio Luedke Filho, msc, Ir. Rosil\u00e9a Aparecida Maia, idp e <\/p>\n\n\n\n<div class=\"wp-block-image\"><figure class=\"aligncenter is-resized\"><img decoding=\"async\" loading=\"lazy\" src=\"https:\/\/www.salvatorianas.org.br\/blog\/wp-content\/uploads\/2020\/07\/ASSINATURA.jpg\" alt=\"\" class=\"wp-image-14091\" width=\"192\" height=\"111\" srcset=\"https:\/\/www.salvatorianas.org.br\/blog\/wp-content\/uploads\/2020\/07\/ASSINATURA.jpg 513w, https:\/\/www.salvatorianas.org.br\/blog\/wp-content\/uploads\/2020\/07\/ASSINATURA-300x174.jpg 300w\" sizes=\"(max-width: 192px) 100vw, 192px\" \/><\/figure><\/div>\n\n\n\n<p style=\"text-align:center\">Ir. Silvia Regina Freitas, iens \u2013 Coordenadora da CRB\/SC<\/p>\n\n\n\n<p style=\"text-align:left\">  <br><strong>Fa\u00e7a o download da Celebra\u00e7\u00e3o\u00a0do\u00a0Tr\u00edduo\u00a0Jubilar:<\/strong><\/p>\n","protected":false},"excerpt":{"rendered":"<p>Entoemos a\u00e7\u00e3o de gra\u00e7as e cantemos um canto novo ao Deus da Vida, porque eterno \u00e9 Seu amor, ao longo dos 50 anos de CRB-SC! Irmanadas\/os com todas as Congrega\u00e7\u00f5es que formam a&#8230;<\/p>\n","protected":false},"author":2,"featured_media":14092,"comment_status":"open","ping_status":"open","sticky":false,"template":"","format":"standard","meta":[],"categories":[1],"tags":[],"_links":{"self":[{"href":"https:\/\/www.salvatorianas.org.br\/blog\/wp-json\/wp\/v2\/posts\/14090"}],"collection":[{"href":"https:\/\/www.salvatorianas.org.br\/blog\/wp-json\/wp\/v2\/posts"}],"about":[{"href":"https:\/\/www.salvatorianas.org.br\/blog\/wp-json\/wp\/v2\/types\/post"}],"author":[{"embeddable":true,"href":"https:\/\/www.salvatorianas.org.br\/blog\/wp-json\/wp\/v2\/users\/2"}],"replies":[{"embeddable":true,"href":"https:\/\/www.salvatorianas.org.br\/blog\/wp-json\/wp\/v2\/comments?post=14090"}],"version-history":[{"count":3,"href":"https:\/\/www.salvatorianas.org.br\/blog\/wp-json\/wp\/v2\/posts\/14090\/revisions"}],"predecessor-version":[{"id":14097,"href":"https:\/\/www.salvatorianas.org.br\/blog\/wp-json\/wp\/v2\/posts\/14090\/revisions\/14097"}],"wp:featuredmedia":[{"embeddable":true,"href":"https:\/\/www.salvatorianas.org.br\/blog\/wp-json\/wp\/v2\/media\/14092"}],"wp:attachment":[{"href":"https:\/\/www.salvatorianas.org.br\/blog\/wp-json\/wp\/v2\/media?parent=14090"}],"wp:term":[{"taxonomy":"category","embeddable":true,"href":"https:\/\/www.salvatorianas.org.br\/blog\/wp-json\/wp\/v2\/categories?post=14090"},{"taxonomy":"post_tag","embeddable":true,"href":"https:\/\/www.salvatorianas.org.br\/blog\/wp-json\/wp\/v2\/tags?post=14090"}],"curies":[{"name":"wp","href":"https:\/\/api.w.org\/{rel}","templated":true}]}}