{"id":14077,"date":"2020-07-23T16:58:48","date_gmt":"2020-07-23T16:58:48","guid":{"rendered":"https:\/\/www.salvatorianas.org.br\/blog\/?p=14077"},"modified":"2020-07-23T16:58:50","modified_gmt":"2020-07-23T16:58:50","slug":"conheca-o-hino-da-campanha-da-fraternidade-ecumenica-2021","status":"publish","type":"post","link":"https:\/\/www.salvatorianas.org.br\/blog\/conheca-o-hino-da-campanha-da-fraternidade-ecumenica-2021\/","title":{"rendered":"Conhe\u00e7a o hino da Campanha da Fraternidade Ecum\u00eanica 2021"},"content":{"rendered":"\n<p>A Comiss\u00e3o organizadora da Campanha da Fraternidade Ecum\u00eanica (CFE) 2021 divulgou o hino escolhido por meio de concurso. Composi\u00e7\u00e3o do frei Telles Ramon com a m\u00fasica de Adenor Leonardo Terra, o hino \u00e9 marcado pelo convite \u201cVenham todos\u201d em cada estrofe. A CFE 2021 tem como tema \u201cFraternidade e di\u00e1logo: compromisso de amor\u201d e o lema \u201cCristo \u00e9 a nossa paz: do que era dividido, fez uma unidade\u201d (Ef 2, 14a).<\/p>\n\n\n\n<p>O secret\u00e1rio executivo de Campanhas da Confer\u00eancia Nacional dos Bispos do Brasil (CNBB) e membro da comiss\u00e3o organizadora articulada pelo Conselho Nacional de Igrejas Crist\u00e3s (CONIC), padre Patriky Samuel Batista, chama aten\u00e7\u00e3o para o convite contido na m\u00fasica: \u201cVenham! Em nome de Cristo que \u00e9 nossa paz, sejamos fraternos, humildes e solid\u00e1rios. Homens e mulheres capazes de viver o di\u00e1logo como compromisso de quem ama testemunhando a unidade desejada por Cristo\u201d.<\/p>\n\n\n\n<p>O autor da letra, frei Telles Ramon, foi motivado pelo tema sobre a Unidade dos Crist\u00e3os, \u201csobre a supera\u00e7\u00e3o de qualquer divis\u00e3o e polariza\u00e7\u00e3o presentes nas Igrejas e tamb\u00e9m na sociedade\u201d, e decidiu iniciar as estrofes com o invitat\u00f3rio \u201cVenham todos\u2026\u201d.<\/p>\n\n\n\n<p>\u201cDe fato, a CFE \u00e9 um grande convite \u00e0s mulheres, aos homens da sociedade e das Igrejas a se unirem nas diferen\u00e7as, nas particularidades, mas num \u00fanico sentido e norte: Jesus Cristo e seu Evangelho\u201d, afirmou frei Telles.<\/p>\n\n\n\n<p>Adenor Leonardo, que comp\u00f4s a m\u00fasica em parceria com frei Telles, espera que o hino \u201cpossa colaborar com o crescimento do movimento ecum\u00eanico e, assim, impulsionar o di\u00e1logo e o amor como atitudes concretas de convers\u00e3o para o tempo da Quaresma\u201d.<\/p>\n\n\n\n<p>O m\u00fasico tamb\u00e9m partilhou que procurou ater-se \u201ca algumas constantes r\u00edtmicas e mel\u00f3dicas presentes na m\u00fasica brasileira, como o uso de divis\u00f5es r\u00edtmicas sincopadas e do ritmo de bai\u00e3o, al\u00e9m de uma escala mel\u00f3dica h\u00edbrida, que mescla o modo menor com o modo d\u00f3rico\u201d.<\/p>\n\n\n\n<h3 class=\"wp-block-heading\">Aprenda<\/h3>\n\n\n\n<figure class=\"wp-block-embed-youtube wp-block-embed is-type-video is-provider-youtube wp-embed-aspect-16-9 wp-has-aspect-ratio\"><div class=\"wp-block-embed__wrapper\">\n<iframe loading=\"lazy\" width=\"500\" height=\"281\" src=\"https:\/\/www.youtube.com\/embed\/wWJrIPJi4bM?feature=oembed\" frameborder=\"0\" allow=\"accelerometer; autoplay; encrypted-media; gyroscope; picture-in-picture\" allowfullscreen><\/iframe>\n<\/div><\/figure>\n\n\n\n<p><a href=\"https:\/\/www.cnbb.org.br\/wp-content\/uploads\/sites\/32\/2020\/07\/Partitura_CFE_2021_OFICIAL.pdf\">Baixe a letra e a partitura do hino da CFE 2021.<\/a><\/p>\n\n\n\n<p><a href=\"https:\/\/youtu.be\/6ekWLNqX0NY\">Confira tamb\u00e9m um v\u00eddeo que ajudar\u00e1 as comunidades de f\u00e9 a aprender o hino da CFE.<\/a><\/p>\n\n\n\n<h3 class=\"wp-block-heading\">Partilha<\/h3>\n\n\n\n<p>Os autores do hino da CFE 2021 comentaram da alegria de ter sua composi\u00e7\u00e3o escolhida e contaram suas motiva\u00e7\u00f5es e inspira\u00e7\u00f5es na constru\u00e7\u00e3o da m\u00fasica.<\/p>\n\n\n\n<h4 class=\"wp-block-heading\">Frei Telles Ramon<\/h4>\n\n\n\n<p>Para mim \u00e9 uma alegria e uma honra ter um texto meu escolhido como letra do Hino da Campanha da Fraternidade Ecum\u00eanica 2021. \u00c9 a primeira vez que me acontece isso!<\/p>\n\n\n\n<p>No dia 28 de janeiro de 2020, Irm\u00e3 Selma, diretora do Col\u00e9gio onde trabalho como professor e capel\u00e3o, me enviou o link do edital do concurso para o Hino da CFE 2021. Li o edital, comecei a ter umas ideias, mas estava sem inspira\u00e7\u00e3o. Quando o concurso foi prorrogado devido \u00e0 pandemia, faltando uns 20 dias para o t\u00e9rmino, voltei ao edital e comecei a meditar sobre o tema e lema da CFE 2021.<\/p>\n\n\n\n<p>Por se tratar do tema sobre a Unidade dos Crist\u00e3os, sobre a supera\u00e7\u00e3o de qualquer divis\u00e3o e polariza\u00e7\u00e3o presentes nas Igrejas e tamb\u00e9m na sociedade, decidi iniciar as estrofes com um invitat\u00f3rio (convite) \u201cVenham todos\u2026\u201d. De fato, a CFE \u00e9 um grande convite \u00e0s mulheres, aos homens da sociedade e das Igrejas a se unirem nas diferen\u00e7as, nas particularidades, mas num \u00fanico sentido e norte: Jesus Cristo e seu Evangelho.<\/p>\n\n\n\n<p>Por isso, a letra do hino ressalta valores e posturas de vida que t\u00eam como fonte a Boa Not\u00edcia do Reino, ou seja, palavras-chave que refor\u00e7am a reflex\u00e3o ecum\u00eanica com toda sua carga teol\u00f3gica: \u201c<strong><em>um s\u00f3 cora\u00e7\u00e3o<\/em><\/strong>\u201d, \u201c<strong><em>m\u00e3os dadas<\/em><\/strong>\u201d, \u201c<strong><em>caminhar com o Mestre<\/em><\/strong>\u201d, ser \u201c<strong><em>testemunhas<\/em><\/strong>\u201d, \u201c<em>construamos a unidade<\/em>\u201d, etc. As estrofes desenvolvem o assunto.<\/p>\n\n\n\n<p>No refr\u00e3o, como o pr\u00f3prio nome diz, refreia do desenvolvimento das ideias, fazendo-nos voltar \u00e0 ideia, ao tema central: \u201cCristo \u00e9 a nossa paz: do que era dividido, fez uma unidade\u201d (cf. Ef 2,14a).<\/p>\n\n\n\n<p>Que este texto e m\u00fasica possam ajudar as nossas comunidades crist\u00e3s a viverem a solidariedade e a unidade que a CFE nos prop\u00f5e.<\/p>\n\n\n\n<h4 class=\"wp-block-heading\">Adenor Leonardo<\/h4>\n\n\n\n<p>\u00c9 uma satisfa\u00e7\u00e3o, primeiramente, poder participar do concurso para o hino da Campanha da Fraternidade Ecum\u00eanica 2021 e uma alegria ainda maior saber que a proposta que fiz com Frei Telles Ramon foi escolhida.<\/p>\n\n\n\n<p>Quando Frei Telles prop\u00f4s esta parceria, aceitei-a de imediato, pois o tema do ecumenismo \u00e9 muito especial para mim. Particularmente, penso que iniciativas em prol de uma mentalidade ecum\u00eanica s\u00e3o necess\u00e1rias e deveriam ser mais constantemente promovidas pelas dioceses, igrejas e comunidades. Sobretudo num tempo onde presenciamos tantos revanchismos e radicalismos, inclusive no \u00e2mbito religioso, carecemos de iniciativas que promovam a uni\u00e3o, o di\u00e1logo e o respeito, a partir do que \u00e9 comum, que \u00e9 a f\u00e9 em Jesus Cristo.<\/p>\n\n\n\n<p>Quanto \u00e0 m\u00fasica, procurei ater-me a algumas constantes r\u00edtmicas e mel\u00f3dicas presentes na m\u00fasica brasileira, como o uso de divis\u00f5es r\u00edtmicas sincopadas e do ritmo de bai\u00e3o, al\u00e9m de uma escala mel\u00f3dica h\u00edbrida, que mescla o modo menor com o modo d\u00f3rico.<\/p>\n\n\n\n<p>Oxal\u00e1 este hino possa colaborar com o crescimento do movimento ecum\u00eanico e, assim, impulsionar o di\u00e1logo e o amor como atitudes concretas de convers\u00e3o para o tempo da Quaresma.<\/p>\n\n\n\n<p><\/p>\n\n\n\n<p>Fonte: CNBB<\/p>\n","protected":false},"excerpt":{"rendered":"<p>A Comiss\u00e3o organizadora da Campanha da Fraternidade Ecum\u00eanica (CFE) 2021 divulgou o hino escolhido por meio de concurso. Composi\u00e7\u00e3o do frei Telles Ramon com a m\u00fasica de Adenor Leonardo Terra, o hino \u00e9&#8230;<\/p>\n","protected":false},"author":2,"featured_media":14079,"comment_status":"open","ping_status":"open","sticky":false,"template":"","format":"standard","meta":[],"categories":[1],"tags":[],"_links":{"self":[{"href":"https:\/\/www.salvatorianas.org.br\/blog\/wp-json\/wp\/v2\/posts\/14077"}],"collection":[{"href":"https:\/\/www.salvatorianas.org.br\/blog\/wp-json\/wp\/v2\/posts"}],"about":[{"href":"https:\/\/www.salvatorianas.org.br\/blog\/wp-json\/wp\/v2\/types\/post"}],"author":[{"embeddable":true,"href":"https:\/\/www.salvatorianas.org.br\/blog\/wp-json\/wp\/v2\/users\/2"}],"replies":[{"embeddable":true,"href":"https:\/\/www.salvatorianas.org.br\/blog\/wp-json\/wp\/v2\/comments?post=14077"}],"version-history":[{"count":1,"href":"https:\/\/www.salvatorianas.org.br\/blog\/wp-json\/wp\/v2\/posts\/14077\/revisions"}],"predecessor-version":[{"id":14080,"href":"https:\/\/www.salvatorianas.org.br\/blog\/wp-json\/wp\/v2\/posts\/14077\/revisions\/14080"}],"wp:featuredmedia":[{"embeddable":true,"href":"https:\/\/www.salvatorianas.org.br\/blog\/wp-json\/wp\/v2\/media\/14079"}],"wp:attachment":[{"href":"https:\/\/www.salvatorianas.org.br\/blog\/wp-json\/wp\/v2\/media?parent=14077"}],"wp:term":[{"taxonomy":"category","embeddable":true,"href":"https:\/\/www.salvatorianas.org.br\/blog\/wp-json\/wp\/v2\/categories?post=14077"},{"taxonomy":"post_tag","embeddable":true,"href":"https:\/\/www.salvatorianas.org.br\/blog\/wp-json\/wp\/v2\/tags?post=14077"}],"curies":[{"name":"wp","href":"https:\/\/api.w.org\/{rel}","templated":true}]}}