{"id":14073,"date":"2020-07-23T11:59:59","date_gmt":"2020-07-23T11:59:59","guid":{"rendered":"https:\/\/www.salvatorianas.org.br\/blog\/?p=14073"},"modified":"2020-07-23T12:00:01","modified_gmt":"2020-07-23T12:00:01","slug":"eu-nao-consigo-respirar-oracao-on-line-pelos-povos-que-sofrem-com-a-covid-19-e-dia-23-de-julho","status":"publish","type":"post","link":"https:\/\/www.salvatorianas.org.br\/blog\/eu-nao-consigo-respirar-oracao-on-line-pelos-povos-que-sofrem-com-a-covid-19-e-dia-23-de-julho\/","title":{"rendered":"\u201cEu n\u00e3o consigo respirar\u201d: ora\u00e7\u00e3o on-line pelos povos que sofrem com a Covid-19 \u00e9 dia 23 de julho"},"content":{"rendered":"\n<p>Mais um momento para fortalecer a f\u00e9 e testemunhar a presen\u00e7a de Deus unindo o mundo que enfrenta a pandemia de Covid-19. Nesta quinta-feira, dia 23 de julho, a ora\u00e7\u00e3o on-line intitulada \u201cEu n\u00e3o consigo respirar\u201d ser\u00e1 direcionada especialmente \u00e0s pessoas dos pa\u00edses que est\u00e3o sofrendo drasticamente com as consequ\u00eancias do coronav\u00edrus. A iniciativa partiu da Uni\u00e3o Internacional das Superioras Gerais (<a href=\"http:\/\/www.internationalunionsuperiorsgeneral.org\/pt-pt\/\" target=\"_blank\" rel=\"noreferrer noopener\">UISG<\/a>), da Confedera\u00e7\u00e3o Latino-americana de Religiosos (<a href=\"https:\/\/www.clar.org\/\" target=\"_blank\" rel=\"noreferrer noopener\">CLAR<\/a>) e da Confer\u00eancia das L\u00edderes de Congrega\u00e7\u00f5es de Mulheres Religiosas (<a href=\"https:\/\/lcwr.org\/\" target=\"_blank\" rel=\"noreferrer noopener\">LCWR<\/a>).<\/p>\n\n\n\n<h2 class=\"wp-block-heading\">Como participar da ora\u00e7\u00e3o on-line<\/h2>\n\n\n\n<p>A ora\u00e7\u00e3o on-line est\u00e1 marcada para \u00e0s 15h, no Hor\u00e1rio de Ver\u00e3o da Europa Central (CEST), isto \u00e9, 10h no hor\u00e1rio de Bras\u00edlia. Para participar, basta seguir as indica\u00e7\u00f5es no site da\u00a0<a rel=\"noreferrer noopener\" href=\"http:\/\/www.internationalunionsuperiorsgeneral.org\/pt-pt\/oracao-online-eu-nao-consigo-respirar\/\" target=\"_blank\">UISG<\/a>, acessando o link do App Zomm, j\u00e1 que o encontro mundial vai acontecer em modalidade de videoconfer\u00eancia <\/p>\n\n\n\n<p>  <strong>Link para participar<\/strong><br><a href=\"https:\/\/us02web.zoom.us\/j\/89788103343\">https:\/\/us02web.zoom.us\/j\/89788103343<\/a> <br> <strong>Meeting ID:<\/strong> 897 8810 3343 <\/p>\n\n\n\n<p>A iniciativa motiva para rezar sobretudo pelos pa\u00edses mais afetados pela pandemia, como: Estados Unidos, Brasil, \u00cdndia, R\u00fassia, \u00c1frica do Sul, Peru, M\u00e9xico, Chile, Reino Unido e Ir\u00e3. Dessa forma, a ora\u00e7\u00e3o ser\u00e1 feita em portugu\u00eas, espanhol, italiano e ingl\u00eas.<\/p>\n\n\n\n<h2 class=\"wp-block-heading\">A &#8220;santa inquieta\u00e7\u00e3o&#8221; da pandemia<\/h2>\n\n\n\n<p>A presidente da UISG, Ir. Jolanta Kafka, em&nbsp;<a href=\"http:\/\/www.internationalunionsuperiorsgeneral.org\/pt-pt\/vamos-cuidar-uns-dos-outros\/\" target=\"_blank\" rel=\"noreferrer noopener\">mensagem p\u00fablica<\/a>&nbsp;divulgada no final do m\u00eas de junho no portal da organiza\u00e7\u00e3o para manifestar comunh\u00e3o e contribuir com o discernimento neste per\u00edodo de pandemia, descreveu o momento vivido como de \u201csanta inquieta\u00e7\u00e3o\u201d pela priva\u00e7\u00e3o de projetos e de poder administrar a pr\u00f3pria vida. Um tipo de \u201cpobreza\u201d e de \u201cincerteza\u201d que \u201clevam a confiar em Deus mais sinceramente, a aceitar que a inseguran\u00e7a eduque a uma busca intensa de Deus, a ancorar o cora\u00e7\u00e3o n\u2019Ele\u201d.<\/p>\n\n\n\n<p>Irm\u00e3 Jolanta tamb\u00e9m lembrou que o confinamento ajudou a \u201credescobrir o pr\u00f3ximo\u201d, com gestos concretos de ajuda m\u00fatua, em n\u00edvel local ou atrav\u00e9s da \u201csolidariedade global\u201d. Por isso, a ora\u00e7\u00e3o on-line se manifesta como mais uma iniciativa para oferecer o acompanhamento rec\u00edproco, mesmo que de forma virtual, mas que vai \u201cmuito al\u00e9m da comunidade congregacional\u201d.<\/p>\n\n\n\n<figure class=\"wp-block-embed-youtube wp-block-embed is-type-video is-provider-youtube wp-embed-aspect-16-9 wp-has-aspect-ratio\"><div class=\"wp-block-embed__wrapper\">\n<iframe loading=\"lazy\" width=\"500\" height=\"281\" src=\"https:\/\/www.youtube.com\/embed\/FRNAkVRcMVE?feature=oembed\" frameborder=\"0\" allow=\"accelerometer; autoplay; encrypted-media; gyroscope; picture-in-picture\" allowfullscreen><\/iframe>\n<\/div><\/figure>\n","protected":false},"excerpt":{"rendered":"<p>Mais um momento para fortalecer a f\u00e9 e testemunhar a presen\u00e7a de Deus unindo o mundo que enfrenta a pandemia de Covid-19. Nesta quinta-feira, dia 23 de julho, a ora\u00e7\u00e3o on-line intitulada \u201cEu&#8230;<\/p>\n","protected":false},"author":2,"featured_media":14074,"comment_status":"open","ping_status":"open","sticky":false,"template":"","format":"standard","meta":[],"categories":[1],"tags":[],"_links":{"self":[{"href":"https:\/\/www.salvatorianas.org.br\/blog\/wp-json\/wp\/v2\/posts\/14073"}],"collection":[{"href":"https:\/\/www.salvatorianas.org.br\/blog\/wp-json\/wp\/v2\/posts"}],"about":[{"href":"https:\/\/www.salvatorianas.org.br\/blog\/wp-json\/wp\/v2\/types\/post"}],"author":[{"embeddable":true,"href":"https:\/\/www.salvatorianas.org.br\/blog\/wp-json\/wp\/v2\/users\/2"}],"replies":[{"embeddable":true,"href":"https:\/\/www.salvatorianas.org.br\/blog\/wp-json\/wp\/v2\/comments?post=14073"}],"version-history":[{"count":1,"href":"https:\/\/www.salvatorianas.org.br\/blog\/wp-json\/wp\/v2\/posts\/14073\/revisions"}],"predecessor-version":[{"id":14075,"href":"https:\/\/www.salvatorianas.org.br\/blog\/wp-json\/wp\/v2\/posts\/14073\/revisions\/14075"}],"wp:featuredmedia":[{"embeddable":true,"href":"https:\/\/www.salvatorianas.org.br\/blog\/wp-json\/wp\/v2\/media\/14074"}],"wp:attachment":[{"href":"https:\/\/www.salvatorianas.org.br\/blog\/wp-json\/wp\/v2\/media?parent=14073"}],"wp:term":[{"taxonomy":"category","embeddable":true,"href":"https:\/\/www.salvatorianas.org.br\/blog\/wp-json\/wp\/v2\/categories?post=14073"},{"taxonomy":"post_tag","embeddable":true,"href":"https:\/\/www.salvatorianas.org.br\/blog\/wp-json\/wp\/v2\/tags?post=14073"}],"curies":[{"name":"wp","href":"https:\/\/api.w.org\/{rel}","templated":true}]}}