{"id":14068,"date":"2020-07-21T17:11:44","date_gmt":"2020-07-21T17:11:44","guid":{"rendered":"https:\/\/www.salvatorianas.org.br\/blog\/?p=14068"},"modified":"2020-07-21T17:13:51","modified_gmt":"2020-07-21T17:13:51","slug":"assembleia-mundia-da-amazonia-divulga-declaracao-publica","status":"publish","type":"post","link":"https:\/\/www.salvatorianas.org.br\/blog\/assembleia-mundia-da-amazonia-divulga-declaracao-publica\/","title":{"rendered":"Assembleia Mundia da Amaz\u00f4nia divulga declara\u00e7\u00e3o p\u00fablica"},"content":{"rendered":"\n<p>Realizada no \u00faltimo final de semana (18 e 19 de julho), a Assembleia Mundia da Amaz\u00f4nia reuniu atores de diversas realidades mundiais para refletir a realidade Pan-Amaz\u00f4nica. Debates, grupos de trabalho e comprometimento com o territ\u00f3rio e seus povos ecoou durante todo a atividade. Resultado da Assembleia, o grupo produziu uma declara\u00e7\u00e3o p\u00fablica, que pode ser conferida a seguir.<\/p>\n\n\n\n<p style=\"text-align:center\"><strong>AMAZONIZA-TE<\/strong><\/p>\n\n\n\n<p style=\"text-align:center\"><em>DECLARA\u00c7\u00c3O&nbsp; DA PRIMEIRA ASSEMBLEIA MUNDIAL DA AMAZ\u00d4NIA<\/em><\/p>\n\n\n\n<p style=\"text-align:left\">Algo novo est\u00e1 nascendo. Conseguem o escutar?<\/p>\n\n\n\n<p style=\"text-align:left\">D\u00e1 para ouvi-lo, no meio dos gritos da\nAmaz\u00f4nia.<\/p>\n\n\n\n<p>Levanta-se a luta dos povos amaz\u00f4nicos,\natacados em seus territ\u00f3rios, suas mem\u00f3rias e culturas. Cresce o grito\nensurdecedor da floresta, derrubada, queimada, saqueada pelo extrativismo\nviolador, que s\u00f3 obedece ao poder e \u00e0 gan\u00e2ncia.<\/p>\n\n\n\n<p style=\"text-align:center\"><strong>Nem mais uma gota de sangue e dor em produtos de consumo nas\ncidades do mundo!<\/strong><\/p>\n\n\n\n<p>H\u00e1 um mutir\u00e3o de resist\u00eancia dentro das\ncomunidades da floresta, do campo e da cidade, que est\u00e3o se organizando frente\n\u00e0 devasta\u00e7\u00e3o e \u00e0 fome que podem continuar ap\u00f3s esta pandemia.<\/p>\n\n\n\n<p style=\"text-align:center\"><strong>Porque o ecoc\u00eddio, etnoc\u00eddio e terric\u00eddio avan\u00e7am pior que o\nv\u00edrus.<\/strong><\/p>\n\n\n\n<p>Os corpos e territ\u00f3rios das mulheres e da\nterra s\u00e3o, historicamente, violentados por um sistema patriarcal, colonial e\ncapitalista, que n\u00e3o entende dos cuidados da vida.<\/p>\n\n\n\n<p>No entanto, no meio da dor, como se fosse um\nparto, algo novo est\u00e1 nascendo: um tecido rebelde de muitos esp\u00edritos da\nfloresta e do cimento, que lembram que todas e todos somos Amaz\u00f4nia.<\/p>\n\n\n\n<p>Esse tecido nasce na angustiante certeza de\nsaber que n\u00e3o h\u00e1 mais tempo. \u00c9 hora de nos unirmos na diversidade dos saberes\ndos povos de Abya Yala e do mundo, e nas culturas do cuidado, para devolver o\nesp\u00edrito da floresta \u00e0 humanidade.<\/p>\n\n\n\n<p style=\"text-align:center\"><strong>AMAZONIZA-TE!<\/strong><\/p>\n\n\n\n<p>Os rios amaz\u00f4nicos nos atravessam, d\u00e3o-nos o\nar, cantam para n\u00f3s can\u00e7\u00f5es de liberdade; somos filhas e filhos da Terra e da\n\u00c1gua, dentro delas nossas ra\u00edzes s\u00e3o nutridas e coexistem com as estrelas da\nOn\u00e7a-pintada no Universo.<\/p>\n\n\n\n<p style=\"text-align:center\"><strong>Amazoniza-te!<\/strong><\/p>\n\n\n\n<p style=\"text-align:center\"><strong>\u00c9 agora ou nunca!<\/strong><\/p>\n\n\n\n<p>Entre na selva dos nossos sonhos, lutas e\nresist\u00eancias!<\/p>\n\n\n\n<p>Fa\u00e7a parte do processo de cria\u00e7\u00e3o das\nAssembl\u00e9ias Mundiais para libertar a Amaz\u00f4nia e os povos que a habitam.<\/p>\n\n\n\n<p style=\"text-align:center\"><strong>Mais forte que todas as vozes de morte, ser\u00e1 o grito de\nvida&nbsp;que nasce da Amaz\u00f4nia e do mundo!<\/strong><\/p>\n\n\n\n<p>Fonte: Repam-Brasil<\/p>\n","protected":false},"excerpt":{"rendered":"<p>Realizada no \u00faltimo final de semana (18 e 19 de julho), a Assembleia Mundia da Amaz\u00f4nia reuniu atores de diversas realidades mundiais para refletir a realidade Pan-Amaz\u00f4nica. Debates, grupos de trabalho e comprometimento&#8230;<\/p>\n","protected":false},"author":2,"featured_media":14069,"comment_status":"open","ping_status":"open","sticky":false,"template":"","format":"standard","meta":[],"categories":[1],"tags":[],"_links":{"self":[{"href":"https:\/\/www.salvatorianas.org.br\/blog\/wp-json\/wp\/v2\/posts\/14068"}],"collection":[{"href":"https:\/\/www.salvatorianas.org.br\/blog\/wp-json\/wp\/v2\/posts"}],"about":[{"href":"https:\/\/www.salvatorianas.org.br\/blog\/wp-json\/wp\/v2\/types\/post"}],"author":[{"embeddable":true,"href":"https:\/\/www.salvatorianas.org.br\/blog\/wp-json\/wp\/v2\/users\/2"}],"replies":[{"embeddable":true,"href":"https:\/\/www.salvatorianas.org.br\/blog\/wp-json\/wp\/v2\/comments?post=14068"}],"version-history":[{"count":2,"href":"https:\/\/www.salvatorianas.org.br\/blog\/wp-json\/wp\/v2\/posts\/14068\/revisions"}],"predecessor-version":[{"id":14072,"href":"https:\/\/www.salvatorianas.org.br\/blog\/wp-json\/wp\/v2\/posts\/14068\/revisions\/14072"}],"wp:featuredmedia":[{"embeddable":true,"href":"https:\/\/www.salvatorianas.org.br\/blog\/wp-json\/wp\/v2\/media\/14069"}],"wp:attachment":[{"href":"https:\/\/www.salvatorianas.org.br\/blog\/wp-json\/wp\/v2\/media?parent=14068"}],"wp:term":[{"taxonomy":"category","embeddable":true,"href":"https:\/\/www.salvatorianas.org.br\/blog\/wp-json\/wp\/v2\/categories?post=14068"},{"taxonomy":"post_tag","embeddable":true,"href":"https:\/\/www.salvatorianas.org.br\/blog\/wp-json\/wp\/v2\/tags?post=14068"}],"curies":[{"name":"wp","href":"https:\/\/api.w.org\/{rel}","templated":true}]}}