{"id":14010,"date":"2020-07-09T12:03:59","date_gmt":"2020-07-09T12:03:59","guid":{"rendered":"https:\/\/www.salvatorianas.org.br\/blog\/?p=14010"},"modified":"2020-07-10T12:07:31","modified_gmt":"2020-07-10T12:07:31","slug":"representantes-da-regiao-amazonica-gravam-reflexoes-sobre-o-sonho-social-do-papa-francisco","status":"publish","type":"post","link":"https:\/\/www.salvatorianas.org.br\/blog\/representantes-da-regiao-amazonica-gravam-reflexoes-sobre-o-sonho-social-do-papa-francisco\/","title":{"rendered":"Representantes da regi\u00e3o amaz\u00f4nica gravam reflex\u00f5es sobre o sonho social do Papa Francisco"},"content":{"rendered":"\n<p>A Rede Eclesial Pan-Amaz\u00f4nica (Repam) e a Verbo Filmes est\u00e3o produzindo uma s\u00e9rie de v\u00eddeos sobre a Exorta\u00e7\u00e3o Apost\u00f3lica p\u00f3s-sinodal \u201cQuerida Amaz\u00f4nia\u2019\u2019. O projeto consiste em apresentar o Documento do Papa Francisco, em v\u00eddeos curtos, segundo sua estrutura.<\/p>\n\n\n\n<p>O primeiro v\u00eddeo cujo t\u00edtulo \u00e9 \u201cQuerida Amaz\u00f4nia: Os sonhos do Papa Francisco para a Pan-Amaz\u00f4nia\u201d apresenta o&nbsp;<strong>sonho social<\/strong>&nbsp;do pont\u00edfice para a regi\u00e3o e seus povos. Nesta edi\u00e7\u00e3o, catorze pessoas de seis pa\u00edses da Pan-Amaz\u00f4nia (Bol\u00edvia, Brasil, Col\u00f4mbia, Equador, Peru e Venezuela) gravaram suas reflex\u00f5es: sete mulheres e sete homens.<\/p>\n\n\n\n<p>Devido \u00e0 pandemia, o formato do programa \u00e9 especial: as pr\u00f3prias pessoas que deram depoimento foram encarregadas de fazer a grava\u00e7\u00e3o, utilizando a c\u00e2mera do celular. Houve, ainda, uma intera\u00e7\u00e3o direta quanto a capta\u00e7\u00e3o de imagens.<\/p>\n\n\n\n<p>Confira o v\u00eddeo na \u00edntegra:<\/p>\n\n\n\n<figure class=\"wp-block-embed-youtube wp-block-embed is-type-video is-provider-youtube wp-embed-aspect-16-9 wp-has-aspect-ratio\"><div class=\"wp-block-embed__wrapper\">\n<iframe loading=\"lazy\" width=\"500\" height=\"281\" src=\"https:\/\/www.youtube.com\/embed\/H7SpWVzEpbM?feature=oembed\" frameborder=\"0\" allow=\"accelerometer; autoplay; encrypted-media; gyroscope; picture-in-picture\" allowfullscreen><\/iframe>\n<\/div><figcaption><br><br><br><\/figcaption><\/figure>\n\n\n\n<h2 class=\"wp-block-heading\">Os sonhos do Papa<\/h2>\n\n\n\n<p>Com a Exorta\u00e7\u00e3o Apost\u00f3lica \u201cQuerida Amaz\u00f4nia\u201d, o Santo Padre abre uma janela para o futuro da Amaz\u00f4nia formulando quatro sonhos: social, cultural, ecol\u00f3gico e&nbsp; eclesial. Sonhos para um \u201ctodo plurinacional interligado\u201d que inclui Brasil, Bol\u00edvia, Col\u00f4mbia, Equador, Guiana, Per\u00fa, Suriname, Venezuela e Guiana Francesa.<\/p>\n\n\n\n<p>O primeiro sonho do Santo Padre para a Amaz\u00f4nia \u00e9 o social. Diz o Papa na sua Exorta\u00e7\u00e3o: \u201cSonho com uma Amaz\u00f4nia que lute pelos direitos dos mais pobres, dos povos nativos, dos \u00faltimos, de modo que a sua voz seja ouvida e sua dignidade promovida\u201d.<\/p>\n\n\n\n<p>Nele, Francisco prop\u00f5e o \u201cdi\u00e1logo social\u201d como o m\u00e9todo \u201cpara encontrar formas de comunh\u00e3o e luta conjunta\u201d. Um di\u00e1logo que comece \u201cpelos \u00faltimos\u201d, pois s\u00e3o eles os \u201cprincipais interlocutores\u201d. \u201cA sua palavra, as suas esperan\u00e7as, os seus receios deveriam ser a voz mais forte em qualquer mesa de di\u00e1logo sobre a Amaz\u00f4nia\u201d, declara o Papa.<\/p>\n\n\n\n<p>Fonte: CNBB<\/p>\n","protected":false},"excerpt":{"rendered":"<p>A Rede Eclesial Pan-Amaz\u00f4nica (Repam) e a Verbo Filmes est\u00e3o produzindo uma s\u00e9rie de v\u00eddeos sobre a Exorta\u00e7\u00e3o Apost\u00f3lica p\u00f3s-sinodal \u201cQuerida Amaz\u00f4nia\u2019\u2019. O projeto consiste em apresentar o Documento do Papa Francisco, em&#8230;<\/p>\n","protected":false},"author":2,"featured_media":14012,"comment_status":"open","ping_status":"open","sticky":false,"template":"","format":"standard","meta":[],"categories":[1],"tags":[],"_links":{"self":[{"href":"https:\/\/www.salvatorianas.org.br\/blog\/wp-json\/wp\/v2\/posts\/14010"}],"collection":[{"href":"https:\/\/www.salvatorianas.org.br\/blog\/wp-json\/wp\/v2\/posts"}],"about":[{"href":"https:\/\/www.salvatorianas.org.br\/blog\/wp-json\/wp\/v2\/types\/post"}],"author":[{"embeddable":true,"href":"https:\/\/www.salvatorianas.org.br\/blog\/wp-json\/wp\/v2\/users\/2"}],"replies":[{"embeddable":true,"href":"https:\/\/www.salvatorianas.org.br\/blog\/wp-json\/wp\/v2\/comments?post=14010"}],"version-history":[{"count":1,"href":"https:\/\/www.salvatorianas.org.br\/blog\/wp-json\/wp\/v2\/posts\/14010\/revisions"}],"predecessor-version":[{"id":14013,"href":"https:\/\/www.salvatorianas.org.br\/blog\/wp-json\/wp\/v2\/posts\/14010\/revisions\/14013"}],"wp:featuredmedia":[{"embeddable":true,"href":"https:\/\/www.salvatorianas.org.br\/blog\/wp-json\/wp\/v2\/media\/14012"}],"wp:attachment":[{"href":"https:\/\/www.salvatorianas.org.br\/blog\/wp-json\/wp\/v2\/media?parent=14010"}],"wp:term":[{"taxonomy":"category","embeddable":true,"href":"https:\/\/www.salvatorianas.org.br\/blog\/wp-json\/wp\/v2\/categories?post=14010"},{"taxonomy":"post_tag","embeddable":true,"href":"https:\/\/www.salvatorianas.org.br\/blog\/wp-json\/wp\/v2\/tags?post=14010"}],"curies":[{"name":"wp","href":"https:\/\/api.w.org\/{rel}","templated":true}]}}