{"id":13997,"date":"2020-07-08T11:17:53","date_gmt":"2020-07-08T11:17:53","guid":{"rendered":"https:\/\/www.salvatorianas.org.br\/blog\/?p=13997"},"modified":"2020-07-08T11:36:25","modified_gmt":"2020-07-08T11:36:25","slug":"carta-da-43a-romaria-da-terra-e-das-aguas-de-bom-jesus-da-lapa","status":"publish","type":"post","link":"https:\/\/www.salvatorianas.org.br\/blog\/carta-da-43a-romaria-da-terra-e-das-aguas-de-bom-jesus-da-lapa\/","title":{"rendered":"Carta da 43\u00aa Romaria da Terra e das \u00c1guas de Bom Jesus da Lapa"},"content":{"rendered":"\n<p>43\u00aa ROMARIA DA TERRA E DAS \u00c1GUAS<br>BOM JESUS DA LAPA \u2013 BAHIA<br>03 e 04 de julho de 2020<br>\u201cTERRA E \u00c1GUA DONS DA VIDA NO CAMPO E NA CIDADE\u201d<br>Em sua m\u00e3o est\u00e1 a vida de toda criatura e o f\u00f4lego de toda humanidade\u201d (J\u00f3 12,10)<\/p>\n\n\n\n<h4 class=\"wp-block-heading\">\n\nCARTA DA LAPA\n\n<\/h4>\n\n\n\n<p>A 43\u00aa Romaria da Terra e das \u00c1guas ao Bom Jesus da Lapa aconteceu num momento decisivo para a hist\u00f3ria humana e nossa rela\u00e7\u00e3o com a Casa Comum.<\/p>\n\n\n\n<p>Realizada ao longo de 42 anos, com a presen\u00e7a de milhares de romeiros e romeiras vindos dos mais diversos lugares para o Santu\u00e1rio do Bom Jesus da Lapa e Nossa Senhora da Soledade, neste ano ela aconteceu de forma diferente por causa da pandemia do novo coronav\u00edrus: este ser invis\u00edvel que nos imp\u00f5e medo e uma profunda reflex\u00e3o sobre os seres humanos e nossa rela\u00e7\u00e3o com os outros seres vivos que habitam o Planeta Terra. Mesmo que virtualmente, nos conectamos, nos irmanamos e estendemos nossa mensagem a todos os recantos do Pa\u00eds atrav\u00e9s desta carta.<\/p>\n\n\n\n<p>Esta Romaria deixa em n\u00f3s um marco profundo na busca de autenticidade, renova\u00e7\u00e3o e fortalecimento em nossas lutas cotidianas. Constatamos mais uma vez que nossa gan\u00e2ncia e arrog\u00e2ncia est\u00e3o destruindo a natureza e seus dons. N\u00e3o temos esse direito! A natureza j\u00e1 est\u00e1 reagindo ao mal que fazemos a ela. Se n\u00e3o mudarmos nossas pr\u00e1ticas consumistas, mais graves desastres ambientais e novas e piores doen\u00e7as vir\u00e3o.<\/p>\n\n\n\n<p>Por\u00e9m, nossa f\u00e9, fundamentada na Palavra de Deus, nos diz que \u00e9 para a nossa exist\u00eancia e o nosso f\u00f4lego, que J\u00f3 aponta o Deus da Vida, a nos encorajar: N\u00e3o tenham medo!&nbsp;<\/p>\n\n\n\n<p>Irmanados, mesmo \u00e0 dist\u00e2ncia, cresce em nossos cora\u00e7\u00f5es um compromisso coletivo e respons\u00e1vel com uma miss\u00e3o que nossa Romaria, uma das mais antigas do Brasil, coloca novamente em nossas m\u00e3os:&nbsp;<strong><em>Defendam e protejam a terra e a \u00e1gua que s\u00e3o dons da vida no campo e na cidade!<\/em><\/strong><\/p>\n\n\n\n<p>Como fruto da nossa reflex\u00e3o compartilhada na Grande Plen\u00e1ria pelos tradicionais plenarinhos tem\u00e1ticos que aconteceram virtualmente, queremos abra\u00e7ar com toda energia e esperan\u00e7a algumas tarefas irrenunci\u00e1veis:<\/p>\n\n\n\n<p>\u2013 Resistir \u00e0s amea\u00e7as \u00e0 nossa democracia, incessantemente atacada nos \u00faltimos tempos.<\/p>\n\n\n\n<p>\u2013 Denunciar os poderes pol\u00edticos que se aproveitam do grave momento de crise sanit\u00e1ria para precarizar leis, privatizar as \u00e1guas, legalizar a grilagem de terras, impor projetos danosos (de barragem, minera\u00e7\u00e3o, energias e\u00f3lica, solar e nuclear, desmatamento, capta\u00e7\u00e3o de \u00e1gua, etc.) que destroem o meio ambiente e jogam as popula\u00e7\u00f5es empobrecidas na doen\u00e7a, na mis\u00e9ria e na fome.<\/p>\n\n\n\n<p>\u2013 Denunciar toda forma de viol\u00eancia, de modo especial contra a juventude negra, mulheres, camponeses e camponesas, quilombolas e ind\u00edgenas.<\/p>\n\n\n\n<p>\u2013 Denunciar a destrui\u00e7\u00e3o das pol\u00edticas p\u00fablicas que garantem o m\u00ednimo de dignidade a crian\u00e7as, adolescentes, jovens, mulheres e idosos.<\/p>\n\n\n\n<p>\u2013 Anunciar que \u00e9 por causa da nossa f\u00e9 que olhamos para o nosso ch\u00e3o e continuamos lutando por terra, por \u00e1gua, por justi\u00e7a e por direitos.<\/p>\n\n\n\n<p>\u2013 Superar o conformismo e o des\u00e2nimo e continuar lutando pelos direitos j\u00e1 garantidos na Constitui\u00e7\u00e3o Federal e agora s\u00e3o roubados pelos interesses do grande capital e seus asseclas.<\/p>\n\n\n\n<p>\u2013 Resistir \u00e0 propaga\u00e7\u00e3o de not\u00edcias falsas e discursos panflet\u00e1rios, que negam os avan\u00e7os da ci\u00eancia e da \u00e9tica e pregam os racismos, a supremacia branca e masculina, o armamento, a viol\u00eancia, o \u00f3dio.<\/p>\n\n\n\n<p>\u2013 Reafirmar que, em tempos \u201cnormais\u201d e em tempos de pandemia, a defesa e a prote\u00e7\u00e3o da vida est\u00e3o acima dos interesses econ\u00f4micos de minorias.<\/p>\n\n\n\n<p>\u2013 Continuar e aumentar a solidariedade concreta com as pessoas mais necessitadas em quarentena, atrav\u00e9s da prece, da doa\u00e7\u00e3o de alimentos, material de higiene, uma mensagem de conforto e \u00e2nimo.<\/p>\n\n\n\n<p>\u2013 Dialogar com diferentes lideran\u00e7as religiosas para que, a exemplo do Papa Francisco, l\u00edderes ind\u00edgenas e de outros povos e comunidades tradicionais, ajudem o povo a pensar diferente e lutar para n\u00e3o voltarmos \u00e0 velha normalidade das injusti\u00e7as, das riquezas acumuladas em grandes fortunas e de poder nas m\u00e3os de poucos.<\/p>\n\n\n\n<p>\u2013 Participar da constru\u00e7\u00e3o de uma sociedade onde as pessoas amem-se e vivam a paz, fruto da justi\u00e7a, a exemplo das crian\u00e7as que nos encantam com seus sonhos de um mundo livre de todos os males!<\/p>\n\n\n\n<p>Por fim, conclamamos romeiros, romeiras de todas as idades a unirmos nossas for\u00e7as, nossas experi\u00eancias de luta e nossa f\u00e9, pois juntos somos mais fortes. S\u00f3 assim, com esperan\u00e7a, construiremos uma sociedade justa e fraterna, pren\u00fancio do Reinado de Deus, do Bom Jesus.<br><\/p>\n\n\n\n<p>Bom Jesus da Lapa, 04 de julho de 2020.<br>Romeiros e Romeiras da 43\u00aa Romaria da Terra e das \u00c1guas de Bom Jesus da Lapa<\/p>\n","protected":false},"excerpt":{"rendered":"<p>43\u00aa ROMARIA DA TERRA E DAS \u00c1GUASBOM JESUS DA LAPA \u2013 BAHIA03 e 04 de julho de 2020\u201cTERRA E \u00c1GUA DONS DA VIDA NO CAMPO E NA CIDADE\u201dEm sua m\u00e3o est\u00e1 a vida&#8230;<\/p>\n","protected":false},"author":2,"featured_media":13998,"comment_status":"open","ping_status":"open","sticky":false,"template":"","format":"standard","meta":[],"categories":[1],"tags":[],"_links":{"self":[{"href":"https:\/\/www.salvatorianas.org.br\/blog\/wp-json\/wp\/v2\/posts\/13997"}],"collection":[{"href":"https:\/\/www.salvatorianas.org.br\/blog\/wp-json\/wp\/v2\/posts"}],"about":[{"href":"https:\/\/www.salvatorianas.org.br\/blog\/wp-json\/wp\/v2\/types\/post"}],"author":[{"embeddable":true,"href":"https:\/\/www.salvatorianas.org.br\/blog\/wp-json\/wp\/v2\/users\/2"}],"replies":[{"embeddable":true,"href":"https:\/\/www.salvatorianas.org.br\/blog\/wp-json\/wp\/v2\/comments?post=13997"}],"version-history":[{"count":4,"href":"https:\/\/www.salvatorianas.org.br\/blog\/wp-json\/wp\/v2\/posts\/13997\/revisions"}],"predecessor-version":[{"id":14003,"href":"https:\/\/www.salvatorianas.org.br\/blog\/wp-json\/wp\/v2\/posts\/13997\/revisions\/14003"}],"wp:featuredmedia":[{"embeddable":true,"href":"https:\/\/www.salvatorianas.org.br\/blog\/wp-json\/wp\/v2\/media\/13998"}],"wp:attachment":[{"href":"https:\/\/www.salvatorianas.org.br\/blog\/wp-json\/wp\/v2\/media?parent=13997"}],"wp:term":[{"taxonomy":"category","embeddable":true,"href":"https:\/\/www.salvatorianas.org.br\/blog\/wp-json\/wp\/v2\/categories?post=13997"},{"taxonomy":"post_tag","embeddable":true,"href":"https:\/\/www.salvatorianas.org.br\/blog\/wp-json\/wp\/v2\/tags?post=13997"}],"curies":[{"name":"wp","href":"https:\/\/api.w.org\/{rel}","templated":true}]}}