{"id":13988,"date":"2020-07-07T11:50:00","date_gmt":"2020-07-07T11:50:00","guid":{"rendered":"https:\/\/www.salvatorianas.org.br\/blog\/?p=13988"},"modified":"2020-07-07T12:26:24","modified_gmt":"2020-07-07T12:26:24","slug":"papa-envia-saudacoes-ao-festival-internacional-dos-20-anos-da-carta-da-terra","status":"publish","type":"post","link":"https:\/\/www.salvatorianas.org.br\/blog\/papa-envia-saudacoes-ao-festival-internacional-dos-20-anos-da-carta-da-terra\/","title":{"rendered":"Papa envia sauda\u00e7\u00f5es ao Festival Internacional dos 20 Anos da Carta da Terra"},"content":{"rendered":"\n<p>O Festival Carta da Terra foi um movimento internacional para celebrar o anivers\u00e1rio de 20 anos desse importante documento e sua aplica\u00e7\u00e3o por institui\u00e7\u00f5es e cidad\u00e3os no mundo todo. Reuniu grandes nomes da arte, espiritualidade e do ativismo socioambiental.<\/p>\n\n\n\n<p>Em clima de celebra\u00e7\u00e3o, a iniciativa uniu for\u00e7as e prop\u00f4s uma profunda reflex\u00e3o sobre mudan\u00e7as necess\u00e1rias para o mundo, baseada nos pilares da Carta da Terra. O prop\u00f3sito do festival foi refor\u00e7ado tamb\u00e9m pela necessidade da uni\u00e3o e da for\u00e7a do bem em tempos de pandemia.<\/p>\n\n\n\n<p>Durante a transmiss\u00e3o online do evento, o Papa Francisco transmitiu uma mensagem por meio de uma carta, assinada por Edgar Pe\u00f1a Parra, substituto da Secretaria de Estado, por ocasi\u00e3o do 20\u00ba anivers\u00e1rio da publica\u00e7\u00e3o da Carta da Terra.<\/p>\n\n\n\n<p>Na carta, lida por Maria Paula Fidalgo, atriz e embaixadora da Paz, o Papa Francisco saudou todos os participantes no festival, que visa contribuir com a busca por uma sociedade sustent\u00e1vel baseada no respeito \u00e0 natureza, nos direitos humanos universais, na justi\u00e7a econ\u00f4mica e numa cultura de paz.<\/p>\n\n\n\n<p>No texto, o Santo Padre pediu para lembrar que, a fim de reconhecer o valor das criaturas, da natureza que nos rodeia, impondo limites \u00e0 degrada\u00e7\u00e3o a nossa casa comum, \u00e9 preciso cultivar \u201ca atitude basilar de se autotranscender, rompendo com a consci\u00eancia isolada e a autorreferencialidade\u201d, pois esta \u201c\u00e9 a raiz que possibilita todo o cuidado dos outros e do meio ambiente; e faz brotar a rea\u00e7\u00e3o moral de ter em conta o impacto que possa provocar cada a\u00e7\u00e3o e decis\u00e3o pessoal fora de si mesmo\u201d.<\/p>\n\n\n\n<p>O Papa tamb\u00e9m fez votos de que o evento possa produzir muitos frutos, concretizados em a\u00e7\u00f5es e iniciativas que ajudem a criar a consci\u00eancia de uma \u201ccidadania ecol\u00f3gica\u201d. Por fim, pediu a Deus que iluminasse a todos, depositando tais votos aos p\u00e9s de Nossa Senhora Aparecida, padroeira do Brasil.<\/p>\n\n\n\n<p>Representando a Igreja no Brasil,&nbsp; participaram do evento Jo\u00e3o Paulo Angeli, presidente do Conselho Nacional do Laicato do Brasil (CNLB) do regional Sul 2 da Confer\u00eancia Nacional dos Bispos do Brasil (CNBB) e coordenador da Comiss\u00e3o Nacional de Juventude, e dom Leonardo Steiner, arcebispo de Manaus, que refletiu sobre a Carta da Terra e a enciclia Laudato Si\u2019.<\/p>\n\n\n\n<p>Confira (<a href=\"https:\/\/www.cnbb.org.br\/wp-content\/uploads\/sites\/32\/2020\/07\/Carta-do-Papa.pdf\" target=\"_blank\" rel=\"noreferrer noopener\" aria-label=\" (abre em uma nova aba)\">aqui<\/a>) a carta do Papa na \u00edntegra.<\/p>\n\n\n\n<p>O Festival Carta da Terra 20 anos est\u00e1 dispon\u00edvel na integra no canal do YouTube da Carta da Terra Internacional:<\/p>\n\n\n\n<figure class=\"wp-block-embed-youtube wp-block-embed is-type-video is-provider-youtube wp-embed-aspect-16-9 wp-has-aspect-ratio\"><div class=\"wp-block-embed__wrapper\">\n<iframe loading=\"lazy\" width=\"500\" height=\"281\" src=\"https:\/\/www.youtube.com\/embed\/FdQA15KVgzk?start=8729&#038;feature=oembed\" frameborder=\"0\" allow=\"accelerometer; autoplay; encrypted-media; gyroscope; picture-in-picture\" allowfullscreen><\/iframe>\n<\/div><\/figure>\n\n\n\n<p><\/p>\n\n\n\n<p>Conhe\u00e7a a\u00a0<a href=\"https:\/\/earthcharter.org\/wp-content\/uploads\/2020\/03\/echarter_portuguese.pdf\">Carta da Terra<\/a><\/p>\n\n\n\n<p>Fonte: CNBB<\/p>\n","protected":false},"excerpt":{"rendered":"<p>O Festival Carta da Terra foi um movimento internacional para celebrar o anivers\u00e1rio de 20 anos desse importante documento e sua aplica\u00e7\u00e3o por institui\u00e7\u00f5es e cidad\u00e3os no mundo todo. Reuniu grandes nomes da&#8230;<\/p>\n","protected":false},"author":2,"featured_media":13990,"comment_status":"open","ping_status":"open","sticky":false,"template":"","format":"standard","meta":[],"categories":[1],"tags":[],"_links":{"self":[{"href":"https:\/\/www.salvatorianas.org.br\/blog\/wp-json\/wp\/v2\/posts\/13988"}],"collection":[{"href":"https:\/\/www.salvatorianas.org.br\/blog\/wp-json\/wp\/v2\/posts"}],"about":[{"href":"https:\/\/www.salvatorianas.org.br\/blog\/wp-json\/wp\/v2\/types\/post"}],"author":[{"embeddable":true,"href":"https:\/\/www.salvatorianas.org.br\/blog\/wp-json\/wp\/v2\/users\/2"}],"replies":[{"embeddable":true,"href":"https:\/\/www.salvatorianas.org.br\/blog\/wp-json\/wp\/v2\/comments?post=13988"}],"version-history":[{"count":3,"href":"https:\/\/www.salvatorianas.org.br\/blog\/wp-json\/wp\/v2\/posts\/13988\/revisions"}],"predecessor-version":[{"id":13993,"href":"https:\/\/www.salvatorianas.org.br\/blog\/wp-json\/wp\/v2\/posts\/13988\/revisions\/13993"}],"wp:featuredmedia":[{"embeddable":true,"href":"https:\/\/www.salvatorianas.org.br\/blog\/wp-json\/wp\/v2\/media\/13990"}],"wp:attachment":[{"href":"https:\/\/www.salvatorianas.org.br\/blog\/wp-json\/wp\/v2\/media?parent=13988"}],"wp:term":[{"taxonomy":"category","embeddable":true,"href":"https:\/\/www.salvatorianas.org.br\/blog\/wp-json\/wp\/v2\/categories?post=13988"},{"taxonomy":"post_tag","embeddable":true,"href":"https:\/\/www.salvatorianas.org.br\/blog\/wp-json\/wp\/v2\/tags?post=13988"}],"curies":[{"name":"wp","href":"https:\/\/api.w.org\/{rel}","templated":true}]}}