{"id":13971,"date":"2020-07-03T12:30:46","date_gmt":"2020-07-03T12:30:46","guid":{"rendered":"https:\/\/www.salvatorianas.org.br\/blog\/?p=13971"},"modified":"2020-07-03T12:30:49","modified_gmt":"2020-07-03T12:30:49","slug":"em-julho-francisco-pede-aos-fieis-que-rezem-pelas-familias","status":"publish","type":"post","link":"https:\/\/www.salvatorianas.org.br\/blog\/em-julho-francisco-pede-aos-fieis-que-rezem-pelas-familias\/","title":{"rendered":"Em julho, Francisco pede aos fi\u00e9is que rezem pelas fam\u00edlias"},"content":{"rendered":"\n<p><em> \u201cA fam\u00edlia tem que ser protegida\u201d: \u00e9 a premissa do Papa Francisco ao pedir a ora\u00e7\u00e3o dos fi\u00e9is. \u201cA Igreja tem que animar e estar ao lado das fam\u00edlias, ajudando-as a descobrir caminhos que lhes permitam superar todas estas dificuldades.\u201d <\/em><\/p>\n\n\n\n<p>________________________________________________<\/p>\n\n\n\n<p>\u201cPara que as fam\u00edlias no mundo de hoje sejam acompanhadas com amor, respeito e conselho\u201d: por esta inten\u00e7\u00e3o, o Papa Francisco pede a ora\u00e7\u00e3o dos fi\u00e9is neste m\u00eas de julho.<\/p>\n\n\n\n<p>No v\u00eddeo que acompanha a inten\u00e7\u00e3o, o Santo Padre destaca os tempos dif\u00edceis que as fam\u00edlias est\u00e3o enfrentando hoje, marcados pelo stress de um mundo em crise.<\/p>\n\n\n\n<p>\u201cA fam\u00edlia tem que ser protegida\u201d: \u00e9 a premissa de Francisco. \u201c\u00c0s vezes, os pais esquecem-se de brincar com os filhos.\u201d<\/p>\n\n\n\n<p>Com o ritmo de vida intenso, o Pont\u00edfice chama em causa a Igreja e o Estado.<\/p>\n\n\n\n<blockquote class=\"wp-block-quote\"><p>\u201cA IGREJA TEM QUE ANIMAR E ESTAR AO LADO DAS FAM\u00cdLIAS, AJUDANDO-AS A DESCOBRIR CAMINHOS QUE LHES PERMITAM SUPERAR TODAS ESTAS DIFICULDADES.\u201d<\/p><\/blockquote>\n\n\n\n<p>J\u00e1 o Estado tem a fun\u00e7\u00e3o de proteg\u00ea-las.<\/p>\n\n\n\n<h3 class=\"wp-block-heading\">Colocar-se a servi\u00e7o das fam\u00edlias<\/h3>\n\n\n\n<p>Comentando esta inten\u00e7\u00e3o, o diretor internacional da\u00a0Rede Mundial de Ora\u00e7\u00e3o do Papa, Pe. Fr\u00e9d\u00e9ric Fornos S.J., observa que os efeitos da pandemia continuam a ser sentidos em muitas partes do mundo.<\/p>\n\n\n\n<p>\u201cExistem muitas fam\u00edlias necessitadas e inseguras sobre o seu presente e futuro no trabalho. Diante das dificuldades e enfermidades do mundo, como essas fam\u00edlias podem ser acompanhadas?\u201d, questiona o jesuita.<\/p>\n\n\n\n<p>O Papa nos lembra que \u201ca fam\u00edlia \u00e9 a base da sociedade e a estrutura mais adequada para garantir \u00e0s pessoas o bem integral necess\u00e1rio ao seu desenvolvimento permanente\u201d.<\/p>\n\n\n\n<p>Ao afirmar que os Estados t\u00eam a obriga\u00e7\u00e3o de proteger as fam\u00edlias, Francisco enfatiza mais uma vez que a fam\u00edlia n\u00e3o \u00e9 simplesmente um assunto privado, mas um fato social.<\/p>\n\n\n\n<p>\u201cNeste tempo em que vivemos, as fam\u00edlias precisam ser apoiadas, fortalecidas \u2018acompanhadas com amor, respeito e conselho\u2019.\u201d Rezar por essa inten\u00e7\u00e3o, afima Pe. Fornos, \u201csignifica colocar-se a servi\u00e7o das fam\u00edlias, apoiar as associa\u00e7\u00f5es que as ajudam a enfrentar seus v\u00e1rios desafios, uma vez que a verdadeira ora\u00e7\u00e3o se encarna em nossas vidas\u201d.<\/p>\n\n\n\n<blockquote class=\"wp-block-quote\"><p>\u201cDURANTE ESTE M\u00caS DE JULHO, DEDIQUEMOS TODOS OS DIAS UM TEMPO LIVRE PARA NOSSA FAM\u00cdLIA; CADA PESSOA SABE CONCRETAMENTE O QUE ISSO SIGNIFICA.\u201d<\/p><\/blockquote>\n\n\n\n<p><\/p>\n\n\n\n<figure class=\"wp-block-embed-youtube wp-block-embed is-type-video is-provider-youtube wp-embed-aspect-16-9 wp-has-aspect-ratio\"><div class=\"wp-block-embed__wrapper\">\n<iframe loading=\"lazy\" width=\"500\" height=\"281\" src=\"https:\/\/www.youtube.com\/embed\/ClbXrDFkxQc?feature=oembed\" frameborder=\"0\" allow=\"accelerometer; autoplay; encrypted-media; gyroscope; picture-in-picture\" allowfullscreen><\/iframe>\n<\/div><\/figure>\n\n\n\n<p><\/p>\n\n\n\n<p>Fonte:  Vatican News <\/p>\n","protected":false},"excerpt":{"rendered":"<p>\u201cA fam\u00edlia tem que ser protegida\u201d: \u00e9 a premissa do Papa Francisco ao pedir a ora\u00e7\u00e3o dos fi\u00e9is. \u201cA Igreja tem que animar e estar ao lado das fam\u00edlias, ajudando-as a descobrir caminhos&#8230;<\/p>\n","protected":false},"author":2,"featured_media":13973,"comment_status":"open","ping_status":"open","sticky":false,"template":"","format":"standard","meta":[],"categories":[1],"tags":[],"_links":{"self":[{"href":"https:\/\/www.salvatorianas.org.br\/blog\/wp-json\/wp\/v2\/posts\/13971"}],"collection":[{"href":"https:\/\/www.salvatorianas.org.br\/blog\/wp-json\/wp\/v2\/posts"}],"about":[{"href":"https:\/\/www.salvatorianas.org.br\/blog\/wp-json\/wp\/v2\/types\/post"}],"author":[{"embeddable":true,"href":"https:\/\/www.salvatorianas.org.br\/blog\/wp-json\/wp\/v2\/users\/2"}],"replies":[{"embeddable":true,"href":"https:\/\/www.salvatorianas.org.br\/blog\/wp-json\/wp\/v2\/comments?post=13971"}],"version-history":[{"count":1,"href":"https:\/\/www.salvatorianas.org.br\/blog\/wp-json\/wp\/v2\/posts\/13971\/revisions"}],"predecessor-version":[{"id":13974,"href":"https:\/\/www.salvatorianas.org.br\/blog\/wp-json\/wp\/v2\/posts\/13971\/revisions\/13974"}],"wp:featuredmedia":[{"embeddable":true,"href":"https:\/\/www.salvatorianas.org.br\/blog\/wp-json\/wp\/v2\/media\/13973"}],"wp:attachment":[{"href":"https:\/\/www.salvatorianas.org.br\/blog\/wp-json\/wp\/v2\/media?parent=13971"}],"wp:term":[{"taxonomy":"category","embeddable":true,"href":"https:\/\/www.salvatorianas.org.br\/blog\/wp-json\/wp\/v2\/categories?post=13971"},{"taxonomy":"post_tag","embeddable":true,"href":"https:\/\/www.salvatorianas.org.br\/blog\/wp-json\/wp\/v2\/tags?post=13971"}],"curies":[{"name":"wp","href":"https:\/\/api.w.org\/{rel}","templated":true}]}}