{"id":13964,"date":"2020-07-02T13:28:57","date_gmt":"2020-07-02T13:28:57","guid":{"rendered":"https:\/\/www.salvatorianas.org.br\/blog\/?p=13964"},"modified":"2020-07-02T13:28:59","modified_gmt":"2020-07-02T13:28:59","slug":"oracao-pelos-jovens-em-situacao-de-rua","status":"publish","type":"post","link":"https:\/\/www.salvatorianas.org.br\/blog\/oracao-pelos-jovens-em-situacao-de-rua\/","title":{"rendered":"ORA\u00c7\u00c3O PELOS JOVENS EM SITUA\u00c7\u00c3O DE RUA"},"content":{"rendered":"\n<p> Hoje \u00e9 o dia que a Fam\u00edlia Salvatoriana e comunidades se unem para juntos rezar as diferentes realidades juvenis. Nesta primeira quinta-feira (02) do m\u00eas de julho, as Comunidades Salvatorianas s\u00e3o convidadas a fazer comunh\u00e3o orante com a realidade dos jovens que est\u00e3o em situa\u00e7\u00e3o de rua.<\/p>\n\n\n\n<p>\u201cSe j\u00e1 n\u00e3o somos mais capazes de perceber a desumana dor ao nosso lado, tamb\u00e9m n\u00f3s nos tornamos desumanizados\u201d, \u00e9 com essa cita\u00e7\u00e3o do Papa Francisco, conclamada no in\u00edcio do seu pontificado, em 2013, que iniciamos a reflex\u00e3o: \u201cOs jovens em situa\u00e7\u00e3o de rua.\u201d<\/p>\n\n\n\n<p><br> A situa\u00e7\u00e3o de rua de crian\u00e7as e adolescentes n\u00e3o \u00e9 novidade para ningu\u00e9m. Segundo pesquisa da Secretaria de Direitos Humanos, em parceria com IDEST de 2011, temos 24 mil crian\u00e7as e adolescentes em situa\u00e7\u00e3o de rua: 3 em cada 10 pessoas em situa\u00e7\u00e3o de rua s\u00e3o menores de 18 anos. O movimento social pelos direitos de crian\u00e7as e adolescentes em situa\u00e7\u00e3o de rua estava presente e foi um dos protagonistas na \u00e9poca da aprova\u00e7\u00e3o do ECA- Estatuto da Crian\u00e7a e Adolescente. No entanto, ainda temos fortes barreiras de acesso \u00e0s pol\u00edticas de sa\u00fade, educa\u00e7\u00e3o e desenvolvimento social.<\/p>\n\n\n\n<p><br> Ignorar ou invisibilizar essa popula\u00e7\u00e3o, mesmo nos servi\u00e7os voltados \u00e0 popula\u00e7\u00e3o em situa\u00e7\u00e3o de rua, n\u00e3o parece estar surtindo o efeito pretendido. A pesquisa SDH\/IDEST indica que 36% dessas pessoas, j\u00e1 passaram por institui\u00e7\u00f5es de interna\u00e7\u00e3o e voltaram para as ruas, ou seja, n\u00e3o existem dispositivos suficientes para que essas pessoas n\u00e3o reincidam. E 20% relataram j\u00e1 terem sido impedidos de entrar em \u00f3rg\u00e3os p\u00fablicos, ou seja, os profissionais das pol\u00edticas sociais n\u00e3o est\u00e3o preparados para lidar com esse p\u00fablico. \u00c9 preciso tirar as crian\u00e7as e adolescentes em situa\u00e7\u00e3o de rua da invisibilidade.<\/p>\n\n\n\n<p><br> O olhar misericordioso e compassivo do bom samaritano nos inspira a vislumbrar de modo diferente, de perceber aquela realidade. Em meio a tantos desafios que saibamos enxergar no outro o pr\u00f3prio Cristo.<br> A par\u00e1bola em quest\u00e3o nos recorda que a espiritualidade crist\u00e3, se n\u00e3o for \u2018samaritana\u2019, perde seu sentido e autenticidade a partir do momento em que nosso caminhar se torna indiferente e pouco habituado ao cuidado com aquele que, mesmo sendo nosso desconhecido, precisa de nossa solidariedade.<\/p>\n\n\n\n<p><br> Assim como o bom samaritano, devemos colocar nossa vida \u00e0 disposi\u00e7\u00e3o do outro, n\u00e3o podemos ser indiferentes \u00e0s dores de nossos irm\u00e3os porque Jesus fez de sua vida doa\u00e7\u00e3o at\u00e9 a morte na cruz. \u00c9 preciso ver, solidarizar-se e cuidar.<\/p>\n\n\n\n<p><strong>Vamos juntos rezar pelos nossos jovens:<\/strong><\/p>\n\n\n\n<p>\n\nConfira tamb\u00e9m outras ora\u00e7\u00f5es pelas Juventudes \u2013&nbsp;<\/p>\n","protected":false},"excerpt":{"rendered":"<p>Hoje \u00e9 o dia que a Fam\u00edlia Salvatoriana e comunidades se unem para juntos rezar as diferentes realidades juvenis. Nesta primeira quinta-feira (02) do m\u00eas de julho, as Comunidades Salvatorianas s\u00e3o convidadas a&#8230;<\/p>\n","protected":false},"author":2,"featured_media":13966,"comment_status":"open","ping_status":"open","sticky":false,"template":"","format":"standard","meta":[],"categories":[1],"tags":[],"_links":{"self":[{"href":"https:\/\/www.salvatorianas.org.br\/blog\/wp-json\/wp\/v2\/posts\/13964"}],"collection":[{"href":"https:\/\/www.salvatorianas.org.br\/blog\/wp-json\/wp\/v2\/posts"}],"about":[{"href":"https:\/\/www.salvatorianas.org.br\/blog\/wp-json\/wp\/v2\/types\/post"}],"author":[{"embeddable":true,"href":"https:\/\/www.salvatorianas.org.br\/blog\/wp-json\/wp\/v2\/users\/2"}],"replies":[{"embeddable":true,"href":"https:\/\/www.salvatorianas.org.br\/blog\/wp-json\/wp\/v2\/comments?post=13964"}],"version-history":[{"count":1,"href":"https:\/\/www.salvatorianas.org.br\/blog\/wp-json\/wp\/v2\/posts\/13964\/revisions"}],"predecessor-version":[{"id":13967,"href":"https:\/\/www.salvatorianas.org.br\/blog\/wp-json\/wp\/v2\/posts\/13964\/revisions\/13967"}],"wp:featuredmedia":[{"embeddable":true,"href":"https:\/\/www.salvatorianas.org.br\/blog\/wp-json\/wp\/v2\/media\/13966"}],"wp:attachment":[{"href":"https:\/\/www.salvatorianas.org.br\/blog\/wp-json\/wp\/v2\/media?parent=13964"}],"wp:term":[{"taxonomy":"category","embeddable":true,"href":"https:\/\/www.salvatorianas.org.br\/blog\/wp-json\/wp\/v2\/categories?post=13964"},{"taxonomy":"post_tag","embeddable":true,"href":"https:\/\/www.salvatorianas.org.br\/blog\/wp-json\/wp\/v2\/tags?post=13964"}],"curies":[{"name":"wp","href":"https:\/\/api.w.org\/{rel}","templated":true}]}}