{"id":13942,"date":"2020-07-01T14:36:08","date_gmt":"2020-07-01T14:36:08","guid":{"rendered":"https:\/\/www.salvatorianas.org.br\/blog\/?p=13942"},"modified":"2020-07-01T17:52:04","modified_gmt":"2020-07-01T17:52:04","slug":"encontro-da-comissao-de-formacao-de-liderancas","status":"publish","type":"post","link":"https:\/\/www.salvatorianas.org.br\/blog\/encontro-da-comissao-de-formacao-de-liderancas\/","title":{"rendered":"Encontro da Comiss\u00e3o de Forma\u00e7\u00e3o de Lideran\u00e7as"},"content":{"rendered":"\n<p>A Comiss\u00e3o realizou na manh\u00e3 de ontem (30) a primeira reuni\u00e3o de\ntrabalho on-line. Na ocasi\u00e3o, os participantes foram acolhidos pela Equipe de\nCoordena\u00e7\u00e3o Provincial que compartilhou alguns objetivos e sonhos para essa\ncomiss\u00e3o, pois o elemento da Forma\u00e7\u00e3o de Lideran\u00e7as encontra-se no n\u00facleo do\nbin\u00f4mio do Carisma Salvatoriano \u2013 conhecer e tornar conhecido Jesus Salvador.\nComo em cada tempo o\ncarisma \u00e9 chamado a dar novas respostas, cada integrante da comiss\u00e3o foi\nconvidado a expressar\nsuas expectativas para, no futuro, sistematizar\/elaborar e desenvolver diferentes projetos e programas de forma\u00e7\u00e3o\nde lideran\u00e7as. &nbsp;<\/p>\n\n\n\n<p>Em seguida, Ir. Dulcelene Ceccato, que \u00e9 facilitadora desta\ncomiss\u00e3o, fez mem\u00f3ria do\nprocesso de discernimento do \u2018corpo apost\u00f3lico\u2019 sobre a implementa\u00e7\u00e3o da \u201cforma\u00e7\u00e3o de\nlideran\u00e7as\u201d, a partir de uma nova interpreta\u00e7\u00e3o do\nCarisma Salvatoriano para uma Igreja em sa\u00edda e a cultura contempor\u00e2nea, fundamentado na ideia original de\nPadre Jordan e Madre Maria dos Ap\u00f3stolos.<\/p>\n\n\n\n<p>Na oportunidade, Ir. Dulcelene apresentou uma proposta de estudo\norganizada em dois blocos de conte\u00fado: a miss\u00e3o do laicato, tendo como foco a\nvoca\u00e7\u00e3o laical e o aprofundamento dos textos origin\u00e1rios de Padre Francisco\nJordan, onde se encontram os seus\nsonhos de Forma\u00e7\u00e3o de Lideran\u00e7as. Ela destacou a import\u00e2ncia de o estudo ser feito \u00e0 luz da f\u00e9 e da crise global que estamos\npassando.<\/p>\n\n\n\n<p>Para finalizar a reuni\u00e3o, Ir. Sandra Regina Alves de Souza,\nCoordenadora Provincial, agradeceu a participa\u00e7\u00e3o, troca de saberes e convidou\na todos a contemplar dois s\u00edmbolos: o sapato e o rel\u00f3gio de Padre Jordan, para significar que esse \u00e9\no tempo e com este encontro somos chamados a fazer o caminho para realizar este\nsonho de sistematizar a forma\u00e7\u00e3o de lideran\u00e7as. O encontro finalizou com todos rezando\na prece do Fundador da Fam\u00edlia Salvatoriana, Padre Francisco Maria da Cruz\nJordan.<\/p>\n\n\n\n<p><\/p>\n\n\n\n<p><\/p>\n\n\n\n<p><\/p>\n\n\n\n<p><\/p>\n\n\n\n<p><\/p>\n\n\n\n<p><\/p>\n\n\n\n<p><\/p>\n","protected":false},"excerpt":{"rendered":"<p>A Comiss\u00e3o realizou na manh\u00e3 de ontem (30) a primeira reuni\u00e3o de trabalho on-line. Na ocasi\u00e3o, os participantes foram acolhidos pela Equipe de Coordena\u00e7\u00e3o Provincial que compartilhou alguns objetivos e sonhos para essa&#8230;<\/p>\n","protected":false},"author":2,"featured_media":13943,"comment_status":"open","ping_status":"open","sticky":false,"template":"","format":"standard","meta":[],"categories":[1],"tags":[],"_links":{"self":[{"href":"https:\/\/www.salvatorianas.org.br\/blog\/wp-json\/wp\/v2\/posts\/13942"}],"collection":[{"href":"https:\/\/www.salvatorianas.org.br\/blog\/wp-json\/wp\/v2\/posts"}],"about":[{"href":"https:\/\/www.salvatorianas.org.br\/blog\/wp-json\/wp\/v2\/types\/post"}],"author":[{"embeddable":true,"href":"https:\/\/www.salvatorianas.org.br\/blog\/wp-json\/wp\/v2\/users\/2"}],"replies":[{"embeddable":true,"href":"https:\/\/www.salvatorianas.org.br\/blog\/wp-json\/wp\/v2\/comments?post=13942"}],"version-history":[{"count":5,"href":"https:\/\/www.salvatorianas.org.br\/blog\/wp-json\/wp\/v2\/posts\/13942\/revisions"}],"predecessor-version":[{"id":13948,"href":"https:\/\/www.salvatorianas.org.br\/blog\/wp-json\/wp\/v2\/posts\/13942\/revisions\/13948"}],"wp:featuredmedia":[{"embeddable":true,"href":"https:\/\/www.salvatorianas.org.br\/blog\/wp-json\/wp\/v2\/media\/13943"}],"wp:attachment":[{"href":"https:\/\/www.salvatorianas.org.br\/blog\/wp-json\/wp\/v2\/media?parent=13942"}],"wp:term":[{"taxonomy":"category","embeddable":true,"href":"https:\/\/www.salvatorianas.org.br\/blog\/wp-json\/wp\/v2\/categories?post=13942"},{"taxonomy":"post_tag","embeddable":true,"href":"https:\/\/www.salvatorianas.org.br\/blog\/wp-json\/wp\/v2\/tags?post=13942"}],"curies":[{"name":"wp","href":"https:\/\/api.w.org\/{rel}","templated":true}]}}