{"id":13898,"date":"2020-06-21T12:40:59","date_gmt":"2020-06-21T12:40:59","guid":{"rendered":"https:\/\/www.salvatorianas.org.br\/blog\/?p=13898"},"modified":"2020-06-25T12:43:19","modified_gmt":"2020-06-25T12:43:19","slug":"regiao-amazonica-recebe-mais-200-mil-em-doacoes","status":"publish","type":"post","link":"https:\/\/www.salvatorianas.org.br\/blog\/regiao-amazonica-recebe-mais-200-mil-em-doacoes\/","title":{"rendered":"Regi\u00e3o amaz\u00f4nica recebe mais 200 mil em doa\u00e7\u00f5es"},"content":{"rendered":"\n<p>A campanha \u201cA Amaz\u00f4nia precisa de voc\u00ea\u201d, uma a\u00e7\u00e3o conjunta das Pontif\u00edcias Obras Mission\u00e1rias e da Rede Eclesial Pan-Amaz\u00f4nica (REPAM-Brasil) recebeu doa\u00e7\u00f5es que contabilizaram at\u00e9 a segunda quinzena deste m\u00eas de junho um total de R$&nbsp;452.014,98. Nesta semana foi enviada a segunda remessa de valores para 15 dioceses e prelazias da regi\u00e3o amaz\u00f4nica,&nbsp;correspondendo&nbsp;a R$ 200 mil que ser\u00e3o investidos em alimenta\u00e7\u00e3o e materiais de higiene e prote\u00e7\u00e3o. No final de maio a campanha j\u00e1 havia repassado para 18 dioceses, arquidioceses e prelazia o total de 180 mil, somando-se at\u00e9 o momento&nbsp;380 mil em doa\u00e7\u00f5es j\u00e1 destinadas para ajuda \u00e0s comunidades.<\/p>\n\n\n\n<p>Nesta segunda fase, para socorrer de forma emergencial as regi\u00f5es, foram destinados recursos \u00e0s seguintes dioceses, arquidioceses e prelazias:&nbsp;Abaetetuba, Bragan\u00e7a, Maraj\u00f3, Macap\u00e1, Cristal\u00e2ndia, Miracema do Tocantins, Palmas, Porto Nacional,&nbsp;Sant\u00edssima&nbsp;Concei\u00e7\u00e3o do Araguaia, S\u00e3o F\u00e9lix do Araguaia, Imperatriz, Carolina, Labrea, Humait\u00e1 e Rio Branco.<\/p>\n\n\n\n<p>A&nbsp;Confer\u00eancia Nacional dos Bispos do Brasil, a C\u00e1ritas Brasileira e a Confer\u00eancia dos Religiosos do Brasil s\u00e3o&nbsp;apoiadoras desta campanha.<\/p>\n\n\n\n<p><strong>Congrega\u00e7\u00f5es Religiosas tiveram importante participa\u00e7\u00e3o<\/strong><\/p>\n\n\n\n<div class=\"wp-block-image\"><figure class=\"alignright\"><a href=\"http:\/\/www.pom.org.br\/wp-content\/uploads\/2020\/06\/img-20200519-wa0038.jpg\"><img decoding=\"async\" src=\"http:\/\/www.pom.org.br\/wp-content\/uploads\/2020\/06\/img-20200519-wa0038-300x216.jpg\" alt=\"IMG-20200519-WA0038\" class=\"wp-image-14176\"\/><\/a><\/figure><\/div>\n\n\n\n<p>Para que esses recursos pudessem chegar \u00e0s dioceses que mais necessitam de ajuda no enfrentamento da Covid-19 junto \u00e0 popula\u00e7\u00e3o amaz\u00f4nica, as Congrega\u00e7\u00f5es Religiosas tiveram uma participa\u00e7\u00e3o efetiva na campanha&nbsp;\u201cA Amaz\u00f4nia precisa de voc\u00ea\u201d. A Confer\u00eancia dos Religiosos do Brasil (CRB) foi motivadora para sensibilizar&nbsp;as institui\u00e7\u00f5es religiosas, havendo uma grande participa\u00e7\u00e3o com doa\u00e7\u00e3o de recursos.<\/p>\n\n\n\n<p>Segundo Ir.&nbsp;Maria In\u00eas Ribeiro, presidente da CRB, est\u00e1 sendo uma alegria saber da participa\u00e7\u00e3o da vida consagrada. \u201cNos alegra saber&nbsp;das&nbsp;doa\u00e7\u00f5es para a campanha, assim como a oferta de volunt\u00e1rias para servir nossos irm\u00e3os mais vulner\u00e1veis, ribeirinhos e ind\u00edgenas. A gratid\u00e3o a todos e todas nessa campanha. Precisamos unir for\u00e7as. A Amaz\u00f4nia precisa de n\u00f3s. Os irm\u00e3os mais pequeninos e pobres de todo o Brasil neste momento precisam de nossa ora\u00e7\u00e3o, solidariedade, presen\u00e7a e ajuda, destacou a religiosa.<\/p>\n\n\n\n<p><strong>Como ajudar<\/strong><\/p>\n\n\n\n<p>As doa\u00e7\u00f5es podem ser feitas atrav\u00e9s da conta Banco do Brasil | Ag. 3413-4 | CC 170.703-5<br>CNPJ 50.668.441\/0001-34<\/p>\n\n\n\n<p><\/p>\n\n\n\n<p>Fonte: POM<\/p>\n","protected":false},"excerpt":{"rendered":"<p>A campanha \u201cA Amaz\u00f4nia precisa de voc\u00ea\u201d, uma a\u00e7\u00e3o conjunta das Pontif\u00edcias Obras Mission\u00e1rias e da Rede Eclesial Pan-Amaz\u00f4nica (REPAM-Brasil) recebeu doa\u00e7\u00f5es que contabilizaram at\u00e9 a segunda quinzena deste m\u00eas de junho um&#8230;<\/p>\n","protected":false},"author":2,"featured_media":13899,"comment_status":"open","ping_status":"open","sticky":false,"template":"","format":"standard","meta":[],"categories":[1],"tags":[],"_links":{"self":[{"href":"https:\/\/www.salvatorianas.org.br\/blog\/wp-json\/wp\/v2\/posts\/13898"}],"collection":[{"href":"https:\/\/www.salvatorianas.org.br\/blog\/wp-json\/wp\/v2\/posts"}],"about":[{"href":"https:\/\/www.salvatorianas.org.br\/blog\/wp-json\/wp\/v2\/types\/post"}],"author":[{"embeddable":true,"href":"https:\/\/www.salvatorianas.org.br\/blog\/wp-json\/wp\/v2\/users\/2"}],"replies":[{"embeddable":true,"href":"https:\/\/www.salvatorianas.org.br\/blog\/wp-json\/wp\/v2\/comments?post=13898"}],"version-history":[{"count":1,"href":"https:\/\/www.salvatorianas.org.br\/blog\/wp-json\/wp\/v2\/posts\/13898\/revisions"}],"predecessor-version":[{"id":13900,"href":"https:\/\/www.salvatorianas.org.br\/blog\/wp-json\/wp\/v2\/posts\/13898\/revisions\/13900"}],"wp:featuredmedia":[{"embeddable":true,"href":"https:\/\/www.salvatorianas.org.br\/blog\/wp-json\/wp\/v2\/media\/13899"}],"wp:attachment":[{"href":"https:\/\/www.salvatorianas.org.br\/blog\/wp-json\/wp\/v2\/media?parent=13898"}],"wp:term":[{"taxonomy":"category","embeddable":true,"href":"https:\/\/www.salvatorianas.org.br\/blog\/wp-json\/wp\/v2\/categories?post=13898"},{"taxonomy":"post_tag","embeddable":true,"href":"https:\/\/www.salvatorianas.org.br\/blog\/wp-json\/wp\/v2\/tags?post=13898"}],"curies":[{"name":"wp","href":"https:\/\/api.w.org\/{rel}","templated":true}]}}