{"id":13880,"date":"2020-06-23T19:35:33","date_gmt":"2020-06-23T19:35:33","guid":{"rendered":"https:\/\/www.salvatorianas.org.br\/blog\/?p=13880"},"modified":"2021-03-03T12:19:55","modified_gmt":"2021-03-03T12:19:55","slug":"o-milagre-que-eleva-o-padre-francisco-jordan-a-beatificacao","status":"publish","type":"post","link":"https:\/\/www.salvatorianas.org.br\/blog\/o-milagre-que-eleva-o-padre-francisco-jordan-a-beatificacao\/","title":{"rendered":"O milagre que eleva o Padre Francisco Jordan \u00e0 beatifica\u00e7\u00e3o"},"content":{"rendered":"\n<p>Mais uma gra\u00e7a alcan\u00e7ada por intercess\u00e3o do Vener\u00e1vel  Servo de Deus, Padre Francisco Maria da Cruz Jordan , Fundador da Fam\u00edlia Salvatoriana. O casal Gisele e Fernando s\u00e3o Leigos Salvatorianos do Grupo &#8220;A Caminho do Salvador&#8221;, de V\u00e1rzea Paulista, e s\u00e3o residentes em Jundia\u00ed-SP. Ap\u00f3s tr\u00eas anos de casados, receberam uma not\u00edcia que deixou a fam\u00edlia em estado de alegria: tinha sido confirmada a gravidez de Gisele em Janeiro de 2014. O que eles n\u00e3o sabiam era o que estava para acontecer.<\/p>\n\n\n\n<p>A Dra. Glauce Cristina M. Cavenague, Ginecologista e Obstetra de renome em Jundia\u00ed, acompanhou Gisele no pr\u00e9-natal e em um dos exames de rotina, Ultrassonografia Obst\u00e9trica, realizado em 25\/02\/2014, com oito semanas e um dia, apresentou um &#8220;Deslocamento do saco gestacional e hematoma retro cori\u00f4nico associado\u201d. Dra. Glauce prescreveu o tratamento e entre outras indica\u00e7\u00f5es, o repouso.<\/p>\n\n\n\n<p>Gisele, sempre levando a s\u00e9rio o tratamento, foi seguindo conforme os m\u00e9dicos indicavam. No dia 10\/06\/2014, o casal recebeu a not\u00edcia que o beb\u00ea era uma menina. Neste mesmo exame, Ultrassom Morfol\u00f3gico, tamb\u00e9m foi detectado que a Placenta estava muito espessa e o beb\u00ea n\u00e3o estava crescendo conforme o esperado para as semanas gestacionais. Tamanho e peso abaixo do esperado. A Dra. Glauce, ao comunicar o resultado do exame, tamb\u00e9m sugeriu que o acompanhamento passasse a ser mais frequente.<\/p>\n\n\n\n<p><br>Ao sair do consult\u00f3rio, Gisele e Fernando se veem numa situa\u00e7\u00e3o dif\u00edcil. Como assimilar tudo isso? Gisele fez a seguinte declara\u00e7\u00e3o: &#8220;No carro, a caminho da casa de minha m\u00e3e, meu esposo e eu choramos e entregamos tudo nas m\u00e3os de Deus e neste momento pedimos para que o nosso querido Padre Jordan intercedesse por n\u00f3s e nos iluminasse&#8221;. Ao chegarem \u00e0 casa da M\u00e3e de Gisele, a primeira coisa que eles viram foi um livrinho de ora\u00e7\u00e3o que tinha estampado na capa a foto do Pe. Jordan.<\/p>\n\n\n\n<p>Juliana, irm\u00e3 da Gisele, partilhou o sonho que teve no dia 16\/06\/2014, data que se comemora o nascimento do Pe. Jordan, que a crian\u00e7a nasceria linda e perfeita. A partir dessa data muitos come\u00e7aram a pedir nas ora\u00e7\u00f5es por Gisele, Fernando e o beb\u00ea que nasceria meses depois. No decorrer da gesta\u00e7\u00e3o tamb\u00e9m tinha sido diagnosticada uma \u201cS\u00edndrome antifosfolipe com exames FAN positivo, anticoagulante l\u00fadico positivo&#8221;.<\/p>\n\n\n\n<p><br>No dia 10\/07\/2014, Dra. Glauce encaminhou Gisele para Dra. Alice Christina Pinheiro Pereira, Ginecologista e Obstetra, especializando-se em Medicina Fetal, para que fossem realizados exames minuciosos no setor de Medicina Fetal da Santa Casa de Miseric\u00f3rdia de S\u00e3o Paulo. Nos meses de julho e agosto de 2014, Gisele contou com a dedica\u00e7\u00e3o e empenho da Dra. Alice, que n\u00e3o mediu esfor\u00e7os para ajud\u00e1-la.<\/p>\n\n\n\n<p>O primeiro Ultrassom realizado na Santa Casa de Miseric\u00f3rdia em S\u00e3o Paulo, no 21 de julho de 2014, apresentou: &#8220;Biometria fetal incompat\u00edvel com as semanas de gesta\u00e7\u00e3o, peso fetal com restri\u00e7\u00e3o de crescimento intrauterino, ossos longos significativamente encurtados, e uma placentomegalia&#8221;. Podemos dizer numa linguagem mais popular, que o beb\u00ea n\u00e3o havia alcan\u00e7ado peso e altura compat\u00edvel \u00e0 idade gestacional, os ossos longos eram encurtados levando a pensar que seria an\u00e3o. Outra preocupa\u00e7\u00e3o era em rela\u00e7\u00e3o \u00e0 placenta.<\/p>\n\n\n\n<p>Os exames posteriores sempre confirmavam uma m\u00e1 forma\u00e7\u00e3o \u00f3ssea como displasia esquel\u00e9tica. Enquanto isso, Gisele sentia sempre o apoio da Fam\u00edlia e dos amigos, que n\u00e3o cansavam de afirmar que tudo daria certo. Que era preciso confiar em Deus e na intercess\u00e3o do Pe. Jordan. Gisele e Fernando repetiam em suas ora\u00e7\u00f5es frases da espiritualidade do Pe. Jordan, como por exemplo: &#8220;para Deus nada \u00e9 imposs\u00edvel&#8221;, &#8220;rezar sem cessar, e com a m\u00e1xima confian\u00e7a, n\u00e3o te deixe desanimar por nada&#8221; e &#8220;as obras de Deus s\u00f3 prosperam \u00e0 sombra da cruz&#8221;.<\/p>\n\n\n\n<p>Gisele tamb\u00e9m testemunhou dizendo: \u201ccada vez que \u00edamos fazer os exames, eu levava a medalhinha do Pe. Jordan e pedia que ele intercedesse, iluminasse nossa filha e os m\u00e9dicos que estavam cuidando de n\u00f3s&#8221;.<\/p>\n\n\n\n<p>Confiantes de que receberiam esta gra\u00e7a de Deus, Gisele e Fernando decidiram levar adiante a gesta\u00e7\u00e3o, mesmo conscientes dos riscos de morte da m\u00e3e e\/ou do feto. Precisamente no dia 08 de setembro de 2014, dia da Natividade de Nossa Senhora e tamb\u00e9m dia da morte do Pe. Francisco Jordan, Gisele foi levada \u00e0 sala de cirurgia para o parto de sua filha. \u00c0s 13h44 nasceu L\u00edvia Maria e seus pais choraram de alegria.<\/p>\n\n\n\n<p>Contrariando todos os progn\u00f3sticos apresentados nos exames durante a gesta\u00e7\u00e3o, a crian\u00e7a nasceu saud\u00e1vel. O casal Gisele e Fernando est\u00e1 convencido de que tudo se deu gra\u00e7as \u00e0 for\u00e7a de sua profunda f\u00e9 em Deus e de suas ora\u00e7\u00f5es de intercess\u00e3o ao PE. Francisco Maria da Cruz Jordan. Livia Maria Cardoso Silva \u00e9 uma crian\u00e7a normal e saud\u00e1vel.<\/p>\n\n\n\n<p>Fonte: <a href=\"https:\/\/www.paroquianslourdes.org.br\/\" target=\"_blank\" rel=\"noreferrer noopener\" aria-label=\" (abre em uma nova aba)\">paroquianslourdes.org.br<\/a><\/p>\n","protected":false},"excerpt":{"rendered":"<p>Mais uma gra\u00e7a alcan\u00e7ada por intercess\u00e3o do Vener\u00e1vel Servo de Deus, Padre Francisco Maria da Cruz Jordan , Fundador da Fam\u00edlia Salvatoriana. O casal Gisele e Fernando s\u00e3o Leigos Salvatorianos do Grupo &#8220;A&#8230;<\/p>\n","protected":false},"author":2,"featured_media":13881,"comment_status":"open","ping_status":"open","sticky":false,"template":"","format":"standard","meta":[],"categories":[40,1],"tags":[],"_links":{"self":[{"href":"https:\/\/www.salvatorianas.org.br\/blog\/wp-json\/wp\/v2\/posts\/13880"}],"collection":[{"href":"https:\/\/www.salvatorianas.org.br\/blog\/wp-json\/wp\/v2\/posts"}],"about":[{"href":"https:\/\/www.salvatorianas.org.br\/blog\/wp-json\/wp\/v2\/types\/post"}],"author":[{"embeddable":true,"href":"https:\/\/www.salvatorianas.org.br\/blog\/wp-json\/wp\/v2\/users\/2"}],"replies":[{"embeddable":true,"href":"https:\/\/www.salvatorianas.org.br\/blog\/wp-json\/wp\/v2\/comments?post=13880"}],"version-history":[{"count":3,"href":"https:\/\/www.salvatorianas.org.br\/blog\/wp-json\/wp\/v2\/posts\/13880\/revisions"}],"predecessor-version":[{"id":13891,"href":"https:\/\/www.salvatorianas.org.br\/blog\/wp-json\/wp\/v2\/posts\/13880\/revisions\/13891"}],"wp:featuredmedia":[{"embeddable":true,"href":"https:\/\/www.salvatorianas.org.br\/blog\/wp-json\/wp\/v2\/media\/13881"}],"wp:attachment":[{"href":"https:\/\/www.salvatorianas.org.br\/blog\/wp-json\/wp\/v2\/media?parent=13880"}],"wp:term":[{"taxonomy":"category","embeddable":true,"href":"https:\/\/www.salvatorianas.org.br\/blog\/wp-json\/wp\/v2\/categories?post=13880"},{"taxonomy":"post_tag","embeddable":true,"href":"https:\/\/www.salvatorianas.org.br\/blog\/wp-json\/wp\/v2\/tags?post=13880"}],"curies":[{"name":"wp","href":"https:\/\/api.w.org\/{rel}","templated":true}]}}