{"id":13863,"date":"2020-06-19T18:48:26","date_gmt":"2020-06-19T18:48:26","guid":{"rendered":"https:\/\/www.salvatorianas.org.br\/blog\/?p=13863"},"modified":"2021-03-03T12:15:26","modified_gmt":"2021-03-03T12:15:26","slug":"vaticano-confirma-a-beatificacao-de-padre-francisco-maria-da-cruz-jordan","status":"publish","type":"post","link":"https:\/\/www.salvatorianas.org.br\/blog\/vaticano-confirma-a-beatificacao-de-padre-francisco-maria-da-cruz-jordan\/","title":{"rendered":"Vaticano confirma a beatifica\u00e7\u00e3o de Padre Francisco Maria da Cruz Jordan"},"content":{"rendered":"\n<p>\u00c9 com muita alegria que hoje, 19 de junho de 2020, recebemos a not\u00edcia de que o Papa Francisco autorizou a Congrega\u00e7\u00e3o para as Causas dos Santos a promulgar o decreto relativo ao milagre atribu\u00eddo \u00e0 intercess\u00e3o de nosso Fundador, o Vener\u00e1vel Servo de Deus, Padre Francisco Maria da Cruz Jordan. <\/p>\n\n\n\n<p>Com isso, se abre em definitivo o caminho para a beatifica\u00e7\u00e3o de nosso amado Fundador. A partir de agora vamos aguardar a data e o local da cerim\u00f4nia de beatifica\u00e7\u00e3o que, muito em breve, ser\u00e3o comunicados pela Santa S\u00e9. <\/p>\n\n\n\n<p>O milagre que eleva o Vener\u00e1vel Servo de Deus, Padre Francisco Maria da Cruz Jordan \u00e0 beatifica\u00e7\u00e3o aconteceu no Brasil, o que nos enche o cora\u00e7\u00e3o de a\u00e7\u00e3o de gra\u00e7as por sua intercess\u00e3o: um jovem casal de Jundia\u00ed-SP esperava um beb\u00ea em 2014 e foi informado por v\u00e1rios m\u00e9dicos de que o feto sofria de uma doen\u00e7a incur\u00e1vel nos ossos: displasia esquel\u00e9tica. Sendo eles membros do grupo de Leigos e Leigas Salvatorianos, come\u00e7aram a rezar, pedindo a intercess\u00e3o do Vener\u00e1vel Servo de Deus Pe. Francisco Jordan, convidando os outros membros do grupo a fazerem o mesmo.<\/p>\n\n\n\n<p>A beb\u00ea nasceu completamente s\u00e3, no dia 08 de setembro de 2014, festa da Natividade de Nossa Senhora e anivers\u00e1rio de morte de Pe. Francisco Jordan.<\/p>\n\n\n\n<p>Padre Francisco Maria da Cruz Jordan nasceu em G\u00fcrtweil, sul da Alemanha aos 16 de junho de 1848. Em 08 de dezembro de 1888 fundou em Roma a Fam\u00edlia Salvatoriana. Faleceu em 08 de setembro de 1918, em Tafers, na Su\u00ed\u00e7a. <\/p>\n","protected":false},"excerpt":{"rendered":"<p>\u00c9 com muita alegria que hoje, 19 de junho de 2020, recebemos a not\u00edcia de que o Papa Francisco autorizou a Congrega\u00e7\u00e3o para as Causas dos Santos a promulgar o decreto relativo ao&#8230;<\/p>\n","protected":false},"author":2,"featured_media":13864,"comment_status":"open","ping_status":"open","sticky":false,"template":"","format":"standard","meta":[],"categories":[40,1],"tags":[],"_links":{"self":[{"href":"https:\/\/www.salvatorianas.org.br\/blog\/wp-json\/wp\/v2\/posts\/13863"}],"collection":[{"href":"https:\/\/www.salvatorianas.org.br\/blog\/wp-json\/wp\/v2\/posts"}],"about":[{"href":"https:\/\/www.salvatorianas.org.br\/blog\/wp-json\/wp\/v2\/types\/post"}],"author":[{"embeddable":true,"href":"https:\/\/www.salvatorianas.org.br\/blog\/wp-json\/wp\/v2\/users\/2"}],"replies":[{"embeddable":true,"href":"https:\/\/www.salvatorianas.org.br\/blog\/wp-json\/wp\/v2\/comments?post=13863"}],"version-history":[{"count":4,"href":"https:\/\/www.salvatorianas.org.br\/blog\/wp-json\/wp\/v2\/posts\/13863\/revisions"}],"predecessor-version":[{"id":13868,"href":"https:\/\/www.salvatorianas.org.br\/blog\/wp-json\/wp\/v2\/posts\/13863\/revisions\/13868"}],"wp:featuredmedia":[{"embeddable":true,"href":"https:\/\/www.salvatorianas.org.br\/blog\/wp-json\/wp\/v2\/media\/13864"}],"wp:attachment":[{"href":"https:\/\/www.salvatorianas.org.br\/blog\/wp-json\/wp\/v2\/media?parent=13863"}],"wp:term":[{"taxonomy":"category","embeddable":true,"href":"https:\/\/www.salvatorianas.org.br\/blog\/wp-json\/wp\/v2\/categories?post=13863"},{"taxonomy":"post_tag","embeddable":true,"href":"https:\/\/www.salvatorianas.org.br\/blog\/wp-json\/wp\/v2\/tags?post=13863"}],"curies":[{"name":"wp","href":"https:\/\/api.w.org\/{rel}","templated":true}]}}