{"id":13860,"date":"2020-06-18T11:15:29","date_gmt":"2020-06-18T11:15:29","guid":{"rendered":"https:\/\/www.salvatorianas.org.br\/blog\/?p=13860"},"modified":"2020-06-18T11:15:32","modified_gmt":"2020-06-18T11:15:32","slug":"coronavirus-uma-oportunidade","status":"publish","type":"post","link":"https:\/\/www.salvatorianas.org.br\/blog\/coronavirus-uma-oportunidade\/","title":{"rendered":"Coronav\u00edrus uma oportunidade!"},"content":{"rendered":"\n<p>Estamos sob os impactos que o Coronavirus trouxe, que atingiu todo mundo e o mundo todo. &nbsp;&nbsp;&nbsp;&nbsp;Ningu\u00e9m, com o m\u00ednimo de sanidade, desejou que esse v\u00edrus aparecesse! Contudo, a realidade est\u00e1 a\u00ed e todos estamos envolvidos nessa trag\u00e9dia por um lado, mas tamb\u00e9m de grandes oportunidades por outro lado.<\/p>\n\n\n\n<p>Ningu\u00e9m ignora o mal que o v\u00edrus causou e est\u00e1 causando, contudo, ele nos obrigou a revermos muitas coisas em nossa vida. Descobrimos o quanto somos criativos para nos livrar de alguns efeitos delet\u00e9rios que ele causou. Veja-se por exemplo, quantos gestos de solidariedade aconteceram! Quantas formas novas de comunica\u00e7\u00e3o e entre ajuda! O v\u00edrus obrigou aos governos repensarem muito de suas pol\u00edticas e projetos. Em n\u00edvel de educa\u00e7\u00e3o, com os alunos em casa, fazendo suas li\u00e7\u00f5es e descobrindo suas pr\u00f3prias capacidades antes ignoradas ou pouco usadas.<\/p>\n\n\n\n<p>Deu oportunidade para cada um encontrar maneiras novas para preencher seu tempo. Em n\u00edvel de conviv\u00eancia familiar, quantas viv\u00eancias novas os pais fizeram estando com os filhos! Quantas ren\u00fancias tivemos que fazer e apesar disso continuamos vivos! Muita coisa sup\u00e9rflua, que antes n\u00e3o se abria m\u00e3o, agora se vive sem elas numa boa, como se diz! Em n\u00edvel de relacionamentos, quantos jeitos novos de se comunicar e uma nova percep\u00e7\u00e3o da import\u00e2ncia dos outros em nossa vida! Todos aprendemos que somos dependentes uns dos outros. Sentimos falta das pessoas mais pr\u00f3ximas, que ficamos temporariamente sem encontrar pessoalmente, mas nem por isso deixaram de participar e ser importantes para n\u00f3s.<\/p>\n\n\n\n<p>O v\u00edrus nos obrigou olhar para os rumos que a vida estava seguindo! Todos estamos fazendo uma experi\u00eancia in\u00e9dita, ningu\u00e9m havia passado por isso. Todos sofremos com as aus\u00eancias de tantas coisas que antes faziam parte de nosso cotidiano. Sair \u00e0 hora que se queria, sem preocupa\u00e7\u00e3o de ter uma m\u00e1scara em m\u00e3os; de ir ao supermercado, sem ningu\u00e9m na porta orientando as entradas; de comprar nas lojas sem observar distanciamentos. De ir \u00e0s igrejas e participar das celebra\u00e7\u00f5es. Quantas pessoas est\u00e3o com saudades desses encontros de f\u00e9 celebrada na comunidade crist\u00e3! Tudo isso nos diz que estamos num tempo diferente, n\u00e3o somos mais &nbsp;livres para fazer como antes, agora somos obrigados a obedecer a condutas novas.<\/p>\n\n\n\n<p>O v\u00edrus virou o mundo de ponta cabe\u00e7a! Quer queiramos ou n\u00e3o, ele afetou o modo de viver de muitas maneiras. No aspecto econ\u00f4mico tivemos que repensar como gastar o dinheiro. Ali\u00e1s, quanta luta e desespero de muita gente para sobreviver, para conseguir os benef\u00edcios oferecidos pelo governo. Apesar do drama humano vivido por tantos, ficamos surpresos e indignados com &nbsp;a maldade de muitos, que se aproveitam para enganar, roubar, fazer falcatruas para se&nbsp; beneficiar em cima do sofrimento alheio. Tivemos not\u00edcias de gente usando de artimanhas, para se aproveitar do alheio, falsificando documentos,&nbsp; desviando recursos, superfaturando compras de respiradores, medicamentos, obras de emerg\u00eancia.<\/p>\n\n\n\n<p>O v\u00edrus est\u00e1 revelando as duas faces humanas. Uma da solidariedade e do compromisso com a vida e com a dor e sofrimento das pessoas; a outra, da maldade, que explora e aumenta o sofrimentos, sobretudo, dos mais carentes. Eis uma oportunidade das pessoas mostrarem, se tem ou n\u00e3o car\u00e1ter, se s\u00e3o do bem ou do mal, se s\u00e3o ou n\u00e3o humanas!<\/p>\n\n\n\n<p>Ningu\u00e9m vai sair dessa experi\u00eancia igual ao que era antes. Todos fomos afetados por ela. Depois que ela passar, vamos medir melhor as consequ\u00eancias que agora ainda n\u00e3o sabemos avaliar. A grande maioria espera: \u201cmundo vai ser diferente\u201d. Para melhor ou pior? Ainda n\u00e3o sabemos, tomara &nbsp;que seja para melhor! ali\u00e1s, esse desejo est\u00e1 presente naqueles que j\u00e1 se convenceram que v\u00e3o ser diferentes, porque aprenderam com a experi\u00eancia, aquilo que \u00e9 essencial \u00e0 vida e aquilo que \u00e9 relativo.&nbsp; Nesse sentido o v\u00edrus nos trouxe uma oportunidade de viver de um modo diferente, mais solid\u00e1rios e mais humano.<\/p>\n\n\n\n<p>Pensando bem, ent\u00e3o, apesar do mal que o Coronavirus provocou, trouxe tamb\u00e9m algum bem! &nbsp;\u00c0s vezes, \u00e9 preciso que a morte nos ameace para aprendermos a cuidar melhor da vida! \u00e9 preciso que algu\u00e9m morra, para se dar o valor que a vida tem! A \u201cmorte e ressurrei\u00e7\u00e3o\u201d continuam indicando o \u201ccaminho\u201d e as op\u00e7\u00f5es que cada um pode escolher. Ningu\u00e9m sai neutro dessa pandemia! Se, assim \u00e9, ent\u00e3o, aproveitemos a oportunidade de novos aprendizados permitindo que a vida continue com um sentido mais profundo nos novos horizontes que est\u00e3o se abrindo!<\/p>\n\n\n\n<p><em>Pe. Deolino Pedro Baldissera, sds<\/em><\/p>\n","protected":false},"excerpt":{"rendered":"<p>Estamos sob os impactos que o Coronavirus trouxe, que atingiu todo mundo e o mundo todo. &nbsp;&nbsp;&nbsp;&nbsp;Ningu\u00e9m, com o m\u00ednimo de sanidade, desejou que esse v\u00edrus aparecesse! Contudo, a realidade est\u00e1 a\u00ed e&#8230;<\/p>\n","protected":false},"author":2,"featured_media":13861,"comment_status":"open","ping_status":"open","sticky":false,"template":"","format":"standard","meta":[],"categories":[1],"tags":[],"_links":{"self":[{"href":"https:\/\/www.salvatorianas.org.br\/blog\/wp-json\/wp\/v2\/posts\/13860"}],"collection":[{"href":"https:\/\/www.salvatorianas.org.br\/blog\/wp-json\/wp\/v2\/posts"}],"about":[{"href":"https:\/\/www.salvatorianas.org.br\/blog\/wp-json\/wp\/v2\/types\/post"}],"author":[{"embeddable":true,"href":"https:\/\/www.salvatorianas.org.br\/blog\/wp-json\/wp\/v2\/users\/2"}],"replies":[{"embeddable":true,"href":"https:\/\/www.salvatorianas.org.br\/blog\/wp-json\/wp\/v2\/comments?post=13860"}],"version-history":[{"count":1,"href":"https:\/\/www.salvatorianas.org.br\/blog\/wp-json\/wp\/v2\/posts\/13860\/revisions"}],"predecessor-version":[{"id":13862,"href":"https:\/\/www.salvatorianas.org.br\/blog\/wp-json\/wp\/v2\/posts\/13860\/revisions\/13862"}],"wp:featuredmedia":[{"embeddable":true,"href":"https:\/\/www.salvatorianas.org.br\/blog\/wp-json\/wp\/v2\/media\/13861"}],"wp:attachment":[{"href":"https:\/\/www.salvatorianas.org.br\/blog\/wp-json\/wp\/v2\/media?parent=13860"}],"wp:term":[{"taxonomy":"category","embeddable":true,"href":"https:\/\/www.salvatorianas.org.br\/blog\/wp-json\/wp\/v2\/categories?post=13860"},{"taxonomy":"post_tag","embeddable":true,"href":"https:\/\/www.salvatorianas.org.br\/blog\/wp-json\/wp\/v2\/tags?post=13860"}],"curies":[{"name":"wp","href":"https:\/\/api.w.org\/{rel}","templated":true}]}}