{"id":13841,"date":"2020-06-13T04:00:06","date_gmt":"2020-06-13T04:00:06","guid":{"rendered":"https:\/\/www.salvatorianas.org.br\/blog\/?p=13841"},"modified":"2020-06-15T14:38:47","modified_gmt":"2020-06-15T14:38:47","slug":"silencio","status":"publish","type":"post","link":"https:\/\/www.salvatorianas.org.br\/blog\/silencio\/","title":{"rendered":"Sil\u00eancio"},"content":{"rendered":"\n<p>Nesse tempo de pandemia em que ficamos isolados temos oportunidade de fazer a experiencia do sil\u00eancio, coisa n\u00e3o muito f\u00e1cil.<\/p>\n\n\n\n<p>H\u00e1 uma can\u00e7\u00e3o do Pe. Zezinho que come\u00e7a assim: <em>\u201cO sil\u00eancio est\u00e1 cantando uma can\u00e7\u00e3o de amor e paz\u2026\u201d.<\/em><\/p>\n\n\n\n<p>Em nossos dias normais, quando n\u00e3o havia Coronavirus viv\u00edamos correndo atr\u00e1s de nossos compromissos di\u00e1rios. Funcionava mais ou menos assim: No lusco-fusco de cada manh\u00e3 que renascia ao sair da noite, o vozerio do novo dia ia tomando conta de todos os cantos e no seu ritmo n\u00f3s entrav\u00e1mos na dan\u00e7a pela sobreviv\u00eancia correndo atr\u00e1s da condu\u00e7\u00e3o para chegar ao trabalho, para n\u00e3o atrasar na escola, e subindo e descendo escadas \u00edamos meio ofegantes para os nossos compromissos. E assim na correria do sobe e desce, amenizada um pouco pelo fone de ouvido que repassavam os sons do MP3 com suas m\u00fasicas preferidas, \u00edamos levando a vida. O sil\u00eancio ia ficando longe, perdido no barulho do atropelo que se impunha. Ouvir o sil\u00eancio de amor e paz como queria o Pe. Zezinho n\u00e3o dava, sem chance!<\/p>\n\n\n\n<p>N\u00e3o \u00e9 f\u00e1cil para as pessoas silenciarem para ouvir aquela can\u00e7\u00e3o. Os ru\u00eddos tomam conta das ruas, das casas, em todos os lugares. Muita gritaria e pouco sil\u00eancio.<\/p>\n\n\n\n<p>Na verdade, fazer sil\u00eancio \u00e9 muito exigente. Ele costuma acordar os problemas adormecidos e a\u00ed os inc\u00f4modos de tal situa\u00e7\u00e3o geram muita tens\u00e3o. Por isso \u201cmelhor nem pensar\u201d, assim fazemos de conta que eles n\u00e3o existem e tudo bem. Quando se faz sil\u00eancio d\u00e1-se espa\u00e7o para as vozes interiores, a mente se agita e o cora\u00e7\u00e3o se inquieta e a paz pode ir logo para a dispers\u00e3o! Nem todos est\u00e3o dispostos a ouvir o que o sil\u00eancio interior tem a dizer.<\/p>\n\n\n\n<p>No entanto \u00e9 preciso silenciar! Sem ele a vida passa e n\u00e3o a percebemos. Se n\u00e3o ouvimos a voz do sil\u00eancio corremos riscos de n\u00e3o saber para que existimos e porque vivemos. A vida assim pode ficar sem paz e sem amor! Por isso silenciar \u00e9 preciso! Como chegar l\u00e1, eis o desafio. Na verdade, parece que temos medo do sil\u00eancio. Quem o teme? Os amantes do barulho? Os sem tempo? Os desocupados? Talvez, todos n\u00f3s temamos um pouco, por isso o evitamos. Contudo, \u00e9 atrav\u00e9s dele que temos a chance de alcan\u00e7ar as profundezas de nosso ser e entender nossas perguntas ou ao menos perceber para onde que elas apontam ou querem nos levar. Ningu\u00e9m pode experimentar suas profundezas se n\u00e3o fizer sil\u00eancio fora e dentro! \u00c9 no silencio que se abre o espa\u00e7o para as diferentes can\u00e7\u00f5es presentes no coro das vozes surdas do cora\u00e7\u00e3o.<\/p>\n\n\n\n<p>Aproveite esse tempo em que voc\u00ea tem mais tempo para fazer a experiencia do sil\u00eancio interior como quer a can\u00e7\u00e3o do Pe. Zezinho.&nbsp; Por isso experimente, fa\u00e7a um pouco de sil\u00eancio e descubra qual a can\u00e7\u00e3o que ele canta! Muito sil\u00eancio para voc\u00ea e cante sua can\u00e7\u00e3o de amor e paz!<\/p>\n\n\n\n<p><em>Pe. Deolino Pedro Baldissera, sds<\/em><\/p>\n","protected":false},"excerpt":{"rendered":"<p>Nesse tempo de pandemia em que ficamos isolados temos oportunidade de fazer a experiencia do sil\u00eancio, coisa n\u00e3o muito f\u00e1cil. H\u00e1 uma can\u00e7\u00e3o do Pe. Zezinho que come\u00e7a assim: \u201cO sil\u00eancio est\u00e1 cantando&#8230;<\/p>\n","protected":false},"author":2,"featured_media":13842,"comment_status":"open","ping_status":"open","sticky":false,"template":"","format":"standard","meta":[],"categories":[1],"tags":[],"_links":{"self":[{"href":"https:\/\/www.salvatorianas.org.br\/blog\/wp-json\/wp\/v2\/posts\/13841"}],"collection":[{"href":"https:\/\/www.salvatorianas.org.br\/blog\/wp-json\/wp\/v2\/posts"}],"about":[{"href":"https:\/\/www.salvatorianas.org.br\/blog\/wp-json\/wp\/v2\/types\/post"}],"author":[{"embeddable":true,"href":"https:\/\/www.salvatorianas.org.br\/blog\/wp-json\/wp\/v2\/users\/2"}],"replies":[{"embeddable":true,"href":"https:\/\/www.salvatorianas.org.br\/blog\/wp-json\/wp\/v2\/comments?post=13841"}],"version-history":[{"count":1,"href":"https:\/\/www.salvatorianas.org.br\/blog\/wp-json\/wp\/v2\/posts\/13841\/revisions"}],"predecessor-version":[{"id":13843,"href":"https:\/\/www.salvatorianas.org.br\/blog\/wp-json\/wp\/v2\/posts\/13841\/revisions\/13843"}],"wp:featuredmedia":[{"embeddable":true,"href":"https:\/\/www.salvatorianas.org.br\/blog\/wp-json\/wp\/v2\/media\/13842"}],"wp:attachment":[{"href":"https:\/\/www.salvatorianas.org.br\/blog\/wp-json\/wp\/v2\/media?parent=13841"}],"wp:term":[{"taxonomy":"category","embeddable":true,"href":"https:\/\/www.salvatorianas.org.br\/blog\/wp-json\/wp\/v2\/categories?post=13841"},{"taxonomy":"post_tag","embeddable":true,"href":"https:\/\/www.salvatorianas.org.br\/blog\/wp-json\/wp\/v2\/tags?post=13841"}],"curies":[{"name":"wp","href":"https:\/\/api.w.org\/{rel}","templated":true}]}}