{"id":13831,"date":"2020-06-13T11:49:14","date_gmt":"2020-06-13T11:49:14","guid":{"rendered":"https:\/\/www.salvatorianas.org.br\/blog\/?p=13831"},"modified":"2020-06-13T11:50:34","modified_gmt":"2020-06-13T11:50:34","slug":"triduo-preparatorio-nascimento-de-pe-jordan","status":"publish","type":"post","link":"https:\/\/www.salvatorianas.org.br\/blog\/triduo-preparatorio-nascimento-de-pe-jordan\/","title":{"rendered":"Tr\u00edduo Preparat\u00f3rio &#8211; Nascimento de Pe. Jordan"},"content":{"rendered":"\n<p>Querida Fam\u00edlia Salvatoriana!<\/p>\n\n\n\n<p>Convidamos a todos, para acompanharem, de 13 a 15 de junho, do Tr\u00edduo em prepara\u00e7\u00e3o \u00e0 celebra\u00e7\u00e3o do nascimento de Padre Francisco Jordan. E em 16 de junho, da missa em a\u00e7\u00e3o de gra\u00e7as pelo seu nascimento. Todas as celebra\u00e7\u00f5es ser\u00e3o transmitidas pelo YouTube.<\/p>\n\n\n\n<p><strong>\u271413\/06, \u00e0s 18h &#8211; Par\u00f3quia Sant&#8217;Ana (Coelho Neto\/MA)<\/strong><\/p>\n\n\n\n<figure class=\"wp-block-embed-youtube wp-block-embed is-type-video is-provider-youtube wp-embed-aspect-4-3 wp-has-aspect-ratio\"><div class=\"wp-block-embed__wrapper\">\n<iframe loading=\"lazy\" width=\"500\" height=\"375\" src=\"https:\/\/www.youtube.com\/embed\/gkciLQo-Wl8?feature=oembed\" frameborder=\"0\" allow=\"accelerometer; autoplay; encrypted-media; gyroscope; picture-in-picture\" allowfullscreen><\/iframe>\n<\/div><\/figure>\n\n\n\n<p><br><strong>\u271414\/06, \u00e0s 09h &#8211; Par\u00f3quia Divino Salvador (Rio de Janeiro\/RJ)<\/strong><\/p>\n\n\n\n<figure class=\"wp-block-embed-youtube wp-block-embed is-type-video is-provider-youtube wp-embed-aspect-16-9 wp-has-aspect-ratio\"><div class=\"wp-block-embed__wrapper\">\n<iframe loading=\"lazy\" width=\"500\" height=\"281\" src=\"https:\/\/www.youtube.com\/embed\/8RAlFqHHnbo?feature=oembed\" frameborder=\"0\" allow=\"accelerometer; autoplay; encrypted-media; gyroscope; picture-in-picture\" allowfullscreen><\/iframe>\n<\/div><\/figure>\n\n\n\n<p><br><strong>\u271415\/06, \u00e0s 19h30 &#8211; Par\u00f3quia Imaculada Concei\u00e7\u00e3o (Videira\/SC)<\/strong><\/p>\n\n\n\n<figure class=\"wp-block-embed-youtube wp-block-embed is-type-video is-provider-youtube wp-embed-aspect-16-9 wp-has-aspect-ratio\"><div class=\"wp-block-embed__wrapper\">\n<iframe loading=\"lazy\" width=\"500\" height=\"281\" src=\"https:\/\/www.youtube.com\/embed\/KytYFr_-1pc?feature=oembed\" frameborder=\"0\" allow=\"accelerometer; autoplay; encrypted-media; gyroscope; picture-in-picture\" allowfullscreen><\/iframe>\n<\/div><\/figure>\n\n\n\n<p><br><strong>\u271416\/06, \u00e0s 19h30 &#8211; Par\u00f3quia Nossa Senhora Aparecida (Moema &#8211; S\u00e3o Paulo\/SP)<\/strong><\/p>\n\n\n\n<figure class=\"wp-block-embed-youtube wp-block-embed is-type-video is-provider-youtube wp-embed-aspect-16-9 wp-has-aspect-ratio\"><div class=\"wp-block-embed__wrapper\">\n<iframe loading=\"lazy\" width=\"500\" height=\"281\" src=\"https:\/\/www.youtube.com\/embed\/bpwM4HLEEcA?feature=oembed\" frameborder=\"0\" allow=\"accelerometer; autoplay; encrypted-media; gyroscope; picture-in-picture\" allowfullscreen><\/iframe>\n<\/div><\/figure>\n\n\n\n<p><\/p>\n\n\n\n<p><a href=\"https:\/\/www.facebook.com\/hashtag\/rezemosjuntos?__eep__=6&amp;source=feed_text&amp;epa=HASHTAG&amp;__xts__%5B0%5D=68.ARAabkTKB3lhmAOlHs6AQV-FUT_HxKceaXuCXe9YOrSYLhAPWTe_QGCBjc_0WgFrSgE-gA8HYXKvHbCJBl-66pnTb4QW9O1OEIE1oLcAJ5MnK1fhST9K5c5PKhPZtH9DB6iAcmfEYwx8-HCHBplhKz2cw1w3Zr-ORN7NWi1IliqPSJbLex8G75U7NhZR2F0chB3vBCmsLPkt7JWw39eRN2Seb7Jpv6R6dPfVvXtFAjMdGFpBLQdCN7rGDGTveU2SM5VuHPeS7y3IaN7lpnHn4KJYALCK66Tq8ElI1vm5tp20dZ7EvFOFy0-LQ1Vzwvs-B4WT01uaia21P_f1Aj1oGG2Rnw&amp;__tn__=%2ANK-R\">#RezemosJuntos<\/a>\u00a0pedindo a intercess\u00e3o do Vener\u00e1vel Servo de Deus Padre Francisco Maria da Cruz Jordan, para revigorar a vida salvatoriana, trazer sa\u00fade, sabedoria, amor e paz para nossas fam\u00edlias e comunidades, em especial orarmos em inten\u00e7\u00e3o comum pelo fim da pandemia.<\/p>\n\n\n\n<p> Entre em sintonia espiritual e orante conosco: contamos com a sua participa\u00e7\u00e3o!<\/p>\n","protected":false},"excerpt":{"rendered":"<p>Querida Fam\u00edlia Salvatoriana! Convidamos a todos, para acompanharem, de 13 a 15 de junho, do Tr\u00edduo em prepara\u00e7\u00e3o \u00e0 celebra\u00e7\u00e3o do nascimento de Padre Francisco Jordan. E em 16 de junho, da missa&#8230;<\/p>\n","protected":false},"author":2,"featured_media":13832,"comment_status":"open","ping_status":"open","sticky":false,"template":"","format":"standard","meta":[],"categories":[1],"tags":[],"_links":{"self":[{"href":"https:\/\/www.salvatorianas.org.br\/blog\/wp-json\/wp\/v2\/posts\/13831"}],"collection":[{"href":"https:\/\/www.salvatorianas.org.br\/blog\/wp-json\/wp\/v2\/posts"}],"about":[{"href":"https:\/\/www.salvatorianas.org.br\/blog\/wp-json\/wp\/v2\/types\/post"}],"author":[{"embeddable":true,"href":"https:\/\/www.salvatorianas.org.br\/blog\/wp-json\/wp\/v2\/users\/2"}],"replies":[{"embeddable":true,"href":"https:\/\/www.salvatorianas.org.br\/blog\/wp-json\/wp\/v2\/comments?post=13831"}],"version-history":[{"count":4,"href":"https:\/\/www.salvatorianas.org.br\/blog\/wp-json\/wp\/v2\/posts\/13831\/revisions"}],"predecessor-version":[{"id":13840,"href":"https:\/\/www.salvatorianas.org.br\/blog\/wp-json\/wp\/v2\/posts\/13831\/revisions\/13840"}],"wp:featuredmedia":[{"embeddable":true,"href":"https:\/\/www.salvatorianas.org.br\/blog\/wp-json\/wp\/v2\/media\/13832"}],"wp:attachment":[{"href":"https:\/\/www.salvatorianas.org.br\/blog\/wp-json\/wp\/v2\/media?parent=13831"}],"wp:term":[{"taxonomy":"category","embeddable":true,"href":"https:\/\/www.salvatorianas.org.br\/blog\/wp-json\/wp\/v2\/categories?post=13831"},{"taxonomy":"post_tag","embeddable":true,"href":"https:\/\/www.salvatorianas.org.br\/blog\/wp-json\/wp\/v2\/tags?post=13831"}],"curies":[{"name":"wp","href":"https:\/\/api.w.org\/{rel}","templated":true}]}}