{"id":13821,"date":"2020-06-12T16:47:53","date_gmt":"2020-06-12T16:47:53","guid":{"rendered":"https:\/\/www.salvatorianas.org.br\/blog\/?p=13821"},"modified":"2020-06-12T16:47:54","modified_gmt":"2020-06-12T16:47:54","slug":"encontro-das-irmas-que-atuam-nas-unidades-operativas-e-obras-sociais","status":"publish","type":"post","link":"https:\/\/www.salvatorianas.org.br\/blog\/encontro-das-irmas-que-atuam-nas-unidades-operativas-e-obras-sociais\/","title":{"rendered":"Encontro das Irm\u00e3s que atuam nas Unidades Operativas e Obras Sociais"},"content":{"rendered":"\n<p>Atentas \u00e0\nrealidade de isolamento social que vive o pa\u00eds, as Irm\u00e3s que atuam nas Unidades\nOperativas e Obras Sociais participaram de um\nencontro online via <em>meet, <\/em>no dia 10 de junho. A reuni\u00e3o teve como\nobjetivo&nbsp; refletir sobre os pr\u00f3ximos\npassos que daremos no processo de ressignifica\u00e7\u00e3o de\nnossa presen\u00e7a apost\u00f3lica nas Unidades Operativas.<\/p>\n\n\n\n<p>Durante o\nencontro as Irm\u00e3s partilharam a experi\u00eancia comunit\u00e1ria da Leitura Orante de Lc\n24, 35-48. Na sequ\u00eancia, cada participante fez o relato do estudo pessoal do\nlivro: O Laicato na Igreja e no Mundo \u2013 Um Gigante Adormecido e Domesticado, do\nautor te\u00f3logo Pe. Agenor Brighenti, S. Paulo: Paulinas, 2019, destacando o que\nchamou mais aten\u00e7\u00e3o e ao mesmo tempo desafio no seu apostolado, em rela\u00e7\u00e3o com\no Projeto Jordaniano a respeito do laicato. Na oportunidade, as Irm\u00e3s\ncompartilharam as inspira\u00e7\u00f5es pr\u00e1ticas com rela\u00e7\u00e3o \u00e0 forma\u00e7\u00e3o de nosso laicato\ne os modos de presen\u00e7a das Irm\u00e3s nas Unidades Operativas e Obras Sociais hoje e no futuro.<\/p>\n\n\n\n<p>O encontro\nfoi dinamizado pela Ir. Dulcelene Ceccato, que est\u00e1 como facilitadora deste\nprocesso de ressignifica\u00e7\u00e3o da nossa a\u00e7\u00e3o apost\u00f3lica. Na oportunidade, Ir.\nDulcelene fez uma reflex\u00e3o sobre a pandemia \u2013 tempos inesperados, convidando as\nIrm\u00e3s a \u201cAuscultar\u201d o que vem de Deus, buscando n\u2019Ele as respostas para os\nmodos de presen\u00e7a como corpo apost\u00f3lico. Apresentou propostas para continuarmos\neste processo, um deles \u00e9 revisitar os escritos origin\u00e1rios, os quais cont\u00e9m as\ninspira\u00e7\u00f5es origin\u00e1rias de Padre Francisco Jordan, sempre \u00e0 luz da f\u00e9 e da\ncrise global que estamos passando.<\/p>\n","protected":false},"excerpt":{"rendered":"<p>Atentas \u00e0 realidade de isolamento social que vive o pa\u00eds, as Irm\u00e3s que atuam nas Unidades Operativas e Obras Sociais participaram de um encontro online via meet, no dia 10 de junho. A&#8230;<\/p>\n","protected":false},"author":2,"featured_media":13822,"comment_status":"open","ping_status":"open","sticky":false,"template":"","format":"standard","meta":[],"categories":[1],"tags":[],"_links":{"self":[{"href":"https:\/\/www.salvatorianas.org.br\/blog\/wp-json\/wp\/v2\/posts\/13821"}],"collection":[{"href":"https:\/\/www.salvatorianas.org.br\/blog\/wp-json\/wp\/v2\/posts"}],"about":[{"href":"https:\/\/www.salvatorianas.org.br\/blog\/wp-json\/wp\/v2\/types\/post"}],"author":[{"embeddable":true,"href":"https:\/\/www.salvatorianas.org.br\/blog\/wp-json\/wp\/v2\/users\/2"}],"replies":[{"embeddable":true,"href":"https:\/\/www.salvatorianas.org.br\/blog\/wp-json\/wp\/v2\/comments?post=13821"}],"version-history":[{"count":1,"href":"https:\/\/www.salvatorianas.org.br\/blog\/wp-json\/wp\/v2\/posts\/13821\/revisions"}],"predecessor-version":[{"id":13823,"href":"https:\/\/www.salvatorianas.org.br\/blog\/wp-json\/wp\/v2\/posts\/13821\/revisions\/13823"}],"wp:featuredmedia":[{"embeddable":true,"href":"https:\/\/www.salvatorianas.org.br\/blog\/wp-json\/wp\/v2\/media\/13822"}],"wp:attachment":[{"href":"https:\/\/www.salvatorianas.org.br\/blog\/wp-json\/wp\/v2\/media?parent=13821"}],"wp:term":[{"taxonomy":"category","embeddable":true,"href":"https:\/\/www.salvatorianas.org.br\/blog\/wp-json\/wp\/v2\/categories?post=13821"},{"taxonomy":"post_tag","embeddable":true,"href":"https:\/\/www.salvatorianas.org.br\/blog\/wp-json\/wp\/v2\/tags?post=13821"}],"curies":[{"name":"wp","href":"https:\/\/api.w.org\/{rel}","templated":true}]}}