{"id":13815,"date":"2020-06-11T13:04:12","date_gmt":"2020-06-11T13:04:12","guid":{"rendered":"https:\/\/www.salvatorianas.org.br\/blog\/?p=13815"},"modified":"2020-06-11T13:04:14","modified_gmt":"2020-06-11T13:04:14","slug":"o-cebi-e-organizacoes-parceiras-lancam-campanha-so-o-silencio-pode-ecoar-nossa-dor-silenciopelador","status":"publish","type":"post","link":"https:\/\/www.salvatorianas.org.br\/blog\/o-cebi-e-organizacoes-parceiras-lancam-campanha-so-o-silencio-pode-ecoar-nossa-dor-silenciopelador\/","title":{"rendered":"O CEBI e organiza\u00e7\u00f5es parceiras lan\u00e7am Campanha \u201cS\u00f3 o Sil\u00eancio pode ecoar nossa dor\u201d- #Sil\u00eancioPelaDor."},"content":{"rendered":"\n<p><strong>Uma N\u00e3o-a\u00e7\u00e3o P\u00fablica e Silenciosa por uma a\u00e7\u00e3o pol\u00edtica para que nenhuma vida seja descartada<\/strong><\/p>\n\n\n\n<p>Tempos dif\u00edceis e estranhos estamos vivendo no mundo e no Brasil que mexem com todos e todas. Tempos de incertezas, retrocessos, cansa\u00e7os, des\u00e2nimos entre n\u00f3s e em muitas de nossas comunidades, grupos. Tempos de dor agravada aqui no Brasil por uma necropol\u00edtica de um desgoverno&nbsp; federal e seus aliados que insistem em negar o avan\u00e7o do novo corona v\u00edrus e das quase 40 mil mortes da COVID 19 que pesam sobre o pa\u00eds.<\/p>\n\n\n\n<p>Refletindo essa triste realidade, v\u00e1rias organiza\u00e7\u00f5es, entre elas o Centro de Estudos B\u00edblicos-CEBI, resolveram&nbsp; dar in\u00edcio amanh\u00e3(11) a&nbsp;<strong>Campanha \u201cS\u00f3 o Sil\u00eancio pode ecoar nossa dor\u201d- #Sil\u00eancioPelaDor<\/strong>, convocando todos\/as a se engajarem e demonstrarem sua indigna\u00e7\u00e3o diante da falta de a\u00e7\u00f5es concretas do governo federal no combate \u00e0 viol\u00eancia, ao avan\u00e7o do novo corona v\u00edrus, e demonstrar tamb\u00e9m a solidariedade com todos\/as que perderam familiares e amigos\/as v\u00edtimas da COVID 19, da fome, da viol\u00eancia, da bala perdida, do racismo\u2026<\/p>\n\n\n\n<p>Fazem parte da Campanha \u201cS\u00f3 o sil\u00eancio pode ecoar nossa dor\u201d o Centro de Estudos B\u00edblicos-CEBI, o Conselho Nacional das Igrejas Crist\u00e3s -CONIC, a Coordenadoria Ecum\u00eanica de Servi\u00e7o-CESE, o Centro Ecum\u00eanico Baiano de Igrejas Crist\u00e3s-CEBIC, a Funda\u00e7\u00e3o Luterana de Diaconia-FLD, o F\u00f3rum Ecum\u00eanico ACT Brasil-FEACT, a Comunidade da Trindade, o Centro de Estudos e A\u00e7\u00e3o Social-CEAS, a C\u00e1ritas Brasileira, a Confer\u00eancia dos Religiosos do Brasil- CRB Nacional e CRB BA\/SE, aFrente de Evang\u00e9licos pelo Estado de Direito, o Coletivo MUPPS, oN\u00facleo Apost\u00f3lico Bahia Jesu\u00edtas,&nbsp; a MAG+S Bahia, entre outras.<\/p>\n\n\n\n<p>Como participar da Campanha &nbsp;?<\/p>\n\n\n\n<ul><li>Elabore um cartaz ou uma faixa com o lema da campanha: S\u00f3 o sil\u00eancio pode ecoar nossa dor \u2013 #Sil\u00eancioPelaDor.<\/li><li>Na sua casa, igreja, templo, associa\u00e7\u00e3o, organiza\u00e7\u00e3o coloque o cartaz no local mais vis\u00edvel poss\u00edvel. Pode ser na porta, na janela,na grande do terra\u00e7o, no muro, no port\u00e3o.<\/li><li>Registre o seu momento de apoio \u00e0 campanha numa foto ou num pequeno v\u00eddeo silencioso.<\/li><li>Publique esse momento (foto e\/ou v\u00eddeo) nas suas redes sociais sempre usando a hasthg : #Sil\u00eancioPelaDor.<\/li><\/ul>\n\n\n\n<p>Quando come\u00e7ar\u00e1 a campanha ?<\/p>\n\n\n\n<ul><li>Ter\u00e1 in\u00edcio amanh\u00e3, 11 de junho, Dia do Sil\u00eancio.<\/li><li>Pode ser realizada o dia todo ou numa hora do dia que voc\u00ea possa apoiar a campanha. O importante \u00e9&nbsp; voc\u00ea (ou sua organiza\u00e7\u00e3o igreja, templo) participe!<\/li><li>A campanha tem in\u00edcio amanh\u00e3 e pode continuar nos dias seguintes!<\/li><li><strong>Lembre-se \u2013se<\/strong>: nas redes sociais compartilhe usando a&nbsp;<strong>HASHTG<\/strong><\/li><\/ul>\n\n\n\n<p>Nosso sil\u00eancio, eco da nossa dor e da dor de todo um pa\u00eds, nossa atitude firme e n\u00e3o violenta clamar\u00e1 por uma&nbsp;<strong><em>a\u00e7\u00e3o pol\u00edtica para que nenhuma vida seja descartada.<\/em><\/strong><\/p>\n\n\n\n<p><\/p>\n\n\n\n<p><\/p>\n","protected":false},"excerpt":{"rendered":"<p>Uma N\u00e3o-a\u00e7\u00e3o P\u00fablica e Silenciosa por uma a\u00e7\u00e3o pol\u00edtica para que nenhuma vida seja descartada Tempos dif\u00edceis e estranhos estamos vivendo no mundo e no Brasil que mexem com todos e todas. Tempos&#8230;<\/p>\n","protected":false},"author":2,"featured_media":13816,"comment_status":"open","ping_status":"open","sticky":false,"template":"","format":"standard","meta":[],"categories":[1],"tags":[],"_links":{"self":[{"href":"https:\/\/www.salvatorianas.org.br\/blog\/wp-json\/wp\/v2\/posts\/13815"}],"collection":[{"href":"https:\/\/www.salvatorianas.org.br\/blog\/wp-json\/wp\/v2\/posts"}],"about":[{"href":"https:\/\/www.salvatorianas.org.br\/blog\/wp-json\/wp\/v2\/types\/post"}],"author":[{"embeddable":true,"href":"https:\/\/www.salvatorianas.org.br\/blog\/wp-json\/wp\/v2\/users\/2"}],"replies":[{"embeddable":true,"href":"https:\/\/www.salvatorianas.org.br\/blog\/wp-json\/wp\/v2\/comments?post=13815"}],"version-history":[{"count":1,"href":"https:\/\/www.salvatorianas.org.br\/blog\/wp-json\/wp\/v2\/posts\/13815\/revisions"}],"predecessor-version":[{"id":13817,"href":"https:\/\/www.salvatorianas.org.br\/blog\/wp-json\/wp\/v2\/posts\/13815\/revisions\/13817"}],"wp:featuredmedia":[{"embeddable":true,"href":"https:\/\/www.salvatorianas.org.br\/blog\/wp-json\/wp\/v2\/media\/13816"}],"wp:attachment":[{"href":"https:\/\/www.salvatorianas.org.br\/blog\/wp-json\/wp\/v2\/media?parent=13815"}],"wp:term":[{"taxonomy":"category","embeddable":true,"href":"https:\/\/www.salvatorianas.org.br\/blog\/wp-json\/wp\/v2\/categories?post=13815"},{"taxonomy":"post_tag","embeddable":true,"href":"https:\/\/www.salvatorianas.org.br\/blog\/wp-json\/wp\/v2\/tags?post=13815"}],"curies":[{"name":"wp","href":"https:\/\/api.w.org\/{rel}","templated":true}]}}