{"id":13809,"date":"2020-06-16T07:00:44","date_gmt":"2020-06-16T07:00:44","guid":{"rendered":"https:\/\/www.salvatorianas.org.br\/blog\/?p=13809"},"modified":"2020-06-10T20:40:19","modified_gmt":"2020-06-10T20:40:19","slug":"16-de-junho-dia-de-celebrar-a-vida-de-padre-francisco-jordan","status":"publish","type":"post","link":"https:\/\/www.salvatorianas.org.br\/blog\/16-de-junho-dia-de-celebrar-a-vida-de-padre-francisco-jordan\/","title":{"rendered":"16 de junho: dia de celebrar a Vida de Padre Francisco Jordan"},"content":{"rendered":"\n<p>H\u00e1 172 anos nascia PADRE\nFRANCISCO MARIA DA CRUZ JORDAN, em Gurtweil, na Alemanha. Ainda jovem, Padre\nJordan deu in\u00edcio \u00e0 miss\u00e3o salvatoriana no mundo. Ele se tornou um verdadeiro\nap\u00f3stolo do Salvador, dedicando-se inteiramente a anunciar a todos os povos o\nEvangelho da Vida. Jordan muitas vezes dizia: \u201cS\u00ea um verdadeiro ap\u00f3stolo de\nJesus Cristo e n\u00e3o sossegue at\u00e9 que tenha levado a Palavra de Deus a todos os\nrecantos da terra\u201d.<\/p>\n\n\n\n<p>Para Padre Francisco Jordan, a\nvoca\u00e7\u00e3o apost\u00f3lica \u00e9 uma marca registrada para os Salvatorianos e as Salvatorianas,\npois somos chamados a ajudar outras pessoas a encontrarem-se com o Salvador, a\nlevar a Boa Not\u00edcia do Reino de Deus ao mundo, colocando-se sem reservas a\nservi\u00e7o da vida das pessoas, curando suas feridas, aliviando seus sofrimento,\nsendo sinal de esperan\u00e7a. A grande miss\u00e3o salvatoriana sempre foi e ser\u00e1\nanunciar Jesus, conhecer e tornar conhecido o Salvador, contribuindo na constru\u00e7\u00e3o\nde uma conviv\u00eancia mais humanizada, harm\u00f4nica e justa entre todos os povos e\ncom toda a cria\u00e7\u00e3o.<\/p>\n\n\n\n<p>A exemplo do nosso Fundador, Padre\nFrancisco Jordan que nos impelia cada vez mais a \u201c&#8230;imbuir-se do\nesp\u00edrito apos\u00adt\u00f3lico, sofrer apostolicamente, rezar apostolicamente, agir\napostolicamente\u201d, a Fam\u00edlia Salvatoriana \u00e9 convidada a redescobrir a beleza de\nser apost\u00f3lica, ou seja, de somar for\u00e7as no an\u00fancio do Salvador pelo nosso\ntestemunho de vida, utilizando todos os modos e meios que a caridade de Cristo\ninspira, envolver outros\/as como ap\u00f3stolos\/as, promovendo a vida e a dignidade\nhumana. &nbsp;Somos convidados\/as a acender\ntamb\u00e9m em n\u00f3s o mesmo zelo apost\u00f3lico e mission\u00e1rio que havia em Padre Jordan.<\/p>\n\n\n\n<p>O vener\u00e1vel\nFrancisco Maria da Cruz Jordan foi um homem m\u00edstico, prof\u00e9tico e de grande\nconfian\u00e7a na Divina Provid\u00eancia, serviu incessantemente o Divino Salvador ao\nlevar a Boa Nova a todos, em palavras e a\u00e7\u00f5es.&nbsp;\nComo Salvatorianos e Salvatorianas, somos chamados a ser Ap\u00f3stolos para\no mundo e conduzir todas as pessoas a Jesus Cristo.<\/p>\n\n\n\n<p>Neste 16 de junho ser\u00e1 um dia\npara fortalecer, ainda mais, a nossa rela\u00e7\u00e3o com o Fundador, e revitalizar a\nnossa Identidade Apost\u00f3lica em nosso presente e rumo ao futuro.&nbsp; &nbsp;Viva Padre\nFrancisco Jordan!<\/p>\n","protected":false},"excerpt":{"rendered":"<p>H\u00e1 172 anos nascia PADRE FRANCISCO MARIA DA CRUZ JORDAN, em Gurtweil, na Alemanha. Ainda jovem, Padre Jordan deu in\u00edcio \u00e0 miss\u00e3o salvatoriana no mundo. Ele se tornou um verdadeiro ap\u00f3stolo do Salvador,&#8230;<\/p>\n","protected":false},"author":2,"featured_media":13810,"comment_status":"open","ping_status":"open","sticky":false,"template":"","format":"standard","meta":[],"categories":[1],"tags":[],"_links":{"self":[{"href":"https:\/\/www.salvatorianas.org.br\/blog\/wp-json\/wp\/v2\/posts\/13809"}],"collection":[{"href":"https:\/\/www.salvatorianas.org.br\/blog\/wp-json\/wp\/v2\/posts"}],"about":[{"href":"https:\/\/www.salvatorianas.org.br\/blog\/wp-json\/wp\/v2\/types\/post"}],"author":[{"embeddable":true,"href":"https:\/\/www.salvatorianas.org.br\/blog\/wp-json\/wp\/v2\/users\/2"}],"replies":[{"embeddable":true,"href":"https:\/\/www.salvatorianas.org.br\/blog\/wp-json\/wp\/v2\/comments?post=13809"}],"version-history":[{"count":1,"href":"https:\/\/www.salvatorianas.org.br\/blog\/wp-json\/wp\/v2\/posts\/13809\/revisions"}],"predecessor-version":[{"id":13811,"href":"https:\/\/www.salvatorianas.org.br\/blog\/wp-json\/wp\/v2\/posts\/13809\/revisions\/13811"}],"wp:featuredmedia":[{"embeddable":true,"href":"https:\/\/www.salvatorianas.org.br\/blog\/wp-json\/wp\/v2\/media\/13810"}],"wp:attachment":[{"href":"https:\/\/www.salvatorianas.org.br\/blog\/wp-json\/wp\/v2\/media?parent=13809"}],"wp:term":[{"taxonomy":"category","embeddable":true,"href":"https:\/\/www.salvatorianas.org.br\/blog\/wp-json\/wp\/v2\/categories?post=13809"},{"taxonomy":"post_tag","embeddable":true,"href":"https:\/\/www.salvatorianas.org.br\/blog\/wp-json\/wp\/v2\/tags?post=13809"}],"curies":[{"name":"wp","href":"https:\/\/api.w.org\/{rel}","templated":true}]}}