{"id":13800,"date":"2020-06-08T22:07:05","date_gmt":"2020-06-08T22:07:05","guid":{"rendered":"https:\/\/www.salvatorianas.org.br\/blog\/?p=13800"},"modified":"2020-06-08T22:09:36","modified_gmt":"2020-06-08T22:09:36","slug":"ter-uma-morte-por-minuto-e-terrivel-diz-o-papa-francisco","status":"publish","type":"post","link":"https:\/\/www.salvatorianas.org.br\/blog\/ter-uma-morte-por-minuto-e-terrivel-diz-o-papa-francisco\/","title":{"rendered":"Ter uma morte por minuto \u00e9 terr\u00edvel, diz o Papa Francisco"},"content":{"rendered":"\n<p>Neste domingo, 07-06-2020, o&nbsp;<strong>papa Francisco<\/strong>&nbsp;fez uma refer\u00eancia ao&nbsp;n\u00famero de mortes provocadas pelo coronav\u00edrus no Brasil, durante a cerim\u00f4nia do&nbsp;<strong>\u00c2ngelus<\/strong>, tradicional ora\u00e7\u00e3o cat\u00f3lica em louvor \u00e0 Virgem Maria e ao momento da concep\u00e7\u00e3o de Jesus.<\/p>\n\n\n\n<p>Dirigindo-se a centenas de pessoas que recebiam a b\u00ean\u00e7\u00e3o na pra\u00e7a de S\u00e3o Pedro,&nbsp;<strong>Francisco<\/strong>&nbsp;apontou que a&nbsp;<strong>Covid-19<\/strong>&nbsp;continua fazendo muitas v\u00edtimas, &#8220;especialmente na&nbsp;Am\u00e9rica Latina&#8221;.<\/p>\n\n\n\n<p><strong>&#8220;Na \u00faltima sexta-feira, em um pa\u00eds, uma morte por minuto! Terr\u00edvel!&#8221;<\/strong><\/p>\n\n\n\n<p>Embora n\u00e3o tenha citado nominalmente o&nbsp;<strong>Brasil<\/strong>, o&nbsp;<strong>papa Francisco<\/strong>&nbsp;fez refer\u00eancia \u00e0 marca de&nbsp;1.473 mortes em um per\u00edodo de 24 horas, alcan\u00e7ada pelo pa\u00eds na \u00faltima quinta-feira (4), exatos cem dias ap\u00f3s a confirma\u00e7\u00e3o do primeiro caso de&nbsp;<strong>coronav\u00edrus<\/strong>&nbsp;no pa\u00eds.<\/p>\n\n\n\n<h3 class=\"wp-block-heading\"><strong>Eis as palavras do Papa ao final do \u00c2ngelus<\/strong>:<\/h3>\n\n\n\n<p><br>\u201cSa\u00fado a todos voc\u00eas, romanos e peregrinos: os fi\u00e9is, as fam\u00edlias e as comunidades religiosas. Tamb\u00e9m a presen\u00e7a de voc\u00eas na pra\u00e7a, ainda que poucos, \u00e9 um sinal que na&nbsp;<strong>It\u00e1lia<\/strong>&nbsp;a fase aguda da epidemia foi superada, ainda que permane\u00e7a a necessidade \u2013 sim, fiquem atentos, n\u00e3o cantem vit\u00f3ria antes da hora, n\u00e3o cantem muito cedo a vit\u00f3ria! \u2013 de seguir com cuidado as normas vigentes, porque s\u00e3o normas que nos ajudam a evitar que o v\u00edrus prossiga. Gra\u00e7as a Deus estamos saindo do centro mais forte, mas sempre com as prescri\u00e7\u00f5es dadas pelas autoridades.<\/p>\n\n\n\n<p>No entanto, em outros pa\u00edses \u2013 penso especialmente em alguns \u2013 o&nbsp;v\u00edrus continua fazendo v\u00edtimas. Na sexta-feira passada, num Pa\u00eds,&nbsp;<strong>morreu uma pessoa por minuto<\/strong>! Terr\u00edvel. Desejo exprimir a minha proximidade \u00e0quelas popula\u00e7\u00f5es, aos doentes e aos seus familiares, e a todos que as cuidam. Com a nossa ora\u00e7\u00e3o estamos juntos\u201d.<\/p>\n\n\n\n<p><strong>Veja o v\u00eddeo<\/strong>. A refer\u00eancia ao&nbsp;<strong>Brasil<\/strong>&nbsp;est\u00e1 em&nbsp;<strong>12\u201947<\/strong>:<\/p>\n\n\n\n<figure class=\"wp-block-embed-youtube wp-block-embed is-type-video is-provider-youtube wp-embed-aspect-16-9 wp-has-aspect-ratio\"><div class=\"wp-block-embed__wrapper\">\n<iframe loading=\"lazy\" width=\"500\" height=\"281\" src=\"https:\/\/www.youtube.com\/embed\/YY13iozxarI?feature=oembed\" frameborder=\"0\" allow=\"accelerometer; autoplay; encrypted-media; gyroscope; picture-in-picture\" allowfullscreen><\/iframe>\n<\/div><\/figure>\n\n\n\n<p><\/p>\n\n\n\n<p>Fonte: IHU<\/p>\n","protected":false},"excerpt":{"rendered":"<p>Neste domingo, 07-06-2020, o&nbsp;papa Francisco&nbsp;fez uma refer\u00eancia ao&nbsp;n\u00famero de mortes provocadas pelo coronav\u00edrus no Brasil, durante a cerim\u00f4nia do&nbsp;\u00c2ngelus, tradicional ora\u00e7\u00e3o cat\u00f3lica em louvor \u00e0 Virgem Maria e ao momento da concep\u00e7\u00e3o de&#8230;<\/p>\n","protected":false},"author":2,"featured_media":13802,"comment_status":"open","ping_status":"open","sticky":false,"template":"","format":"standard","meta":[],"categories":[1],"tags":[],"_links":{"self":[{"href":"https:\/\/www.salvatorianas.org.br\/blog\/wp-json\/wp\/v2\/posts\/13800"}],"collection":[{"href":"https:\/\/www.salvatorianas.org.br\/blog\/wp-json\/wp\/v2\/posts"}],"about":[{"href":"https:\/\/www.salvatorianas.org.br\/blog\/wp-json\/wp\/v2\/types\/post"}],"author":[{"embeddable":true,"href":"https:\/\/www.salvatorianas.org.br\/blog\/wp-json\/wp\/v2\/users\/2"}],"replies":[{"embeddable":true,"href":"https:\/\/www.salvatorianas.org.br\/blog\/wp-json\/wp\/v2\/comments?post=13800"}],"version-history":[{"count":2,"href":"https:\/\/www.salvatorianas.org.br\/blog\/wp-json\/wp\/v2\/posts\/13800\/revisions"}],"predecessor-version":[{"id":13804,"href":"https:\/\/www.salvatorianas.org.br\/blog\/wp-json\/wp\/v2\/posts\/13800\/revisions\/13804"}],"wp:featuredmedia":[{"embeddable":true,"href":"https:\/\/www.salvatorianas.org.br\/blog\/wp-json\/wp\/v2\/media\/13802"}],"wp:attachment":[{"href":"https:\/\/www.salvatorianas.org.br\/blog\/wp-json\/wp\/v2\/media?parent=13800"}],"wp:term":[{"taxonomy":"category","embeddable":true,"href":"https:\/\/www.salvatorianas.org.br\/blog\/wp-json\/wp\/v2\/categories?post=13800"},{"taxonomy":"post_tag","embeddable":true,"href":"https:\/\/www.salvatorianas.org.br\/blog\/wp-json\/wp\/v2\/tags?post=13800"}],"curies":[{"name":"wp","href":"https:\/\/api.w.org\/{rel}","templated":true}]}}