{"id":13794,"date":"2020-06-06T11:14:22","date_gmt":"2020-06-06T11:14:22","guid":{"rendered":"https:\/\/www.salvatorianas.org.br\/blog\/?p=13794"},"modified":"2020-06-06T11:14:24","modified_gmt":"2020-06-06T11:14:24","slug":"movida-por-protestos-pastoral-afro-brasileira-divulga-nota-vidas-negras-importam","status":"publish","type":"post","link":"https:\/\/www.salvatorianas.org.br\/blog\/movida-por-protestos-pastoral-afro-brasileira-divulga-nota-vidas-negras-importam\/","title":{"rendered":"Movida por protestos, Pastoral Afro-Brasileira divulga Nota: Vidas Negras Importam"},"content":{"rendered":"\n<p>Movida pela onda de protestos contra o racismo e a viol\u00eancia policial nos EUA, nos \u00faltimos 10 dias, em fun\u00e7\u00e3o do assassinato de George Floyd, a Pastoral&nbsp;Afro-Brasileira, ligada \u00e0 Confer\u00eancia Nacional dos Bispos do Brasil (CNBB),&nbsp;&nbsp;emitiu&nbsp;uma nota \u201cVidas Negras Importam\u201d.&nbsp;&nbsp;<\/p>\n\n\n\n<p>Segundo a Nota, \u201ctrata-se de&nbsp;um clamor que brota de diferentes vozes, afirmando que&nbsp;\u2018vidas negras importam sim\u2019, e n\u00e3o podem ser exterminadas de forma brutal e covarde pelas for\u00e7as policiais\u201d.&nbsp;No documento, a Pastoral Afro-Brasileira&nbsp;afirma n\u00e3o ser&nbsp;poss\u00edvel calar-se&nbsp;diante dos processos hist\u00f3ricos de banaliza\u00e7\u00e3o e destrui\u00e7\u00e3o das vidas dos negros e negras.&nbsp;&nbsp;Conhe\u00e7a, abaixo, a \u00edntegra da nota: \u201cVidas Negras Importam\u201d abaixo.<\/p>\n\n\n\n<h4 class=\"wp-block-heading\">Nota da Pastoral Afro-Brasileira<\/h4>\n\n\n\n<p>\u201cVidas negras importam\u201d<\/p>\n\n\n\n<p>A Pastoral Afro-Brasileira da Confer\u00eancia Nacional dos Bispos do Brasil (CNBB) vem, por meio desta nota, pronunciar-se sobre as manifesta\u00e7\u00f5es antirracismo que acontecem nos Estados Unidos, Brasil e demais pa\u00edses. \u00c9 um clamor que brota de diferentes vozes, afirmando que \u201cvidas negras importam sim\u201d, e n\u00e3o podem ser exterminadas de forma brutal e covarde pelas for\u00e7as policiais.<\/p>\n\n\n\n<p>Aos olhos do criador todas as vidas s\u00e3o importantes, pois surgiram do seu querer amoroso e do sopro vital. A Campanha da Fraternidade deste ano lembrava que a vida \u00e9 dom e compromisso, motivando todos os brasileiros a renovar seu compromisso de respeito e cuidado com a vida. N\u00e3o \u00e9 poss\u00edvel calar diante dos processos hist\u00f3ricos de banaliza\u00e7\u00e3o e destrui\u00e7\u00e3o das vidas dos negros e negras. Esta realidade nefasta, originada na escravid\u00e3o, ainda pesa sobre o povo negro e se manifesta de diferentes formas na sociedade. \u00c9 um verdadeiro holocausto, justificado pelo odioso racismo que matou e continua exterminando negros e negras. \u201cVidas negras importam sim\u201d, \u00e9 o nosso clamor, o grito seco de nossa garganta, que de forma alguma pode se ausentar da nossa miss\u00e3o evangelizadora.<\/p>\n\n\n\n<p>A Confer\u00eancia de Aparecida nos ensina que devemos apoiar a luta deste povo: \u201cpor isso, a Igreja denuncia a pr\u00e1tica da discrimina\u00e7\u00e3o e do racismo em suas diferentes express\u00f5es, pois ofende o mais profundo da dignidade humana, criada a imagem e semelhan\u00e7a de Deus\u201d (DAp 533). Esta luta \u00e9 de toda a Igreja. N\u00e3o somente de um grupo. Est\u00e1 presente na irreverente campanha da pastoral da juventude, na luta constante da pastoral afro-brasileira contra o exterm\u00ednio da juventude negra e tamb\u00e9m na fala prof\u00e9tica do Santo Padre, o Papa Francisco: \u201cn\u00e3o podemos tolerar nem fechar os olhos diante de nenhuma forma de racismo ou de exclus\u00e3o e pretendemos defender o car\u00e1ter sagrado de toda vida humana (\u2026) me uno a todos para rezar pelo descanso da alma de George Floyd e de todos aqueles que perderam suas vidas por causa do pecado do racismo\u201d.<\/p>\n\n\n\n<p>Com todas as pessoas de boa vontade, ajuntemos esfor\u00e7os para combater este monstro nefasto. Trata-se de uma amea\u00e7a iminente de morte para: crian\u00e7as, jovens, adultos e idosos. Nesta luta n\u00e3o \u00e9 poss\u00edvel ignorar e ficar indiferente \u00e0 pol\u00edtica genocida do governo brasileiro, amea\u00e7ador da vida e dos direitos arduamente conquistados. Chega de viol\u00eancia! Este \u00e9 o nosso apelo: \u201cvidas negras importam sim\u201d!<\/p>\n\n\n\n<p>N\u00e3o podemos parar. Continuemos usando nossas vozes e capacidade de mobiliza\u00e7\u00e3o para continuar denunciando toda a forma de discrimina\u00e7\u00e3o e racismo. Temos a tarefa de deixar para as gera\u00e7\u00f5es futuras um mundo melhor onde a justi\u00e7a, a paz e a igualdade ser\u00e3o normas de vida.<\/p>\n\n\n\n<p>Que Nossa Senhora Aparecida, a Negra Mariama, nos ajude nesta miss\u00e3o.<\/p>\n\n\n\n<p style=\"text-align:center\"><strong>Padre Jos\u00e9 Enes de Jesus<\/strong><br>Assessor da PAB-CNBB<\/p>\n\n\n\n<p style=\"text-align:center\"><strong>Dom Zanoni Demettino Castro<\/strong><br>Arcebispo de Feira de Santana (BA)<br>Bispo Referencial da PAB-CNBB<\/p>\n","protected":false},"excerpt":{"rendered":"<p>Movida pela onda de protestos contra o racismo e a viol\u00eancia policial nos EUA, nos \u00faltimos 10 dias, em fun\u00e7\u00e3o do assassinato de George Floyd, a Pastoral&nbsp;Afro-Brasileira, ligada \u00e0 Confer\u00eancia Nacional dos Bispos&#8230;<\/p>\n","protected":false},"author":2,"featured_media":13795,"comment_status":"open","ping_status":"open","sticky":false,"template":"","format":"standard","meta":[],"categories":[1],"tags":[],"_links":{"self":[{"href":"https:\/\/www.salvatorianas.org.br\/blog\/wp-json\/wp\/v2\/posts\/13794"}],"collection":[{"href":"https:\/\/www.salvatorianas.org.br\/blog\/wp-json\/wp\/v2\/posts"}],"about":[{"href":"https:\/\/www.salvatorianas.org.br\/blog\/wp-json\/wp\/v2\/types\/post"}],"author":[{"embeddable":true,"href":"https:\/\/www.salvatorianas.org.br\/blog\/wp-json\/wp\/v2\/users\/2"}],"replies":[{"embeddable":true,"href":"https:\/\/www.salvatorianas.org.br\/blog\/wp-json\/wp\/v2\/comments?post=13794"}],"version-history":[{"count":1,"href":"https:\/\/www.salvatorianas.org.br\/blog\/wp-json\/wp\/v2\/posts\/13794\/revisions"}],"predecessor-version":[{"id":13796,"href":"https:\/\/www.salvatorianas.org.br\/blog\/wp-json\/wp\/v2\/posts\/13794\/revisions\/13796"}],"wp:featuredmedia":[{"embeddable":true,"href":"https:\/\/www.salvatorianas.org.br\/blog\/wp-json\/wp\/v2\/media\/13795"}],"wp:attachment":[{"href":"https:\/\/www.salvatorianas.org.br\/blog\/wp-json\/wp\/v2\/media?parent=13794"}],"wp:term":[{"taxonomy":"category","embeddable":true,"href":"https:\/\/www.salvatorianas.org.br\/blog\/wp-json\/wp\/v2\/categories?post=13794"},{"taxonomy":"post_tag","embeddable":true,"href":"https:\/\/www.salvatorianas.org.br\/blog\/wp-json\/wp\/v2\/tags?post=13794"}],"curies":[{"name":"wp","href":"https:\/\/api.w.org\/{rel}","templated":true}]}}