{"id":13770,"date":"2020-06-04T11:41:08","date_gmt":"2020-06-04T11:41:08","guid":{"rendered":"https:\/\/www.salvatorianas.org.br\/blog\/?p=13770"},"modified":"2020-06-04T11:51:43","modified_gmt":"2020-06-04T11:51:43","slug":"oracao-juventudes-e-diversidade-de-genero","status":"publish","type":"post","link":"https:\/\/www.salvatorianas.org.br\/blog\/oracao-juventudes-e-diversidade-de-genero\/","title":{"rendered":"ORA\u00c7\u00c3O &#8211; JUVENTUDES E DIVERSIDADE DE G\u00caNERO"},"content":{"rendered":"\n<p><strong>\u201cMeu cora\u00e7\u00e3o arde, bate vivamente. Amo tudo o que \u00e9 belo!\u201d<\/strong> (Madre Maria dos Ap\u00f3stolos)<\/p>\n\n\n\n<p> Hoje \u00e9 o dia que a Fam\u00edlia Salvatoriana e comunidades se unem para juntos rezar as diferentes realidades juvenis. Nesta primeira quinta-feira (04) do m\u00eas de junho, as Comunidades Salvatorianas s\u00e3o convidadas a rezar pelas juventudes e diversidade de g\u00eanero. <\/p>\n\n\n\n<p> <\/p>\n\n\n\n<p>Aparentemente, \u00e9 dif\u00edcil para quem n\u00e3o tem contato lidar com as diferen\u00e7as, mas uma premissa deve ser usada sempre: o respeito. \u00c9 imprescind\u00edvel a cria\u00e7\u00e3o de um ambiente onde a diversidade sexual n\u00e3o seja um motivo para que as pessoas se sintam desconfort\u00e1veis e at\u00e9 mesmo humilhadas. Inclusive, a express\u00e3o \u201corgulho\u201d, como em \u201cDia do Orgulho LGBT\u201d ou \u201cParada do Orgulho LGBT\u201d n\u00e3o \u00e9 refer\u00eancia \u00e0 \u201csoberba\u201d nem \u00e0 \u201carrog\u00e2ncia\u201d, mas ao contr\u00e1rio de \u201cvergonha\u201d. Ainda hoje, \u00e9 comum a mentalidade de que um LGBT deve sentir vergonha de si mesmo e esses momentos servem tanto para recordar as lutas pelos seus direitos quanto para celebrar a alegria de ser quem \u00e9.<\/p>\n\n\n\n<p><br> Ainda h\u00e1 70 pa\u00edses onde rela\u00e7\u00f5es homossexuais s\u00e3o criminalizadas e, dentre esses, 11 com a pena de morte. Nos dois primeiros meses de 2020, foram assassinadas 38 pessoas transexuais e travestis no Brasil, o local onde mais se mata gente dessa comunidade. A expectativa de vida desse grupo no pa\u00eds \u00e9 de apenas 35 anos, muito aqu\u00e9m dos 75,5 da popula\u00e7\u00e3o em geral. Pesquisas apontam que jovens LGBT recusados por seus pais t\u00eam seis vezes mais chances de desenvolver n\u00edveis mais altos de depress\u00e3o e oito vezes mais chances de cometer suic\u00eddio.<br> \u00c9 necess\u00e1rio que haja uma mudan\u00e7a de mentalidade e de atitude e a transforma\u00e7\u00e3o do ambiente eclesial de um espa\u00e7o de exclus\u00e3o e de julgamento para um espa\u00e7o de acolhimento, de empatia e de apoio nas lutas LGBT, que s\u00e3o, antes de tudo, lutas pela dignidade humana, t\u00e3o abordada na Doutrina Social da Igreja.<\/p>\n\n\n\n<p><br> Roguemos a Deus para que o \u00f3dio e o preconceito deem lugar ao amor e \u00e0 acolhida. Que possamos nos espelhar no Divino Salvador e amar assim como Ele nos amou. Que o Esp\u00edrito Santo aja em n\u00f3s e que sejamos agentes da transforma\u00e7\u00e3o que queremos para o mundo. Am\u00e9m!<\/p>\n\n\n\n<p><strong>Vamos juntos rezar pelos nossos jovens<\/strong> \ud83d\ude4f\ud83c\udffd: <\/p>\n\n\n\n<p> <br>Confira tamb\u00e9m outras ora\u00e7\u00f5es pelas Juventudes \u2013\u00a0  <\/p>\n\n\n\n<p>&nbsp;:\n\n<\/p>\n","protected":false},"excerpt":{"rendered":"<p>\u201cMeu cora\u00e7\u00e3o arde, bate vivamente. Amo tudo o que \u00e9 belo!\u201d (Madre Maria dos Ap\u00f3stolos) Hoje \u00e9 o dia que a Fam\u00edlia Salvatoriana e comunidades se unem para juntos rezar as diferentes realidades&#8230;<\/p>\n","protected":false},"author":2,"featured_media":13772,"comment_status":"open","ping_status":"open","sticky":false,"template":"","format":"standard","meta":[],"categories":[1],"tags":[],"_links":{"self":[{"href":"https:\/\/www.salvatorianas.org.br\/blog\/wp-json\/wp\/v2\/posts\/13770"}],"collection":[{"href":"https:\/\/www.salvatorianas.org.br\/blog\/wp-json\/wp\/v2\/posts"}],"about":[{"href":"https:\/\/www.salvatorianas.org.br\/blog\/wp-json\/wp\/v2\/types\/post"}],"author":[{"embeddable":true,"href":"https:\/\/www.salvatorianas.org.br\/blog\/wp-json\/wp\/v2\/users\/2"}],"replies":[{"embeddable":true,"href":"https:\/\/www.salvatorianas.org.br\/blog\/wp-json\/wp\/v2\/comments?post=13770"}],"version-history":[{"count":1,"href":"https:\/\/www.salvatorianas.org.br\/blog\/wp-json\/wp\/v2\/posts\/13770\/revisions"}],"predecessor-version":[{"id":13773,"href":"https:\/\/www.salvatorianas.org.br\/blog\/wp-json\/wp\/v2\/posts\/13770\/revisions\/13773"}],"wp:featuredmedia":[{"embeddable":true,"href":"https:\/\/www.salvatorianas.org.br\/blog\/wp-json\/wp\/v2\/media\/13772"}],"wp:attachment":[{"href":"https:\/\/www.salvatorianas.org.br\/blog\/wp-json\/wp\/v2\/media?parent=13770"}],"wp:term":[{"taxonomy":"category","embeddable":true,"href":"https:\/\/www.salvatorianas.org.br\/blog\/wp-json\/wp\/v2\/categories?post=13770"},{"taxonomy":"post_tag","embeddable":true,"href":"https:\/\/www.salvatorianas.org.br\/blog\/wp-json\/wp\/v2\/tags?post=13770"}],"curies":[{"name":"wp","href":"https:\/\/api.w.org\/{rel}","templated":true}]}}