{"id":1374,"date":"2016-01-12T00:00:00","date_gmt":"2016-01-12T00:00:00","guid":{"rendered":"https:\/\/www.salvatorianas.org.br\/blog\/santuario-de-aparecida-lanca-projeto-juventude-em-missao\/"},"modified":"2016-01-12T00:00:00","modified_gmt":"2016-01-12T00:00:00","slug":"santuario-de-aparecida-lanca-projeto-juventude-em-missao","status":"publish","type":"post","link":"https:\/\/www.salvatorianas.org.br\/blog\/santuario-de-aparecida-lanca-projeto-juventude-em-missao\/","title":{"rendered":"Santu\u00e1rio de Aparecida lan\u00e7a projeto &#8220;Juventude em Miss\u00e3o&#8221;"},"content":{"rendered":"<p style=\"text-align: justify;\">[imagem1]<\/p>\n<p style=\"text-align: justify;\">&nbsp;<\/p>\n<p style=\"text-align: justify;\">Dentro do calend&aacute;rio de atividades dos 300 anos do encontro da imagem de Aparecida no Rio do Sul, em 2017, o Santu&aacute;rio Nacional lan&ccedil;ou o projeto Juventude em Miss&atilde;o (Jumi), voltado aos jovens.&nbsp;<\/p>\n<p style=\"text-align: justify;\">A proposta da iniciativa &eacute; reunir as diferentes express&otilde;es juvenis do Brasil para momentos de espiritualidade. As a&ccedil;&otilde;es ser&atilde;o realizadas no per&iacute;odo de fevereiro de 2016 a julho de 2017. H&aacute; a&nbsp;expectativa para o encerramento do Jumi de um encontro dos jovens com o papa Francisco, que poder&aacute; voltar ao Santu&aacute;rio, por ocasi&atilde;o dos &ldquo;300 anos de b&ecirc;n&ccedil;&atilde;os&rdquo;.<\/p>\n<p style=\"text-align: justify;\">&ldquo;Trata-se de uma caminhada de f&eacute; e atitude. O projeto acontece em sintonia com os projetos juvenis da CNBB e com os sonhos de tantos em construir uma igreja com a pluralidade dos rostos jovem do nosso pa&iacute;s&rdquo;, explica o reitor do Santu&aacute;rio Nacional, padre Jo&atilde;o Batista Almeida.<\/p>\n<p style=\"text-align: justify;\">Como parte das comemora&ccedil;&otilde;es de 2017, o Jumi quer envolver a juventude nas atividades de prepara&ccedil;&atilde;o para os 300 anos, com caminhadas, vig&iacute;lias e outros encontros. O primeiro evento programado ser&aacute; a &ldquo;Caminhada da Esperan&ccedil;a&rdquo;, entre os dias 13 e 14 de fevereiro. Haver&aacute; percurso entre o Santu&aacute;rio de Aparecida at&eacute; a Fazenda da Esperan&ccedil;a, em Guaratinguet&aacute; (SP).&nbsp;<\/p>\n<p style=\"text-align: justify;\">&ldquo;Na Fazenda da Esperan&ccedil;a vemos um exemplo concreto de Miseric&oacute;rdia, j&aacute; que ali passam por tratamento e recupera&ccedil;&atilde;o jovens dependentes qu&iacute;micos&rdquo;, explica o reitor.<\/p>\n<p style=\"text-align: justify;\">Est&atilde;o previstas, tamb&eacute;m, caminhada no m&ecirc;s de julho, em sintonia com a Jornada Mundial da Juventude (JMJ), e a &ldquo;Caminhada da Miseric&oacute;rdia&rdquo;, recordando o Ano da Miseric&oacute;rdia, em setembro.&nbsp;<\/p>\n<p>Fonte: CNBB<\/p>\n<p>&nbsp;<\/p>\n<p>&nbsp;<\/p>\n","protected":false},"excerpt":{"rendered":"<p>[imagem1] &nbsp; Dentro do calend&aacute;rio de atividades dos 300 anos do encontro da imagem de Aparecida no Rio do Sul, em 2017, o Santu&aacute;rio Nacional lan&ccedil;ou o projeto Juventude em Miss&atilde;o (Jumi), voltado&#8230;<\/p>\n","protected":false},"author":1,"featured_media":1659,"comment_status":"open","ping_status":"open","sticky":false,"template":"","format":"standard","meta":[],"categories":[1],"tags":[],"_links":{"self":[{"href":"https:\/\/www.salvatorianas.org.br\/blog\/wp-json\/wp\/v2\/posts\/1374"}],"collection":[{"href":"https:\/\/www.salvatorianas.org.br\/blog\/wp-json\/wp\/v2\/posts"}],"about":[{"href":"https:\/\/www.salvatorianas.org.br\/blog\/wp-json\/wp\/v2\/types\/post"}],"author":[{"embeddable":true,"href":"https:\/\/www.salvatorianas.org.br\/blog\/wp-json\/wp\/v2\/users\/1"}],"replies":[{"embeddable":true,"href":"https:\/\/www.salvatorianas.org.br\/blog\/wp-json\/wp\/v2\/comments?post=1374"}],"version-history":[{"count":0,"href":"https:\/\/www.salvatorianas.org.br\/blog\/wp-json\/wp\/v2\/posts\/1374\/revisions"}],"wp:featuredmedia":[{"embeddable":true,"href":"https:\/\/www.salvatorianas.org.br\/blog\/wp-json\/wp\/v2\/media\/1659"}],"wp:attachment":[{"href":"https:\/\/www.salvatorianas.org.br\/blog\/wp-json\/wp\/v2\/media?parent=1374"}],"wp:term":[{"taxonomy":"category","embeddable":true,"href":"https:\/\/www.salvatorianas.org.br\/blog\/wp-json\/wp\/v2\/categories?post=1374"},{"taxonomy":"post_tag","embeddable":true,"href":"https:\/\/www.salvatorianas.org.br\/blog\/wp-json\/wp\/v2\/tags?post=1374"}],"curies":[{"name":"wp","href":"https:\/\/api.w.org\/{rel}","templated":true}]}}