{"id":13724,"date":"2020-05-30T06:25:52","date_gmt":"2020-05-30T06:25:52","guid":{"rendered":"https:\/\/www.salvatorianas.org.br\/blog\/?p=13724"},"modified":"2020-05-29T12:30:45","modified_gmt":"2020-05-29T12:30:45","slug":"papa-francisco-o-dom-do-temor-de-deus","status":"publish","type":"post","link":"https:\/\/www.salvatorianas.org.br\/blog\/papa-francisco-o-dom-do-temor-de-deus\/","title":{"rendered":"Papa Francisco \u2013 O Dom do TEMOR DE DEUS"},"content":{"rendered":"\n<p>O\ndom do&nbsp;<em>temor de Deus<\/em>, conclui a s\u00e9rie dos sete dons do Esp\u00edrito\nSanto. N\u00e3o significa ter medo de Deus: sabemos que Deus \u00e9 Pai e nos ama, quer a\nnossa salva\u00e7\u00e3o e nos perdoa sempre; por isso, n\u00e3o h\u00e1 motivo para ter medo dele!\nAo contr\u00e1rio<strong>, o Temor de Deus<\/strong> \u00e9 o\ndom do Esp\u00edrito que nos recorda como somos pequenos diante de Deus e do seu\namor, e que o nosso bem est\u00e1 no nosso abandono com humildade, respeito e\nconfian\u00e7a nas suas m\u00e3os. Este \u00e9 o temor de Deus: o abandono \u00e0 bondade do nosso\nPai, que nos ama imensamente.<\/p>\n\n\n\n<p>Quando\no Esp\u00edrito Santo faz a sua morada no nosso cora\u00e7\u00e3o, infunde-nos consola\u00e7\u00e3o e\npaz, levando-nos a sentir-nos como somos, isto \u00e9 pequeninos, com aquela atitude\n\u2014 t\u00e3o recomendada por Jesus no Evangelho \u2014 de quem p\u00f5e todas as suas\npreocupa\u00e7\u00f5es e expectativas em Deus, sentindo-se abra\u00e7ado e sustentado pelo seu\ncalor e pela sua salvaguarda, precisamente como uma crian\u00e7a com o seu pai! \u00c9\nisto que faz o Esp\u00edrito Santo nos nossos cora\u00e7\u00f5es: leva-nos a sentir-nos como\ncrian\u00e7as no colo do nosso pai. Ent\u00e3o, neste sentido compreendemos bem que o\ntemor de Deus assume em n\u00f3s a forma da docilidade, do reconhecimento e do\nlouvor, enchendo de esperan\u00e7a o nosso cora\u00e7\u00e3o. Com efeito, muitas vezes n\u00e3o\nconseguimos entender o des\u00edgnio de Deus e damo-nos conta de que n\u00e3o somos\ncapazes de assegurar sozinhos a nossa felicidade e a vida eterna. Mas \u00e9\nprecisamente na experi\u00eancia dos nossos limites e da nossa pobreza que o\nEsp\u00edrito nos conforta e nos leva a sentir que a \u00fanica coisa importante \u00e9\ndeixar-nos conduzir por Jesus para os bra\u00e7os do seu Pai.<\/p>\n\n\n\n<p>Eis\npor que motivo temos tanta necessidade deste dom do Esp\u00edrito Santo. O temor de\nDeus faz-nos ter consci\u00eancia de que tudo \u00e9 gra\u00e7a e que a nossa verdadeira for\u00e7a\nconsiste unicamente em seguir o Senhor Jesus e em deixar que o Pai possa\nderramar sobre n\u00f3s a sua bondade e miseric\u00f3rdia. Abramos o cora\u00e7\u00e3o, para\nreceber a bondade e a miseric\u00f3rdia de Deus. \u00c9 isto que faz o Esp\u00edrito Santo\nmediante o dom do temor de Deus: abre os cora\u00e7\u00f5es. Mantenhamos o cora\u00e7\u00e3o aberto\npara deixar entrar o perd\u00e3o, a miseric\u00f3rdia, a bondade e os afagos do Pai,\nporque n\u00f3s somos filhos infinitamente amados.<\/p>\n\n\n\n<p>Quando\nestamos cheios do temor de Deus, ent\u00e3o somos levados a seguir o Senhor com\nhumildade, docilidade e obedi\u00eancia. Mas isto n\u00e3o com atitude resignada e passiva,\nat\u00e9 lamentosa, mas com a admira\u00e7\u00e3o e a alegria de um filho que se reconhece\nservido e amado pelo Pai. Portanto, o temor de Deus n\u00e3o faz de n\u00f3s crist\u00e3os\nt\u00edmidos e remissivos, mas gera em n\u00f3s coragem e for\u00e7a! \u00c9 uma d\u00e1diva que faz de\nn\u00f3s crist\u00e3os convictos e entusiastas, que n\u00e3o permanecem submetidos ao Senhor\npor medo, mas porque se sentem comovidos e conquistados pelo seu amor! Ser\nconquistado pelo amor de Deus! Isto \u00e9 bom! Deixemo-nos conquistar por este amor\nde pai, que nos ama muito, que nos ama com todo o seu cora\u00e7\u00e3o.<\/p>\n\n\n\n<p>Mas\nestejamos atentos, pois a d\u00e1diva de Deus, o dom do temor de Deus constitui\ntamb\u00e9m um \u00abalarme\u00bb diante da obstina\u00e7\u00e3o do pecado. Quando uma pessoa vive no\nmal, quando blasfema contra Deus, quando explora o pr\u00f3ximo, quando tiraniza\ncontra ele, quando vive s\u00f3 para o dinheiro, a vaidade, o poder ou o orgulho,\nent\u00e3o o santo temor de Deus alerta-nos: aten\u00e7\u00e3o! Com todo este poder, com todo\neste dinheiro, com todo o teu orgulho, com toda a tua vaidade n\u00e3o ser\u00e1s feliz!\nNingu\u00e9m consegue levar consigo para o al\u00e9m o dinheiro, o poder, a vaidade ou o\norgulho. Nada! S\u00f3 podemos levar o amor que Deus Pai nos concede, as car\u00edcias de\nDeus, aceites e recebidas por n\u00f3s com amor. E podemos levar aquilo que fizermos\npelo pr\u00f3ximo. Estejamos atentos a n\u00e3o p\u00f4r a esperan\u00e7a no dinheiro, no orgulho,\nno poder e na vaidade, pois tudo isto n\u00e3o nos pode prometer nada de bom! Por\nexemplo, penso nas pessoas que t\u00eam responsabilidades sobre os outros e se\ndeixam corromper; pensais que uma pessoa corrupta ser\u00e1 feliz no al\u00e9m? N\u00e3o, todo\no fruto do seu suborno corrompeu o seu cora\u00e7\u00e3o e ser\u00e1 dif\u00edcil alcan\u00e7ar o\nSenhor. Penso em quantos vivem do tr\u00e1fico de pessoas e do trabalho escravo;\npensais que quantos traficam pessoas,\nque exploram o pr\u00f3ximo com o trabalho escravo t\u00eam o amor de Deus no seu\ncora\u00e7\u00e3o? N\u00e3o, n\u00e3o t\u00eam temor de Deus e n\u00e3o s\u00e3o felizes. N\u00e3o o s\u00e3o! Penso\nnaqueles que fabricam armas para fomentar as guerras; mas que profiss\u00e3o \u00e9 esta!\nEstou convicto de que se agora eu vos dirigir a pergunta: quantos de v\u00f3s sois fabricantes\nde armas? Nenhum, ningu\u00e9m! Estes fabricantes de armas n\u00e3o v\u00eam para ouvir a\nPalavra de Deus! Eles fabricam a morte, s\u00e3o mercantes de morte, fazem da morte\nmercadoria. Que o temor de Deus os leve a compreender que um dia tudo acaba e\nque dever\u00e3o prestar contas a Deus.<\/p>\n\n\n\n<p>O Salmo 34 leva-nos a rezar assim: \u00abQuando um pobre invoca o Senhor, Ele atende-o e liberta-o de todas as suas ang\u00fastias. O anjo do Senhor assenta os seus arraiais em redor dos que O temem e os salva\u00bb (vv. 7-8). Pe\u00e7amos ao Senhor a gra\u00e7a de unir a nossa voz \u00e0 dos pobres, para acolher o dom do temor de Deus e poder reconhecer-nos, juntamente com eles, revestidos de miseric\u00f3rdia e de amor a Deus, que \u00e9 o nosso Pai, o nosso pai. <strong>Assim seja!<\/strong><\/p>\n\n\n\n<p style=\"text-align:center\">_____________________________<\/p>\n\n\n\n<p>Papa Francisco<\/p>\n","protected":false},"excerpt":{"rendered":"<p>O dom do&nbsp;temor de Deus, conclui a s\u00e9rie dos sete dons do Esp\u00edrito Santo. N\u00e3o significa ter medo de Deus: sabemos que Deus \u00e9 Pai e nos ama, quer a nossa salva\u00e7\u00e3o e&#8230;<\/p>\n","protected":false},"author":2,"featured_media":13725,"comment_status":"open","ping_status":"open","sticky":false,"template":"","format":"standard","meta":[],"categories":[1],"tags":[],"_links":{"self":[{"href":"https:\/\/www.salvatorianas.org.br\/blog\/wp-json\/wp\/v2\/posts\/13724"}],"collection":[{"href":"https:\/\/www.salvatorianas.org.br\/blog\/wp-json\/wp\/v2\/posts"}],"about":[{"href":"https:\/\/www.salvatorianas.org.br\/blog\/wp-json\/wp\/v2\/types\/post"}],"author":[{"embeddable":true,"href":"https:\/\/www.salvatorianas.org.br\/blog\/wp-json\/wp\/v2\/users\/2"}],"replies":[{"embeddable":true,"href":"https:\/\/www.salvatorianas.org.br\/blog\/wp-json\/wp\/v2\/comments?post=13724"}],"version-history":[{"count":1,"href":"https:\/\/www.salvatorianas.org.br\/blog\/wp-json\/wp\/v2\/posts\/13724\/revisions"}],"predecessor-version":[{"id":13726,"href":"https:\/\/www.salvatorianas.org.br\/blog\/wp-json\/wp\/v2\/posts\/13724\/revisions\/13726"}],"wp:featuredmedia":[{"embeddable":true,"href":"https:\/\/www.salvatorianas.org.br\/blog\/wp-json\/wp\/v2\/media\/13725"}],"wp:attachment":[{"href":"https:\/\/www.salvatorianas.org.br\/blog\/wp-json\/wp\/v2\/media?parent=13724"}],"wp:term":[{"taxonomy":"category","embeddable":true,"href":"https:\/\/www.salvatorianas.org.br\/blog\/wp-json\/wp\/v2\/categories?post=13724"},{"taxonomy":"post_tag","embeddable":true,"href":"https:\/\/www.salvatorianas.org.br\/blog\/wp-json\/wp\/v2\/tags?post=13724"}],"curies":[{"name":"wp","href":"https:\/\/api.w.org\/{rel}","templated":true}]}}