{"id":13698,"date":"2020-05-24T18:20:22","date_gmt":"2020-05-24T18:20:22","guid":{"rendered":"https:\/\/www.salvatorianas.org.br\/blog\/?p=13698"},"modified":"2020-05-26T18:21:08","modified_gmt":"2020-05-26T18:21:08","slug":"semana-de-oracao-pela-unidade-crista-2020","status":"publish","type":"post","link":"https:\/\/www.salvatorianas.org.br\/blog\/semana-de-oracao-pela-unidade-crista-2020\/","title":{"rendered":"Semana de Ora\u00e7\u00e3o pela Unidade Crist\u00e3 &#8211; 2020"},"content":{"rendered":"\n<p> Promovida mundialmente pelo\u00a0<strong>Pontif\u00edcio Conselho para a Promo\u00e7\u00e3o da Unidade dos Crist\u00e3os<\/strong>\u00a0e pelo\u00a0<strong>Conselho Mundial de Igrejas<\/strong>, a\u00a0<em><strong>Semana de Ora\u00e7\u00e3o pela Unidade Crist\u00e3 (SOUC)<\/strong><\/em>\u00a0acontece em per\u00edodos diferentes nos dois hemisf\u00e9rios.No hemisf\u00e9rio Norte, o per\u00edodo tradicional para a Semana de Ora\u00e7\u00e3o pela Unidade Crist\u00e3 (SOUC) \u00e9 de 18 a 25 de janeiro. Essas datas foram propostas em 1908, por Paul Watson, pois cobriam o tempo entre as festas de S\u00e3o Pedro e S\u00e3o Paulo, e tinham, portanto, um significado simb\u00f3lico.No hemisf\u00e9rio Sul, por sua vez, as Igrejas geralmente celebram a Semana de Ora\u00e7\u00e3o no per\u00edodo de Pentecostes (como foi sugerido pelo movimento F\u00e9 e Ordem, em 1926), que tamb\u00e9m \u00e9 um momento simb\u00f3lico para a unidade da Igreja. <\/p>\n\n\n\n<p>No Brasil, o<strong>\u00a0Conselho Nacional de Igrejas Crist\u00e3s (CONIC)<\/strong>\u00a0lidera e coordena as iniciativas para a celebra\u00e7\u00e3o da Semana em diversos estados.Levando em conta essa flexibilidade no que diz respeito \u00e0 data, estimulamos a todos os crist\u00e3os, ao longo do ano, a expressar o grau de comunh\u00e3o que as Igrejas j\u00e1 atingiram e a orar juntos por uma unidade cada vez mais plena, que \u00e9 desejo do pr\u00f3prio Cristo (Jo 17:21).<\/p>\n\n\n\n<h2 class=\"wp-block-heading\">Semana de Ora\u00e7\u00e3o (SOUC), edi\u00e7\u00e3o 2020<\/h2>\n\n\n\n<p><strong>PER\u00cdODO:\u00a0<\/strong>De 24 a 31 de maio de 2020.<\/p>\n\n\n\n<p><strong>TEMA:\u00a0<\/strong>\u201c<strong>Gentileza gera Gentileza<\/strong>\u201c, inspirado na passagem de Atos 28:2 \u2013\u00a0relato em que Paulo \u00e9 gentilmente acolhido ap\u00f3s um naufr\u00e1gio. <\/p>\n\n\n\n<figure class=\"wp-block-image\"><img decoding=\"async\" src=\"https:\/\/kleincode.blob.core.windows.net\/cdn\/PaxWeb\/diocesetb\/96003412-cdcb-4bb4-9a19-b71ad523e6c2.jpg\" alt=\"\"\/><\/figure>\n\n\n\n<p><\/p>\n\n\n\n<p>O cartaz de 2020 foi enviado pela\u00a0L\u00edlian Santos Gomes, 35 anos, moradora de Porto Alegre-RS. Na arte, vemos m\u00e3os de acolhida \u2013 representando todos os povos \u2013 circundando a pe\u00e7a. Ao centro, temos um bote com migrantes e um barco a acolh\u00ea-los, numa alus\u00e3o \u00e0s muitas ONGs que, hoje, fazem esse trabalho de resgate no Mar Mediterr\u00e2neo e em outras localidades. Cora\u00e7\u00f5es aquecidos e pombas brancas da paz, que tamb\u00e9m representam o Esp\u00edrito Santo, s\u00e3o os outros componentes do desenho\u2026 que taz em si o tema da SOUC 2020: Gentileza gera Gentileza.<\/p>\n\n\n\n<h3 class=\"wp-block-heading\"><strong>INTRODU\u00c7\u00c3O AO TEMA PARA O ANO DE 2020<\/strong><\/h3>\n\n\n\n<p><strong>\u201cGentileza gera Gentileza\u201d&nbsp;<\/strong>(Cf.: Atos 28:2)Os materiais para a Semana de Ora\u00e7\u00e3o pela Unidade Crist\u00e3 de 2020 foram preparados pelas Igrejas crist\u00e3s em&nbsp;<strong>Malta<\/strong>. Todos os anos, em 10 de fevereiro, muitos crist\u00e3os da ilha celebram a festa do naufr\u00e1gio do ap\u00f3stolo Paulo, destacando e agradecendo a chegada da f\u00e9 crist\u00e3 nesse territ\u00f3rio. A leitura de Atos usada na festa este ano foi o texto escolhido para a SOUC 2020.A hist\u00f3ria come\u00e7a com Paulo sendo levado a Roma como prisioneiro (At 27:1). Paulo est\u00e1 preso, mas mesmo numa viagem que se torna perigosa, a miss\u00e3o de Deus continua atrav\u00e9s dele.A narrativa \u00e9 um cl\u00e1ssico drama da humanidade. O relato informa que os passageiros do navio est\u00e3o expostos \u00e0s for\u00e7as dos mares e das poderosas tempestades que se erguem ao seu redor. Essas for\u00e7as os levam a um territ\u00f3rio desconhecido, onde est\u00e3o perdidos e sem esperan\u00e7a.As 276 pessoas a bordo s\u00e3o divididas em grupos distintos.O centuri\u00e3o e seus soldados t\u00eam poder e autoridade, mas dependem da per\u00edcia e da experi\u00eancia dos marinheiros. Embora todos estejam assustados e vulner\u00e1veis, os prisioneiros s\u00e3o os mais vulner\u00e1veis de todos. Suas vidas s\u00e3o consideradas dispens\u00e1veis, eles est\u00e3o em risco de uma execu\u00e7\u00e3o sum\u00e1ria (At 27:42). \u00c0 medida em que a hist\u00f3ria se desenvolve, sob press\u00e3o e temendo por suas vidas, vemos desconfian\u00e7a e suspeita ampliando as divis\u00f5es entre os diferentes grupos.Notavelmente, por\u00e9m, Paulo se ergue como um centro de paz no tumulto. Ele sabe que sua vida n\u00e3o \u00e9 governada por for\u00e7as indiferentes ao seu destino, mas est\u00e1 segura nas m\u00e3os do Deus a quem ele pertence e serve (At 27,23). Por causa de sua f\u00e9, ele est\u00e1 confiante de que se erguer\u00e1 diante do imperador em Roma. \u00c9 a for\u00e7a da f\u00e9 que encoraja Paulo a se erguer diante de seus companheiros de viagem e dar gra\u00e7as a Deus. Todos passam a ficar encorajados. Seguindo o exemplo de Paulo, eles partilham p\u00e3o, unidos numa nova esperan\u00e7a e confiando em suas palavras.Esta experi\u00eancia de confian\u00e7a aponta para o tema principal dessa passagem: a provid\u00eancia divina. Foi decis\u00e3o do centuri\u00e3o navegar em tempo ruim. Entretanto, durante a tempestade, os marinheiros \u00e9 que devderiam decidir como conduzir o navio para garantir seguran\u00e7a \u00e0 tripula\u00e7\u00e3o. Com o agravamento da situa\u00e7\u00e3o, os planos dos marinheiros precisaram ser alterados. A \u00fanica alternativa poss\u00edvel seria permanecer juntos e permitir que o navio naufragasse. Est\u00e3o \u00e0 deriva, nas m\u00e3os de Deus. Foram salvos pela divina provid\u00eancia. O navio e toda a sua valiosa carga se perderam, mas todas as vidas foram salvas.Esse grupo de pessoas diversas, e em conflito, desembarca em uma ilha (At 27:26). Tendo sido jogados juntos pelo mesmo navio, chegam ao mesmo destino. L\u00e1, s\u00e3o recebidos com muita hospitalidade e amorosidade pelos nativos da ilha, que desconheciam os conflitos internos do grupo n\u00e1ufrago. Ao se unirem ao redor do fogo, cercados por um povo que nem os conhece nem os compreende, diferen\u00e7as de poder e posi\u00e7\u00e3o social se esvaem. Os 276 n\u00e1ufragos n\u00e3o est\u00e3o mais na depend\u00eancia de for\u00e7as indiferentes, mas envolvidos pela amorosa previd\u00eancia de Deus, que se revela atrav\u00e9s de um povo que os acolheu com uma \u201cGentileza fora do comum\u201d (At 28:2). Com frio e molhados, eles podem se aquecer e secar perto do fogo. Com fome, recebem comida. S\u00e3o abrigados at\u00e9 que seja seguro para eles continuar a viagem. \u00c9 uma Gentileza capaz de transformar qualquer conflito e animosidade.\n\n<\/p>\n\n\n\n<h3 class=\"wp-block-heading\"><strong>ORA\u00c7\u00c3O DA SOUC 2020 (CEBI)<\/strong><\/h3>\n\n\n\n<p>Acendemos grandes fogueiras!<br>Nas noites da humanidade, nas noites de frio, da umidade,&nbsp;<br>nas noites da rejei\u00e7\u00e3o, da exclus\u00e3o,&nbsp;<br>nas noites das nossas divis\u00f5es, das nossas intoler\u00e2ncias&#8230;<br>Acendemos grande fogueiras!<br>Para dissipar as trevas e aquecer o frio das noites,&nbsp;<br>para acolher migrantes, refugiad@s, sem teto, sem casa,&nbsp;<br>para viver em comunh\u00e3o ao redor da mesma luz,&nbsp;<br>para orarmos juntos a nosso Deus Uno e Trino.<br>Deus da gentileza que se antecipa.<br>Deus das m\u00e3os que acendem fogos, Deus das m\u00e3os que acolhem, que partilham,&nbsp;<br>Deus das m\u00e3os que cuidam, que juntam,&nbsp;<br>que tua gentileza desperte nossas gentilezas,&nbsp;<br>para que, na humanidade inteira, \u201cgentileza gere gentileza\u201d!<\/p>\n","protected":false},"excerpt":{"rendered":"<p>Promovida mundialmente pelo\u00a0Pontif\u00edcio Conselho para a Promo\u00e7\u00e3o da Unidade dos Crist\u00e3os\u00a0e pelo\u00a0Conselho Mundial de Igrejas, a\u00a0Semana de Ora\u00e7\u00e3o pela Unidade Crist\u00e3 (SOUC)\u00a0acontece em per\u00edodos diferentes nos dois hemisf\u00e9rios.No hemisf\u00e9rio Norte, o per\u00edodo tradicional&#8230;<\/p>\n","protected":false},"author":2,"featured_media":13699,"comment_status":"open","ping_status":"open","sticky":false,"template":"","format":"standard","meta":[],"categories":[1],"tags":[],"_links":{"self":[{"href":"https:\/\/www.salvatorianas.org.br\/blog\/wp-json\/wp\/v2\/posts\/13698"}],"collection":[{"href":"https:\/\/www.salvatorianas.org.br\/blog\/wp-json\/wp\/v2\/posts"}],"about":[{"href":"https:\/\/www.salvatorianas.org.br\/blog\/wp-json\/wp\/v2\/types\/post"}],"author":[{"embeddable":true,"href":"https:\/\/www.salvatorianas.org.br\/blog\/wp-json\/wp\/v2\/users\/2"}],"replies":[{"embeddable":true,"href":"https:\/\/www.salvatorianas.org.br\/blog\/wp-json\/wp\/v2\/comments?post=13698"}],"version-history":[{"count":2,"href":"https:\/\/www.salvatorianas.org.br\/blog\/wp-json\/wp\/v2\/posts\/13698\/revisions"}],"predecessor-version":[{"id":13701,"href":"https:\/\/www.salvatorianas.org.br\/blog\/wp-json\/wp\/v2\/posts\/13698\/revisions\/13701"}],"wp:featuredmedia":[{"embeddable":true,"href":"https:\/\/www.salvatorianas.org.br\/blog\/wp-json\/wp\/v2\/media\/13699"}],"wp:attachment":[{"href":"https:\/\/www.salvatorianas.org.br\/blog\/wp-json\/wp\/v2\/media?parent=13698"}],"wp:term":[{"taxonomy":"category","embeddable":true,"href":"https:\/\/www.salvatorianas.org.br\/blog\/wp-json\/wp\/v2\/categories?post=13698"},{"taxonomy":"post_tag","embeddable":true,"href":"https:\/\/www.salvatorianas.org.br\/blog\/wp-json\/wp\/v2\/tags?post=13698"}],"curies":[{"name":"wp","href":"https:\/\/api.w.org\/{rel}","templated":true}]}}