{"id":13689,"date":"2020-05-25T15:57:34","date_gmt":"2020-05-25T15:57:34","guid":{"rendered":"https:\/\/www.salvatorianas.org.br\/blog\/?p=13689"},"modified":"2020-05-25T16:02:10","modified_gmt":"2020-05-25T16:02:10","slug":"7o-dia-de-falecimento-da-ir-maria-celeste-ferlin","status":"publish","type":"post","link":"https:\/\/www.salvatorianas.org.br\/blog\/7o-dia-de-falecimento-da-ir-maria-celeste-ferlin\/","title":{"rendered":"7\u00ba dia de falecimento da Ir. Maria Celeste Ferlin"},"content":{"rendered":"\n<p> Celebramos hoje, 25 de maio, o 7\u00ba dia de falecimento da Ir. Maria Celeste Ferlin. Fa\u00e7amos mem\u00f3ria da sua bela hist\u00f3ria de vida e miss\u00e3o atrav\u00e9s de sua biografia, em forma de gratid\u00e3o e prece. <\/p>\n\n\n\n<p><strong>BIOGRAFIA \u2013&nbsp; IR.&nbsp;MARIA CELESTE FERLIN<\/strong><\/p>\n\n\n\n<p>Ir.\nSunta Therezinha Ferlin (Ir. Maria Celeste) nasceu no dia 20 de Outubro de 1926\nem Videira\/SC. Era a segunda dos seis filhos de Jo\u00e3o Ferlin e Luiza Balvedi\nFerlin. Tinha 3 irm\u00e3os homens e 2 mulheres. Recebeu o sacramento do Batismo no\ndia 24 de Novembro de 1926 e a Crisma no dia 06 de novembro 1927 em\nPerdizes\/SC. Fez sua Primeira Eucaristia em 15 de agosto de 1933 em\nVideira\/SC.&nbsp;&nbsp;&nbsp;&nbsp;&nbsp;&nbsp;&nbsp;&nbsp;&nbsp;&nbsp;&nbsp;&nbsp;&nbsp; <\/p>\n\n\n\n<p>Seu\ningresso na Congrega\u00e7\u00e3o se deu no dia 15 de Janeiro de 1941 em Videira\/SC, onde\nap\u00f3s a forma\u00e7\u00e3o \u00e0 Vida Consagrada Salvatoriana professou os primeiros votos no\ndia 06 de Janeiro de 1943 e os votos perp\u00e9tuos no dia 06 de Janeiro de\n1949.&nbsp;&nbsp;&nbsp;&nbsp;&nbsp;&nbsp;&nbsp;&nbsp;&nbsp;&nbsp;&nbsp;&nbsp; <\/p>\n\n\n\n<p>Nas suas atividades apost\u00f3licas atuou nas comunidades do Col\u00e9gio Mater Salvatoris em Tangar\u00e1\/SC; Imaculada Concei\u00e7\u00e3o em Videira\/SC, Col\u00e9gio Nossa Senhora de F\u00e1tima em Florian\u00f3polis\/SC; Creche Conde Modesto Leal em Joinville\/SC. De 1951 a 1957 foi secret\u00e1ria provincial, em Videira\/SC. De 1983 a 2011 esteve em licen\u00e7a extracomunit\u00e1ria em Balne\u00e1rio Cambori\u00fa\/SC, ajudando a cuidar de familiares enfermos. Desde 2011 vivia na Comunidade Rainha da Paz em Florian\u00f3polis\/SC, sob cuidados de sa\u00fade. Ela assinala em sua biografia ap\u00f3s vencer cada conquista \u201cDeus sempre foi generoso comigo\u201d e salientava testemunhando que \u201ca vida eterna \u00e9 esta: que te conhe\u00e7am a Ti, o \u00fanico Deus verdadeiro, e aquele que enviaste, Jesus Cristo\u201d.<\/p>\n\n\n\n<p>Nos\nespa\u00e7os e comunidades religiosas onde atuou, mostrava-se aberta em aprender, no\ncampo da educa\u00e7\u00e3o, da catequese, da liturgia, da m\u00fasica e das l\u00ednguas, estes\napostolados eram sua paix\u00e3o, dedicando-se com alegria e zelo.<\/p>\n\n\n\n<p>A fam\u00edlia da Ir. Maria Celeste Ferlin juntamente com outras fam\u00edlias de Videira\/SC foram as primeiras que acolheram as Irm\u00e3s que chegaram no Brasil, vindas da Alemanha. Ir. Maria Celeste foi crescendo neste ambiente de proximidade com as salvatorianas e n\u00e3o demorou para que despertasse nela o chamado de Deus. Logo as irm\u00e3s a acompanharam e Deus foi abrindo caminhos para que ela se encontrasse na Vida Religiosa Salvatoriana.<\/p>\n\n\n\n<p>Nas\ndificuldades e ao enfrentar doen\u00e7as com f\u00e9 f\u00e9 expressava \u00abLouvo e agrade\u00e7o a\nDeus que me deu a gra\u00e7a de me sair muito bem em tudo. Minha f\u00e9 \u00e9 ainda muito\npequena, mas n\u00e3o canso de pedir: Senhor! Aumenta a minha f\u00e9. Nunca imaginei\nganhar tanto da congrega\u00e7\u00e3o, que a amo tanto. Tenho que me desapegar de muitas\ncoisas.\u00bb Viveu a simplicidade e gratuidade por tudo.<\/p>\n\n\n\n<p>Nossa Ir. Maria Celeste dizia: \u201cSempre me saio bem porque o Pe. Jordan, a Bem-aventurada Maria dos Ap\u00f3stolos, o pai e a m\u00e3e junto com Jesus, Maria e Jos\u00e9, o Anjo da Guarda intercedem junto a Deus Pai\u201d. \u201cPe\u00e7o a Deus pelas que est\u00e3o desanimadas, vacilantes, que sejam fortes, pois somos mission\u00e1rias e precisamos tornar Deus conhecido e a Jesus Cristo que Ele enviou\u201d. Ir. Celeste era fiel na ora\u00e7\u00e3o do ter\u00e7o todos os dias pela manh\u00e3 e sua presen\u00e7a de esperan\u00e7a, de solidariedade e de f\u00e9 junto \u00e0 comunidade eclesial a tornava mission\u00e1ria de Jesus Salvador. Todas n\u00f3s lembramos que Ir. Maria Celeste ao ser perguntada como se sentia, ela respondia sempre: Cada dia melhor! Que express\u00e3o forte, bonita, carregada de espiritualidade, de esperan\u00e7a e f\u00e9.<\/p>\n\n\n\n<p>Partilhava seus talentos pessoais, entre eles tocar violino, no servi\u00e7o de evangeliza\u00e7\u00e3o e dizia: \u201cQuando S\u00e3o Paulo fala dos carismas, me alegro e agrade\u00e7o a Deus por aqueles que foram agraciados com o dom da l\u00edngua, da cura, da m\u00fasica. Quem \u00e9 que n\u00e3o gostaria de ter! Agrade\u00e7o e louvo a Deus pelas gra\u00e7as recebidas: A vida, a voca\u00e7\u00e3o. E um dia, s\u00f3 Deus \u00e9 que sabe, estarei com Ele e com todos os santos. Enquanto este dia n\u00e3o chega procuro viver o c\u00e9u aqui na terra\u201d.<\/p>\n\n\n\n<p>Ir.\nSunta Therezinha Ferlin, (Maria Celeste) aos 93 anos de vida e 77 anos de Vida\nConsagrada Salvatoriana, recebeu o \u00faltimo chamado de Deus para o encontro\ndefinitivo com Ele no dia 19 de maio de 2020 no Hospital Imperial de Caridade\nem Florian\u00f3polis\/SC. Seu sepultamento dia 20 de maio de 2020 no Cemit\u00e9rio Nossa\nSenhora da Penha, em Lages\/SC. <\/p>\n\n\n\n<p>Descanse em paz, Ir. Maria Celeste. Obrigada por sua vida doada na miss\u00e3o salvatoriana.<\/p>\n\n\n\n<p>&nbsp;Junto de Deus Pai interceda por toda a fam\u00edlia\nFerlin e fam\u00edlia Salvatoriana.<\/p>\n","protected":false},"excerpt":{"rendered":"<p>Celebramos hoje, 25 de maio, o 7\u00ba dia de falecimento da Ir. Maria Celeste Ferlin. Fa\u00e7amos mem\u00f3ria da sua bela hist\u00f3ria de vida e miss\u00e3o atrav\u00e9s de sua biografia, em forma de gratid\u00e3o&#8230;<\/p>\n","protected":false},"author":2,"featured_media":13690,"comment_status":"open","ping_status":"open","sticky":false,"template":"","format":"standard","meta":[],"categories":[1],"tags":[],"_links":{"self":[{"href":"https:\/\/www.salvatorianas.org.br\/blog\/wp-json\/wp\/v2\/posts\/13689"}],"collection":[{"href":"https:\/\/www.salvatorianas.org.br\/blog\/wp-json\/wp\/v2\/posts"}],"about":[{"href":"https:\/\/www.salvatorianas.org.br\/blog\/wp-json\/wp\/v2\/types\/post"}],"author":[{"embeddable":true,"href":"https:\/\/www.salvatorianas.org.br\/blog\/wp-json\/wp\/v2\/users\/2"}],"replies":[{"embeddable":true,"href":"https:\/\/www.salvatorianas.org.br\/blog\/wp-json\/wp\/v2\/comments?post=13689"}],"version-history":[{"count":2,"href":"https:\/\/www.salvatorianas.org.br\/blog\/wp-json\/wp\/v2\/posts\/13689\/revisions"}],"predecessor-version":[{"id":13692,"href":"https:\/\/www.salvatorianas.org.br\/blog\/wp-json\/wp\/v2\/posts\/13689\/revisions\/13692"}],"wp:featuredmedia":[{"embeddable":true,"href":"https:\/\/www.salvatorianas.org.br\/blog\/wp-json\/wp\/v2\/media\/13690"}],"wp:attachment":[{"href":"https:\/\/www.salvatorianas.org.br\/blog\/wp-json\/wp\/v2\/media?parent=13689"}],"wp:term":[{"taxonomy":"category","embeddable":true,"href":"https:\/\/www.salvatorianas.org.br\/blog\/wp-json\/wp\/v2\/categories?post=13689"},{"taxonomy":"post_tag","embeddable":true,"href":"https:\/\/www.salvatorianas.org.br\/blog\/wp-json\/wp\/v2\/tags?post=13689"}],"curies":[{"name":"wp","href":"https:\/\/api.w.org\/{rel}","templated":true}]}}