{"id":1368,"date":"2016-01-14T00:00:00","date_gmt":"2016-01-14T00:00:00","guid":{"rendered":"https:\/\/www.salvatorianas.org.br\/blog\/saiba-quais-sao-os-50-paises-que-mais-perseguem-cristaos-no-mundo\/"},"modified":"2016-01-14T00:00:00","modified_gmt":"2016-01-14T00:00:00","slug":"saiba-quais-sao-os-50-paises-que-mais-perseguem-cristaos-no-mundo","status":"publish","type":"post","link":"https:\/\/www.salvatorianas.org.br\/blog\/saiba-quais-sao-os-50-paises-que-mais-perseguem-cristaos-no-mundo\/","title":{"rendered":"Saiba quais s\u00e3o os 50 pa\u00edses que mais perseguem crist\u00e3os no mundo"},"content":{"rendered":"<h2><img decoding=\"async\" style=\"display: block; margin-left: auto; margin-right: auto;\" src=\"http:\/\/www.crbnacional.org.br\/site2015\/images\/Novembro\/faixa_perseguicao.jpg\" alt=\"faixa perseguicao\" \/><\/h2>\n<p><p>De acordo com o Artigo 18 da Declara&ccedil;&atilde;o Universal de Direitos Humanos, de 1948, &#8220;Toda pessoa tem direito &agrave; liberdade de pensamento, consci&ecirc;ncia e religi&atilde;o; este direito inclui a liberdade de mudar de religi&atilde;o ou cren&ccedil;a e a liberdade de manifestar essa religi&atilde;o ou cren&ccedil;a, pelo ensino, pela pr&aacute;tica, pelo culto e pela observ&acirc;ncia, isolada ou coletivamente, em p&uacute;blico ou em particular&#8221;.<\/p>\n<p>O ano de 2015 ficar&aacute; marcado, sem sombra de d&uacute;vidas, como o Ano do Medo, devido &agrave; persegui&ccedil;&atilde;o religiosa. O Estado Isl&acirc;mico (EI) e grupos filiados tomou fronteiras de pa&iacute;ses, com ainda mais for&ccedil;a e viol&ecirc;ncia, como L&iacute;bia, Qu&ecirc;nia, Egito. Tais a&ccedil;&otilde;es culminaram em massacres aleat&oacute;rios em Paris e em San Bernardino. Os governos est&atilde;o mais preocupados do que nunca sobre os efeitos do extremismo isl&acirc;mico que mais uma vez &eacute;, de longe, o principal fator de persegui&ccedil;&atilde;o na Classifica&ccedil;&atilde;o de 2016 (35 dos 50 pa&iacute;ses tem o islamismo radical como a principal fonte de persegui&ccedil;&atilde;o).<\/p>\n<p>A situa&ccedil;&atilde;o do Iraque e S&iacute;ria e dos pa&iacute;ses da &Aacute;frica, como Som&aacute;lia, Qu&ecirc;nia e Nig&eacute;ria, faz com que refugiados (em sua maioria crist&atilde;os) pensem na hip&oacute;tese de nunca mais voltarem &agrave;s suas casas, o que apavora a Europa e outros continentes do Ocidente.<\/p>\n<p>Por&eacute;m, a mais triste not&iacute;cia que a Portas Abertas traz de 2015 &eacute; que mais uma vez, como no ano anterior, a persegui&ccedil;&atilde;o aos crist&atilde;os piorou em todos os continentes.<\/p>\n<p>Este ano, mais viol&ecirc;ncia e menos liberdade levaram dois novos pa&iacute;ses para a lista, al&eacute;m de manter a Coreia do Norte pelo 14&ordm; ano consecutivo em<strong>primeiro lugar<\/strong> e fez com que a Eritreia subisse vertiginosamente de 9&ordm; para o <strong>terceiro lugar<\/strong> entre os pa&iacute;ses mais hostis ao crist&atilde;o.<\/p>\n<p>Veja quais s&atilde;o os pa&iacute;ses por ordem de classifica&ccedil;&atilde;o:<\/p>\n<p>1. Coreia do Norte<\/p>\n<p>2. Iraque<\/p>\n<p>3. Eritreia<\/p>\n<p>4. Afeganist&atilde;o<\/p>\n<p>5. S&iacute;ria<\/p>\n<p>6. Paquist&atilde;o<\/p>\n<p>7. Som&aacute;lia<\/p>\n<p>8. Sud&atilde;o<\/p>\n<p>9. Ir&atilde;<\/p>\n<p>10. L&iacute;bia<\/p>\n<p>11. I&ecirc;men<\/p>\n<p>12. Nig&eacute;ria<\/p>\n<p>13. Maldivas<\/p>\n<p>14. Ar&aacute;bia Saudita<\/p>\n<p>15. Uzbequist&atilde;o<\/p>\n<p>16. Qu&ecirc;nia&nbsp;<\/p>\n<p>17. &Iacute;ndia&nbsp;<\/p>\n<p>18. Eti&oacute;pia&nbsp;<\/p>\n<p>19. Turcomenist&atilde;o<\/p>\n<p>20. Vietn&atilde;<\/p>\n<p>21. Catar<\/p>\n<p>22. Egito<\/p>\n<p>23. Mianmar<\/p>\n<p>24. Territ&oacute;rios Palestinos<\/p>\n<p>25. Brunei<\/p>\n<p>26. Rep&uacute;blica Centro-Africana<\/p>\n<p>27. Jord&acirc;nia<\/p>\n<p>28. Djibuti<\/p>\n<p>29. Laos<\/p>\n<p>30. Mal&aacute;sia<\/p>\n<p>31. Tajiquist&atilde;o<\/p>\n<p>32. Tun&iacute;sia<\/p>\n<p>33. China<\/p>\n<p>34. Azerbaij&atilde;o<\/p>\n<p>35. Bangladesh<\/p>\n<p>36. Tanz&acirc;nia<\/p>\n<p>37. Arg&eacute;lia<\/p>\n<p>38. But&atilde;o<\/p>\n<p>39. Comores<\/p>\n<p>40. M&eacute;xico<\/p>\n<p>41. Kuwait<\/p>\n<p>42. Cazaquist&atilde;o<\/p>\n<p>43. Indon&eacute;sia<\/p>\n<p>44. Mali<\/p>\n<p>44. Sri Lanka<\/p>\n<p>45. Turquia<\/p>\n<p>46. Col&ocirc;mbia<\/p>\n<p>47. Emirados &Aacute;rabes Unidos<\/p>\n<p>48. Bahrein<\/p>\n<p>48. Maurit&acirc;nia<\/p>\n<p>49. N&iacute;ger<\/p>\n<p>50. Om&atilde;<\/p>\n<p><img decoding=\"async\" style=\"display: block; margin-left: auto; margin-right: auto;\" src=\"http:\/\/www.crbnacional.org.br\/site2015\/images\/Novembro\/mapa.jpg\" alt=\"mapa\" \/><\/p>\n<p>&nbsp;<\/p>\n<p>Fonte: CRB<\/p>\n<p>&nbsp;<\/p>\n<p>&nbsp;<\/p><\/p>\n","protected":false},"excerpt":{"rendered":"<p>De acordo com o Artigo 18 da Declara&ccedil;&atilde;o Universal de Direitos Humanos, de 1948, &#8220;Toda pessoa tem direito &agrave; liberdade de pensamento, consci&ecirc;ncia e religi&atilde;o; este direito inclui a liberdade de mudar de&#8230;<\/p>\n","protected":false},"author":1,"featured_media":1597,"comment_status":"open","ping_status":"open","sticky":false,"template":"","format":"standard","meta":[],"categories":[1],"tags":[],"_links":{"self":[{"href":"https:\/\/www.salvatorianas.org.br\/blog\/wp-json\/wp\/v2\/posts\/1368"}],"collection":[{"href":"https:\/\/www.salvatorianas.org.br\/blog\/wp-json\/wp\/v2\/posts"}],"about":[{"href":"https:\/\/www.salvatorianas.org.br\/blog\/wp-json\/wp\/v2\/types\/post"}],"author":[{"embeddable":true,"href":"https:\/\/www.salvatorianas.org.br\/blog\/wp-json\/wp\/v2\/users\/1"}],"replies":[{"embeddable":true,"href":"https:\/\/www.salvatorianas.org.br\/blog\/wp-json\/wp\/v2\/comments?post=1368"}],"version-history":[{"count":0,"href":"https:\/\/www.salvatorianas.org.br\/blog\/wp-json\/wp\/v2\/posts\/1368\/revisions"}],"wp:featuredmedia":[{"embeddable":true,"href":"https:\/\/www.salvatorianas.org.br\/blog\/wp-json\/wp\/v2\/media\/1597"}],"wp:attachment":[{"href":"https:\/\/www.salvatorianas.org.br\/blog\/wp-json\/wp\/v2\/media?parent=1368"}],"wp:term":[{"taxonomy":"category","embeddable":true,"href":"https:\/\/www.salvatorianas.org.br\/blog\/wp-json\/wp\/v2\/categories?post=1368"},{"taxonomy":"post_tag","embeddable":true,"href":"https:\/\/www.salvatorianas.org.br\/blog\/wp-json\/wp\/v2\/tags?post=1368"}],"curies":[{"name":"wp","href":"https:\/\/api.w.org\/{rel}","templated":true}]}}