{"id":13673,"date":"2020-05-25T07:12:55","date_gmt":"2020-05-25T07:12:55","guid":{"rendered":"https:\/\/www.salvatorianas.org.br\/blog\/?p=13673"},"modified":"2020-05-24T21:21:09","modified_gmt":"2020-05-24T21:21:09","slug":"papa-francisco-o-dom-do-entendimento","status":"publish","type":"post","link":"https:\/\/www.salvatorianas.org.br\/blog\/papa-francisco-o-dom-do-entendimento\/","title":{"rendered":"Papa Francisco \u2013 O Dom do ENTENDIMENTO"},"content":{"rendered":"\n<p>Depois\nde ter meditado sobre a sabedoria, como primeiro dos sete dons do Esp\u00edrito\nSanto, gostaria hoje de chamar a aten\u00e7\u00e3o para o segundo dom, ou seja, o<em>&nbsp;<strong>Entendimento<\/strong><\/em><strong>.<\/strong> Aqui, n\u00e3o se trata da intelig\u00eancia humana, da capacidade\nintelectual de que podemos ser mais ou menos dotados. Ao contr\u00e1rio, \u00e9 uma gra\u00e7a\nque s\u00f3 o Esp\u00edrito Santo pode infundir e que suscita no crist\u00e3o a capacidade de\nir al\u00e9m do aspecto externo da realidade e&nbsp;<em>perscrutar as profundidades\ndo pensamento de Deus e do seu des\u00edgnio de salva\u00e7\u00e3o<\/em>.<\/p>\n\n\n\n<p>Dirigindo-se\n\u00e0 comunidade de Corinto, o ap\u00f3stolo Paulo descreve bem os efeitos deste dom \u2014\nou seja, como age em n\u00f3s o dom do entendimento \u2014 e Paulo diz o seguinte:\n\u00abCoisas que os olhos n\u00e3o viram, nem os ouvidos ouviram, nem o cora\u00e7\u00e3o humano\nimaginou, tais s\u00e3o os bens que Deus preparou para aqueles que o amam. Todavia,\nDeus no-los revelou pelo seu Esp\u00edrito\u00bb (<em>1 Cor&nbsp;<\/em>2, 9-10). Obviamente,\nisto n\u00e3o significa que o crist\u00e3o pode compreender tudo e ter um conhecimento\ncompleto dos des\u00edgnios de Deus: tudo isto permanece \u00e0 espera de se manifestar\nem toda a sua limpidez, quando nos encontrarmos na presen\u00e7a de Deus e formos\nverdadeiramente um s\u00f3 com Ele.<\/p>\n\n\n\n<p>No\nentanto, como sugere a pr\u00f3pria palavra, a intelig\u00eancia permite \u00ab<em>intus\nlegere\u00bb<\/em>, ou seja, \u00abler dentro\u00bb: esta d\u00e1diva faz-nos compreender a realidade\ncomo o pr\u00f3prio Deus a entende, isto \u00e9, com a intelig\u00eancia de Deus. Porque\npodemos compreender uma situa\u00e7\u00e3o com a intelig\u00eancia humana, com prud\u00eancia, e\nisto \u00e9 um bem. Contudo, compreender uma situa\u00e7\u00e3o em profundidade, como Deus a\nentende, \u00e9 o efeito deste dom. E Jesus quis enviar-nos o Esp\u00edrito Santo para\nque tamb\u00e9m n\u00f3s tenhamos este dom, para que todos n\u00f3s consigamos entender a\nrealidade como Deus a compreende, com a intelig\u00eancia de Deus. Trata-se de um\nbonito presente que o Senhor concedeu a todos n\u00f3s. \u00c9 o dom com que o Esp\u00edrito\nSanto nos introduz na intimidade com Deus, tornando-nos part\u00edcipes do des\u00edgnio\nde amor que Ele tem em rela\u00e7\u00e3o a n\u00f3s.<\/p>\n\n\n\n<p>Ent\u00e3o,\n\u00e9 claro que o dom do entendimento est\u00e1&nbsp;<em>intimamente ligado \u00e0 f\u00e9<\/em>.\nQuando&nbsp;<em>o Esp\u00edrito Santo<\/em>&nbsp;habita o nosso cora\u00e7\u00e3o e ilumina a\nnossa mente, faz-nos crescer dia ap\u00f3s dia na&nbsp;<em>compreens\u00e3o daquilo que o\nSenhor disse e levou a cabo<\/em>. O pr\u00f3prio Jesus disse aos seus disc\u00edpulos:\nenviar-vos-ei o Esp\u00edrito Santo e Ele far-vos-\u00e1 entender tudo o que vos ensinei.\nCompreender os ensinamentos de Jesus, entender a sua Palavra, compreender o\nEvangelho, entender a Palavra de Deus. Podemos ler o Evangelho e entender algo,\nmas se lermos o Evangelho com este dom do Esp\u00edrito Santo conseguiremos\ncompreender a profundidade das palavras de Deus. Este \u00e9 um grande dom, uma\nd\u00e1diva enorme que todos n\u00f3s devemos pedir, e pedir juntos: concedei-nos, \u00f3\nSenhor, o dom do entendimento!<\/p>\n\n\n\n<p>H\u00e1 um epis\u00f3dio do Evangelho de Lucas que explica muito bem a profundidade e a for\u00e7a deste dom. Depois de ter assistido \u00e0 morte na Cruz e \u00e0 sepultura de Jesus, dois dos seus disc\u00edpulos, desiludidos e amargurados, deixam Jerusal\u00e9m e voltam para o seu povoado chamado Ema\u00fas. Enquanto caminham, Jesus ressuscitado aproxima-se deles e come\u00e7a a falar-lhes mas os seus olhos, velados pela tristeza e at\u00e9 pelo desespero, n\u00e3o s\u00e3o capazes de o reconhecer. Jesus caminha ao seu lado, mas eles sentem-se t\u00e3o tristes, t\u00e3o desesperados, que n\u00e3o o reconhecem. Contudo, quando o Senhor lhes explica as Escrituras para que compreendam que Ele devia ter sofrido e morrido para depois ressuscitar,\u00a0<em>as suas mentes abriram-se e nos seus cora\u00e7\u00f5es voltou a acender-se<\/em>\u00a0a esperan\u00e7a (cf.\u00a0<em>Lc\u00a0<\/em>24, 13-27). E \u00e9 isto que nos faz o Esp\u00edrito Santo: abre-nos a mente, abre-nos para nos fazer entender melhor, para nos levar a compreender melhor as disposi\u00e7\u00f5es de Deus, as realidades humanas, as situa\u00e7\u00f5es, tudo. O dom do entendimento \u00e9 importante para a nossa vida crist\u00e3. Pe\u00e7amos ao Senhor que nos conceda a todos este dom, a fim de nos fazer compreender, como Ele mesmo entende, as situa\u00e7\u00f5es que acontecem e para que compreendamos, sobretudo, a Palavra de Deus no Evangelho. <\/p>\n\n\n\n<p style=\"text-align:center\">_______________________________________<\/p>\n\n\n\n<p>Papa Francisco<\/p>\n","protected":false},"excerpt":{"rendered":"<p>Depois de ter meditado sobre a sabedoria, como primeiro dos sete dons do Esp\u00edrito Santo, gostaria hoje de chamar a aten\u00e7\u00e3o para o segundo dom, ou seja, o&nbsp;Entendimento. Aqui, n\u00e3o se trata da&#8230;<\/p>\n","protected":false},"author":2,"featured_media":13674,"comment_status":"open","ping_status":"open","sticky":false,"template":"","format":"standard","meta":[],"categories":[1],"tags":[],"_links":{"self":[{"href":"https:\/\/www.salvatorianas.org.br\/blog\/wp-json\/wp\/v2\/posts\/13673"}],"collection":[{"href":"https:\/\/www.salvatorianas.org.br\/blog\/wp-json\/wp\/v2\/posts"}],"about":[{"href":"https:\/\/www.salvatorianas.org.br\/blog\/wp-json\/wp\/v2\/types\/post"}],"author":[{"embeddable":true,"href":"https:\/\/www.salvatorianas.org.br\/blog\/wp-json\/wp\/v2\/users\/2"}],"replies":[{"embeddable":true,"href":"https:\/\/www.salvatorianas.org.br\/blog\/wp-json\/wp\/v2\/comments?post=13673"}],"version-history":[{"count":1,"href":"https:\/\/www.salvatorianas.org.br\/blog\/wp-json\/wp\/v2\/posts\/13673\/revisions"}],"predecessor-version":[{"id":13675,"href":"https:\/\/www.salvatorianas.org.br\/blog\/wp-json\/wp\/v2\/posts\/13673\/revisions\/13675"}],"wp:featuredmedia":[{"embeddable":true,"href":"https:\/\/www.salvatorianas.org.br\/blog\/wp-json\/wp\/v2\/media\/13674"}],"wp:attachment":[{"href":"https:\/\/www.salvatorianas.org.br\/blog\/wp-json\/wp\/v2\/media?parent=13673"}],"wp:term":[{"taxonomy":"category","embeddable":true,"href":"https:\/\/www.salvatorianas.org.br\/blog\/wp-json\/wp\/v2\/categories?post=13673"},{"taxonomy":"post_tag","embeddable":true,"href":"https:\/\/www.salvatorianas.org.br\/blog\/wp-json\/wp\/v2\/tags?post=13673"}],"curies":[{"name":"wp","href":"https:\/\/api.w.org\/{rel}","templated":true}]}}