{"id":13667,"date":"2020-05-24T16:27:40","date_gmt":"2020-05-24T16:27:40","guid":{"rendered":"https:\/\/www.salvatorianas.org.br\/blog\/?p=13667"},"modified":"2020-05-24T20:05:44","modified_gmt":"2020-05-24T20:05:44","slug":"papa-francisco-o-dom-da-sabedoria","status":"publish","type":"post","link":"https:\/\/www.salvatorianas.org.br\/blog\/papa-francisco-o-dom-da-sabedoria\/","title":{"rendered":"Papa Francisco &#8211; O Dom da SABEDORIA"},"content":{"rendered":"\n<p> Portanto o primeiro dom do Esp\u00edrito Santo, de acordo com este elenco, \u00e9 a <strong>sabedoria<\/strong>. Mas n\u00e3o se trata simplesmente da sabedoria humana, que \u00e9 fruto do conhecimento e da experi\u00eancia. Na B\u00edblia narra-se que, no momento da sua coroa\u00e7\u00e3o como rei de Israel, Salom\u00e3o tinha pedido o dom da sapi\u00eancia (cf. 1 Rs 3, 9). E a sapi\u00eancia consiste precisamente nisto: \u00e9 a gra\u00e7a de poder ver tudo com os olhos de Deus. \u00c9 simplesmente isto: ver o mundo, as situa\u00e7\u00f5es, as conjunturas e os problemas, tudo, com os olhos de Deus. Nisto consiste a sabedoria. \u00c0s vezes n\u00f3s vemos a realidade segundo o nosso prazer, ou em conformidade com a situa\u00e7\u00e3o do nosso cora\u00e7\u00e3o, com amor ou com \u00f3dio, com inveja&#8230; N\u00e3o, este n\u00e3o \u00e9 o olhar de Deus. A sabedoria \u00e9 aquilo que o Esp\u00edrito Santo realiza em n\u00f3s, a fim de vermos todas as realidades com os olhos de Deus. Este \u00e9 o dom da sabedoria. <\/p>\n\n\n\n<p> E obviamente ele deriva da <em>intimidade com Deus<\/em>, da rela\u00e7\u00e3o \u00edntima que temos com Deus, da nossa rela\u00e7\u00e3o de filhos com o Pai. E quando mantemos esta rela\u00e7\u00e3o, o Esp\u00edrito Santo concede-nos o dom da sabedoria. Quando estamos em comunh\u00e3o com o Senhor, \u00e9 como se o Esp\u00edrito Santo transfigurasse o nosso cora\u00e7\u00e3o, levando-o a sentir toda a sua veem\u00eancia e predile\u00e7\u00e3o. <\/p>\n\n\n\n<p> Assim, o Esp\u00edrito Santo torna o crist\u00e3o \u201cs\u00e1bio\u201d. Mas isto n\u00e3o no sentido que ele tem uma resposta para cada coisa, que sabe tudo, mas no sentido que \u201dsabe\u201d de Deus, sabe como Deus age, distingue quando algo \u00e9 de Deus e quando n\u00e3o o \u00e9; tem aquela sabedoria que Deus infunde nos nossos cora\u00e7\u00f5es. O cora\u00e7\u00e3o do homem s\u00e1bio, neste sentido, <em>tem o gosto e o sabor de Deus<\/em>. E como \u00e9 importante que nas nossas comunidades haja crist\u00e3os assim! Neles tudo fala de Deus, tornando-se um sinal bonito e vivo da Sua presen\u00e7a e do Seu amor. \u00c9 algo que n\u00e3o podemos improvisar, que n\u00e3o conseguimos alcan\u00e7ar sozinhos: \u00e9 um dom que Deus concede \u00e0queles que se tornam d\u00f3ceis ao Esp\u00edrito Santo. O Esp\u00edrito Santo est\u00e1 dentro de n\u00f3s, no nosso cora\u00e7\u00e3o; podemos ouvi-lo, podemos escut\u00e1-lo. Se prestarmos ouvidos ao Esp\u00edrito, Ele ensinar-nos-\u00e1 o caminho da sabedoria, incutir-nos-\u00e1 a sabedoria, que consiste em ver com os olhos de Deus, ouvir com os ouvidos de Deus, amar com o Cora\u00e7\u00e3o de Deus, julgar com o ju\u00edzo de Deus. Esta \u00e9 a sabedoria que nos confere o Esp\u00edrito Santo, e todos n\u00f3s podemos t\u00ea-la. S\u00f3 devemos pedi-la ao Esp\u00edrito Santo. <\/p>\n\n\n\n<p> Pensai numa m\u00e3e, em casa com os seus filhos; quando um deles faz algo, o segundo pensa noutra travessura e a pobre m\u00e3e vai de um lado para o outro, com os problemas das crian\u00e7as. E quando as m\u00e3es se cansam e repreendem os filhos, qual \u00e9 a sabedoria? Ralhar com os filhos \u2014 pergunto-vos \u2014 \u00e9 sabedoria? O que dizeis: \u00e9 sabedoria ou n\u00e3o? N\u00e3o! Ao contr\u00e1rio, quando a m\u00e3e pega no seu filho e o repreende docilmente, dizendo-lhe: \u201cN\u00e3o fa\u00e7as isto, por este motivo&#8230;\u201d, explicando-lhe com muita paci\u00eancia, isto \u00e9 sabedoria de Deus? Sim! \u00c9 quanto nos d\u00e1 o Esp\u00edrito Santo na vida! Al\u00e9m disso, por exemplo no matrim\u00f3nio, os dois c\u00f4njuges \u2014 o esposo e a esposa \u2014 brigam e depois n\u00e3o se olham no rosto, ou quando se olham fazem-no de cara torta: isto \u00e9 sabedoria de Deus? N\u00e3o! Ao contr\u00e1rio, quando dizem: \u201cBem, passou a tempestade, fa\u00e7amos as pazes\u201d, e retomam o caminho em frente, em paz: isto \u00e9 sabedoria? [o povo: sim!]. Eis no que consiste o dom da sabedoria! Que haja em casa, com as crian\u00e7as e com todos n\u00f3s! <\/p>\n\n\n\n<p>E isto n\u00e3o se aprende: trata-se de um dom do Esp\u00edrito Santo. Por isso, devemos pedir ao Senhor que nos conceda o Esp\u00edrito Santo e nos confira a d\u00e1diva da sabedoria, daquela sapi\u00eancia de Deus que nos ensina a ver com os olhos de Deus, a sentir com o Cora\u00e7\u00e3o de Deus e a falar com as palavras de Deus. E assim, com esta sabedoria, vamos em frente, construamos a fam\u00edlia, edifiquemos a Igreja santificando-nos a todos. Hoje pe\u00e7amos a gra\u00e7a da sabedoria. E pe\u00e7amo-la a Nossa Senhora, que \u00e9 a Sede da sabedoria, deste dom: que Ela nos conceda esta gra\u00e7a.  <\/p>\n\n\n\n<p style=\"text-align:center\">________________________________<\/p>\n\n\n\n<p>Papa Francisco<\/p>\n","protected":false},"excerpt":{"rendered":"<p>Portanto o primeiro dom do Esp\u00edrito Santo, de acordo com este elenco, \u00e9 a sabedoria. Mas n\u00e3o se trata simplesmente da sabedoria humana, que \u00e9 fruto do conhecimento e da experi\u00eancia. Na B\u00edblia&#8230;<\/p>\n","protected":false},"author":2,"featured_media":13672,"comment_status":"open","ping_status":"open","sticky":false,"template":"","format":"standard","meta":[],"categories":[1],"tags":[],"_links":{"self":[{"href":"https:\/\/www.salvatorianas.org.br\/blog\/wp-json\/wp\/v2\/posts\/13667"}],"collection":[{"href":"https:\/\/www.salvatorianas.org.br\/blog\/wp-json\/wp\/v2\/posts"}],"about":[{"href":"https:\/\/www.salvatorianas.org.br\/blog\/wp-json\/wp\/v2\/types\/post"}],"author":[{"embeddable":true,"href":"https:\/\/www.salvatorianas.org.br\/blog\/wp-json\/wp\/v2\/users\/2"}],"replies":[{"embeddable":true,"href":"https:\/\/www.salvatorianas.org.br\/blog\/wp-json\/wp\/v2\/comments?post=13667"}],"version-history":[{"count":1,"href":"https:\/\/www.salvatorianas.org.br\/blog\/wp-json\/wp\/v2\/posts\/13667\/revisions"}],"predecessor-version":[{"id":13669,"href":"https:\/\/www.salvatorianas.org.br\/blog\/wp-json\/wp\/v2\/posts\/13667\/revisions\/13669"}],"wp:featuredmedia":[{"embeddable":true,"href":"https:\/\/www.salvatorianas.org.br\/blog\/wp-json\/wp\/v2\/media\/13672"}],"wp:attachment":[{"href":"https:\/\/www.salvatorianas.org.br\/blog\/wp-json\/wp\/v2\/media?parent=13667"}],"wp:term":[{"taxonomy":"category","embeddable":true,"href":"https:\/\/www.salvatorianas.org.br\/blog\/wp-json\/wp\/v2\/categories?post=13667"},{"taxonomy":"post_tag","embeddable":true,"href":"https:\/\/www.salvatorianas.org.br\/blog\/wp-json\/wp\/v2\/tags?post=13667"}],"curies":[{"name":"wp","href":"https:\/\/api.w.org\/{rel}","templated":true}]}}