{"id":13654,"date":"2020-05-21T12:39:36","date_gmt":"2020-05-21T12:39:36","guid":{"rendered":"https:\/\/www.salvatorianas.org.br\/blog\/?p=13654"},"modified":"2020-05-22T13:10:12","modified_gmt":"2020-05-22T13:10:12","slug":"vaticano-dedica-um-ano-especial-a-enciclica-laudato-si","status":"publish","type":"post","link":"https:\/\/www.salvatorianas.org.br\/blog\/vaticano-dedica-um-ano-especial-a-enciclica-laudato-si\/","title":{"rendered":"Vaticano dedica um ano especial \u00e0 Enc\u00edclica Laudato Si\u2019"},"content":{"rendered":"\n<p>No pr\u00f3ximo domingo, 24 de maio, com a \u201cora\u00e7\u00e3o comum pela terra e a humanidade\u201d, ter\u00e1 in\u00edcio o Ano Especial dedicado \u00e0 Enc\u00edclica Laudato si\u2019. Promovido pelo Dicast\u00e9rio para o Servi\u00e7o do Desenvolvimento Humano Integral, ser\u00e1 marcado por v\u00e1rios encontros para aprofundar o tema da ecologia integral.&nbsp;O Ano Especial se concluir\u00e1 em 2021, mas tem como objetivo propor um compromisso p\u00fablico comum com a \u201csustentabilidade total\u201d a ser alcan\u00e7ada em 7 anos. Est\u00e3o envolvidas as fam\u00edlias, dioceses, ordens religiosas, universidades, escolas, unidades de sa\u00fade e o mundo dos neg\u00f3cios, com especial aten\u00e7\u00e3o \u00e0s empresas agr\u00edcolas.<\/p>\n\n\n\n<p>Assinada pelo Pont\u00edfice em 24 de maio de 2015, Solenidade de Pentecostes, e divulgada em 18 de junho do mesmo ano, o documento est\u00e1 no centro, at\u00e9 o pr\u00f3ximo domingo, da \u201cSemana\u201d especial que comemora seu quinto anivers\u00e1rio. Dividida em seis cap\u00edtulos, a Enc\u00edclica, que leva o t\u00edtulo da invoca\u00e7\u00e3o de S\u00e3o Francisco de Assis no \u201cC\u00e2ntico das criaturas\u201d, re\u00fane, na \u00f3tica da colegialidade, v\u00e1rias reflex\u00f5es das Confer\u00eancias Episcopais do mundo e se conclui com duas ora\u00e7\u00f5es, uma inter-religiosa e uma crist\u00e3, pela prote\u00e7\u00e3o da Cria\u00e7\u00e3o.<\/p>\n\n\n\n<p><strong>T\u00edtulo extra\u00eddo do C\u00e2ntico das criaturas de S\u00e3o Francisco<\/strong><\/p>\n\n\n\n<p>\u201cLaudato si\u2019, mi\u2019 Signore, per sora nostra matre Terra\u201d: Francisco de Roma coloca-se na esteira de Francisco de Assis para explicar a import\u00e2ncia de uma ecologia integral que se torna um novo paradigma de justi\u00e7a, em que a preocupa\u00e7\u00e3o com a natureza, a equidade para com os pobres, o compromisso com a sociedade, s\u00e3o insepar\u00e1veis. Nos seis cap\u00edtulos da enc\u00edclica, o Papa evidencia que a nossa terra, maltratada e saqueada, requer uma \u201cconvers\u00e3o ecol\u00f3gica\u201d, uma \u201cmudan\u00e7a de rumo\u201d, para que o homem possa assumir a responsabilidade de \u201ccuidar da casa comum\u201d. Um compromisso que tamb\u00e9m inclui a erradica\u00e7\u00e3o da mis\u00e9ria, aten\u00e7\u00e3o aos pobres e o acesso igual para todos, aos recursos do Planeta.<\/p>\n\n\n\n<p><strong>Diagn\u00f3stico detalhado dos males do Planeta<\/strong><\/p>\n\n\n\n<p>Portanto, a Enc\u00edclica faz um diagn\u00f3stico detalhado dos males do Planeta: polui\u00e7\u00e3o; mudan\u00e7as clim\u00e1ticas; desaparecimento da biodiversidade; d\u00edvida ecol\u00f3gica entre o norte e o sul do mundo, ligada a desequil\u00edbrios comerciais; antropocentrismo; predom\u00ednio da tecnocracia e das finan\u00e7as, que leva a salvar os bancos em detrimento da popula\u00e7\u00e3o; propriedade privada n\u00e3o subordinada ao destino universal dos bens. Parece prevalecer uma \u201ccultura do descarte\u201d, do usa e joga fora \u200b\u200bque leva \u00e0 explora\u00e7\u00e3o de crian\u00e7as, ao abandono dos idosos, \u00e0 redu\u00e7\u00e3o dos outros \u00e0 escravid\u00e3o e \u00e0 pr\u00e1tica do com\u00e9rcio de diamantes ensanguentados. \u00c9 a mesma l\u00f3gica de muitas m\u00e1fias, escreve Francisco, a l\u00f3gica do descarte dos nascituros que n\u00e3o correspondem aos projetos dos pais.<\/p>\n\n\n\n<p><strong>Defesa da natureza incompat\u00edvel com a justificativa do aborto<\/strong><\/p>\n\n\n\n<p>Diante de tudo isso, explica a Enc\u00edclica, \u00e9 necess\u00e1ria uma \u201crevolu\u00e7\u00e3o cultural corajosa\u201d que mantenha em primeiro plano o valor e a prote\u00e7\u00e3o de toda vida humana, porque a defesa da natureza \u201c\u00e9 incompat\u00edvel com a justificativa do aborto\u201d e \u201co abuso de qualquer criatura \u00e9 contr\u00e1rio \u00e0 dignidade humana\u201d. O Papa tamb\u00e9m reitera a necessidade de tutelar o trabalho, parte do significado da vida nesta terra, e pede o di\u00e1logo entre pol\u00edtica e economia, em nome do bem comum. No \u00e2mbito internacional, o Pont\u00edfice n\u00e3o poupa um julgamento severo sobre as c\u00fapulas mundiais relativas ao ambiente que decepcionaram as expectativas por falta de decis\u00e3o pol\u00edtica. No \u00e2mbito nacional, no entanto, Francisco exorta a pol\u00edtica a sair da l\u00f3gica do lucro imediato e da corrup\u00e7\u00e3o, em nome de processos de tomada de decis\u00e3o honestos e transparentes. Em ess\u00eancia, o que \u00e9 necess\u00e1rio \u00e9 uma nova economia, mais atenta \u00e0 \u00e9tica.<\/p>\n\n\n\n<p><strong>Forma\u00e7\u00e3o para uma ecologia integral<\/strong><\/p>\n\n\n\n<p>Certamente, sublinha a Enc\u00edclica, \u00e9 preciso investir na forma\u00e7\u00e3o para uma ecologia integral, para compreender que o ambiente \u00e9 um dom de Deus, uma heran\u00e7a comum a ser administrada, n\u00e3o para ser destru\u00edda. Bastam at\u00e9 pequenos gestos cotidianos: fazer uma coleta seletiva, n\u00e3o desperdi\u00e7ar \u00e1gua e comida, apagar as luzes desnecess\u00e1rias, cobrir-se um pouco mais em vez de ligar o aquecedor. Dessa forma, sentiremos que \u201ctemos uma responsabilidade para com os outros e com o mundo e que vale a pena ser bons e honestos\u201d. Por fim, a Enc\u00edclica nos convida a olhar os Sacramentos, em particular para a Eucaristia, que \u201cune o c\u00e9u e a terra e nos orienta a ser guardi\u00f5es de toda a Cria\u00e7\u00e3o\u201d. E ent\u00e3o \u201cLaudato si\u2019\u201d, conclui o Papa Francisco, porque \u201cal\u00e9m do sol, no final, nos encontraremos face a face com a beleza de Deus\u201d.<\/p>\n\n\n\n<p>Com informa\u00e7\u00f5es do Vatican News<em><strong><a href=\"https:\/\/www.vaticannews.va\/pt\/vaticano\/news\/2020-05\/ano-especial-laudato-si-enciclica-papa-francisco-ecologia.html\">s<\/a><\/strong><\/em><\/p>\n","protected":false},"excerpt":{"rendered":"<p>No pr\u00f3ximo domingo, 24 de maio, com a \u201cora\u00e7\u00e3o comum pela terra e a humanidade\u201d, ter\u00e1 in\u00edcio o Ano Especial dedicado \u00e0 Enc\u00edclica Laudato si\u2019. Promovido pelo Dicast\u00e9rio para o Servi\u00e7o do Desenvolvimento&#8230;<\/p>\n","protected":false},"author":2,"featured_media":13655,"comment_status":"open","ping_status":"open","sticky":false,"template":"","format":"standard","meta":[],"categories":[1],"tags":[],"_links":{"self":[{"href":"https:\/\/www.salvatorianas.org.br\/blog\/wp-json\/wp\/v2\/posts\/13654"}],"collection":[{"href":"https:\/\/www.salvatorianas.org.br\/blog\/wp-json\/wp\/v2\/posts"}],"about":[{"href":"https:\/\/www.salvatorianas.org.br\/blog\/wp-json\/wp\/v2\/types\/post"}],"author":[{"embeddable":true,"href":"https:\/\/www.salvatorianas.org.br\/blog\/wp-json\/wp\/v2\/users\/2"}],"replies":[{"embeddable":true,"href":"https:\/\/www.salvatorianas.org.br\/blog\/wp-json\/wp\/v2\/comments?post=13654"}],"version-history":[{"count":1,"href":"https:\/\/www.salvatorianas.org.br\/blog\/wp-json\/wp\/v2\/posts\/13654\/revisions"}],"predecessor-version":[{"id":13656,"href":"https:\/\/www.salvatorianas.org.br\/blog\/wp-json\/wp\/v2\/posts\/13654\/revisions\/13656"}],"wp:featuredmedia":[{"embeddable":true,"href":"https:\/\/www.salvatorianas.org.br\/blog\/wp-json\/wp\/v2\/media\/13655"}],"wp:attachment":[{"href":"https:\/\/www.salvatorianas.org.br\/blog\/wp-json\/wp\/v2\/media?parent=13654"}],"wp:term":[{"taxonomy":"category","embeddable":true,"href":"https:\/\/www.salvatorianas.org.br\/blog\/wp-json\/wp\/v2\/categories?post=13654"},{"taxonomy":"post_tag","embeddable":true,"href":"https:\/\/www.salvatorianas.org.br\/blog\/wp-json\/wp\/v2\/tags?post=13654"}],"curies":[{"name":"wp","href":"https:\/\/api.w.org\/{rel}","templated":true}]}}